{"id":2900,"date":"2020-10-13T21:45:15","date_gmt":"2020-10-14T00:45:15","guid":{"rendered":"http:\/\/miraserra.org.br\/?p=2900"},"modified":"2020-10-27T19:45:23","modified_gmt":"2020-10-27T22:45:23","slug":"cerbma-rs-recebe-ngi-aparados-da-serra","status":"publish","type":"post","link":"https:\/\/miraserra.org.br\/index.php\/2020\/10\/13\/cerbma-rs-recebe-ngi-aparados-da-serra\/","title":{"rendered":"CERBMA-RS recebe NGI Aparados da Serra"},"content":{"rendered":"\n<p>Em 13\/10, o Comit\u00ea Estadual da Reserva da Biosfera da Mata Atl\u00e2ntica (CERBMA-RS) realizou reuni\u00e3o, cujo ponto principal abordou quest\u00f5es ligadas aos Parques Nacionais Aparados da Serra e Serra Geral (NGI Aparados da Serra) <\/p>\n\n\n\n<p>Aguardada a cerca de um ano a presen\u00e7a de representa\u00e7\u00e3o dos ParNas, a reuni\u00e3o contou com a presen\u00e7a do chefe substituto do NGI Aparados de Serra ( lamentavelmente o gestor n\u00e3o pode participar)  e, apesar das v\u00e1rias altera\u00e7\u00f5es na gest\u00e3o, as respostas n\u00e3o surpreenderam por manterem a mesma postura adotada frente ao conselho consultivo daquelas UCs.<\/p>\n\n\n\n<p> O tema, caro aos conselheiros, se traduziu em questionamentos diversos ap\u00f3s a apresenta\u00e7\u00e3o disponibilizada aos presentes, caraterizada pela esmerada organiza\u00e7\u00e3o de t\u00f3picos.<\/p>\n\n\n\n<figure class=\"wp-block-gallery columns-3 is-cropped wp-block-gallery-1 is-layout-flex wp-block-gallery-is-layout-flex\"><ul class=\"blocks-gallery-grid\"><li class=\"blocks-gallery-item\"><figure><img loading=\"lazy\" decoding=\"async\" width=\"1024\" height=\"505\" src=\"http:\/\/miraserra.org.br\/wp-content\/uploads\/2020\/10\/121230757_3954600171220775_3775674443976435178_o-1024x505.jpg\" alt=\"\" data-id=\"2901\" data-full-url=\"http:\/\/miraserra.org.br\/wp-content\/uploads\/2020\/10\/121230757_3954600171220775_3775674443976435178_o.jpg\" data-link=\"http:\/\/miraserra.org.br\/?attachment_id=2901\" class=\"wp-image-2901\" srcset=\"https:\/\/miraserra.org.br\/wp-content\/uploads\/2020\/10\/121230757_3954600171220775_3775674443976435178_o-1024x505.jpg 1024w, https:\/\/miraserra.org.br\/wp-content\/uploads\/2020\/10\/121230757_3954600171220775_3775674443976435178_o-300x148.jpg 300w, https:\/\/miraserra.org.br\/wp-content\/uploads\/2020\/10\/121230757_3954600171220775_3775674443976435178_o-768x379.jpg 768w, https:\/\/miraserra.org.br\/wp-content\/uploads\/2020\/10\/121230757_3954600171220775_3775674443976435178_o.jpg 1298w\" sizes=\"auto, (max-width: 1024px) 100vw, 1024px\" \/><\/figure><\/li><li class=\"blocks-gallery-item\"><figure><img loading=\"lazy\" decoding=\"async\" width=\"960\" height=\"598\" src=\"http:\/\/miraserra.org.br\/wp-content\/uploads\/2020\/10\/121288704_3954600107887448_436967453013725419_n.jpg\" alt=\"\" data-id=\"2902\" data-full-url=\"http:\/\/miraserra.org.br\/wp-content\/uploads\/2020\/10\/121288704_3954600107887448_436967453013725419_n.jpg\" data-link=\"http:\/\/miraserra.org.br\/?attachment_id=2902\" class=\"wp-image-2902\" srcset=\"https:\/\/miraserra.org.br\/wp-content\/uploads\/2020\/10\/121288704_3954600107887448_436967453013725419_n.jpg 960w, https:\/\/miraserra.org.br\/wp-content\/uploads\/2020\/10\/121288704_3954600107887448_436967453013725419_n-300x187.jpg 300w, https:\/\/miraserra.org.br\/wp-content\/uploads\/2020\/10\/121288704_3954600107887448_436967453013725419_n-768x478.jpg 768w\" sizes=\"auto, (max-width: 960px) 100vw, 960px\" \/><\/figure><\/li><li class=\"blocks-gallery-item\"><figure><img loading=\"lazy\" decoding=\"async\" width=\"960\" height=\"507\" src=\"http:\/\/miraserra.org.br\/wp-content\/uploads\/2020\/10\/121486161_3954600061220786_6569880418778275685_n.jpg\" alt=\"\" data-id=\"2903\" data-full-url=\"http:\/\/miraserra.org.br\/wp-content\/uploads\/2020\/10\/121486161_3954600061220786_6569880418778275685_n.jpg\" data-link=\"http:\/\/miraserra.org.br\/?attachment_id=2903\" class=\"wp-image-2903\" srcset=\"https:\/\/miraserra.org.br\/wp-content\/uploads\/2020\/10\/121486161_3954600061220786_6569880418778275685_n.jpg 960w, https:\/\/miraserra.org.br\/wp-content\/uploads\/2020\/10\/121486161_3954600061220786_6569880418778275685_n-300x158.jpg 300w, https:\/\/miraserra.org.br\/wp-content\/uploads\/2020\/10\/121486161_3954600061220786_6569880418778275685_n-768x406.jpg 768w, https:\/\/miraserra.org.br\/wp-content\/uploads\/2020\/10\/121486161_3954600061220786_6569880418778275685_n-390x205.jpg 390w\" sizes=\"auto, (max-width: 960px) 100vw, 960px\" \/><\/figure><\/li><\/ul><\/figure>\n\n\n\n<p>Na sequ\u00eancia da reuni\u00e3o, houve atualiza\u00e7\u00e3o de informa\u00e7\u00f5es frente \u00e0 demanda da ONG Onda Verde, quanto ao projeto de constru\u00e7\u00e3o de um porto mar\u00edtimo em Arroio do Sal\/Torres.<\/p>\n\n\n\n<p> Em assuntos gerais, a MIRA-SERRA fez relato da apresenta\u00e7\u00e3o do Conv\u00eanio Mata Atl\u00e2ntica, no CONSEMA-RS (item que a ONG solicitou em ambos os colegiados) &#8211; veja em <a rel=\"noreferrer noopener\" href=\"http:\/\/miraserra.org.br\/index.php\/2020\/10\/08\/mata-atlantica-no-consema\/?fbclid=IwAR023jHqofKLQv82HYRK-oJDECQg5KuerdLyeLi_Q1PxwqP9fOo8BZRw4xQ\" target=\"_blank\">http:\/\/miraserra.org.br\/&#8230;\/10\/08\/mata-atlantica-no-consema\/<\/a><\/p>\n\n\n\n<p>Houve relato sobre o Parque Itapeva, pela ONG Curicaca.<\/p>\n\n\n\n<p>Destaque, ainda, foi a participa\u00e7\u00e3o de um dos dois Pontos Focais do Programa de Jovens da RBMA no estado do Rio Grande do Sul.<\/p>\n","protected":false},"excerpt":{"rendered":"<p>Em 13\/10, o Comit\u00ea Estadual da Reserva da Biosfera da Mata Atl\u00e2ntica (CERBMA-RS) realizou reuni\u00e3o, cujo ponto principal abordou quest\u00f5es<\/p>\n","protected":false},"author":1,"featured_media":2942,"comment_status":"closed","ping_status":"closed","sticky":false,"template":"","format":"standard","meta":{"colormag_page_container_layout":"default_layout","colormag_page_sidebar_layout":"default_layout","_themeisle_gutenberg_block_has_review":false,"footnotes":""},"categories":[50,55,35],"tags":[124,292,291,126,293],"class_list":["post-2900","post","type-post","status-publish","format-standard","has-post-thumbnail","hentry","category-cerbma","category-colegiados","category-parnas","tag-cerbma","tag-mata-atantica","tag-ngi-aparados-da-serra","tag-parnas","tag-rbma"],"_links":{"self":[{"href":"https:\/\/miraserra.org.br\/index.php\/wp-json\/wp\/v2\/posts\/2900","targetHints":{"allow":["GET"]}}],"collection":[{"href":"https:\/\/miraserra.org.br\/index.php\/wp-json\/wp\/v2\/posts"}],"about":[{"href":"https:\/\/miraserra.org.br\/index.php\/wp-json\/wp\/v2\/types\/post"}],"author":[{"embeddable":true,"href":"https:\/\/miraserra.org.br\/index.php\/wp-json\/wp\/v2\/users\/1"}],"replies":[{"embeddable":true,"href":"https:\/\/miraserra.org.br\/index.php\/wp-json\/wp\/v2\/comments?post=2900"}],"version-history":[{"count":1,"href":"https:\/\/miraserra.org.br\/index.php\/wp-json\/wp\/v2\/posts\/2900\/revisions"}],"predecessor-version":[{"id":2904,"href":"https:\/\/miraserra.org.br\/index.php\/wp-json\/wp\/v2\/posts\/2900\/revisions\/2904"}],"wp:featuredmedia":[{"embeddable":true,"href":"https:\/\/miraserra.org.br\/index.php\/wp-json\/wp\/v2\/media\/2942"}],"wp:attachment":[{"href":"https:\/\/miraserra.org.br\/index.php\/wp-json\/wp\/v2\/media?parent=2900"}],"wp:term":[{"taxonomy":"category","embeddable":true,"href":"https:\/\/miraserra.org.br\/index.php\/wp-json\/wp\/v2\/categories?post=2900"},{"taxonomy":"post_tag","embeddable":true,"href":"https:\/\/miraserra.org.br\/index.php\/wp-json\/wp\/v2\/tags?post=2900"}],"curies":[{"name":"wp","href":"https:\/\/api.w.org\/{rel}","templated":true}]}}