{"id":2944,"date":"2020-10-28T22:06:43","date_gmt":"2020-10-29T01:06:43","guid":{"rendered":"http:\/\/miraserra.org.br\/?p=2944"},"modified":"2020-11-02T22:07:22","modified_gmt":"2020-11-03T01:07:22","slug":"20-anos-de-mira-serra","status":"publish","type":"post","link":"https:\/\/miraserra.org.br\/index.php\/2020\/10\/28\/20-anos-de-mira-serra\/","title":{"rendered":"20 ANOS de MIRA-SERRA"},"content":{"rendered":"\n<p class=\"has-text-color has-background has-text-align-center has-very-dark-gray-color has-light-green-cyan-background-color\"><strong>O Instituto MIRA-SERRA em n\u00fameros b\u00e1sicos:<\/strong><br><\/p>\n\n\n\n<p class=\"has-text-color has-background has-text-align-center has-very-dark-gray-color has-light-green-cyan-background-color\">-Participa\u00e7\u00e3o ativa em 20 colegiados\/CTs<br> -Atua\u00e7\u00e3o constante em 4 coletivos ambientalistas<br>-Encaminhamento de 11 A\u00e7\u00f5es Civis P\u00fablicas\/Representa\u00e7\u00f5es no RS ao Minist\u00e9rio P\u00fablico Estadual\/Federal e v\u00e1rias outras pelo coletivo nacional ao MPF\/PGR <br>&#8211; Aux\u00edlio\/orienta\u00e7\u00e3o \u00e0 5 propriet\u00e1rios para cria\u00e7\u00e3o de RPPN<br>&#8211; Elabora\u00e7\u00e3o de 3 Planos Municipais de Mata Atl\u00e2nica e outro em curso<br> &#8211; Vencedora de 4 editais p\u00fablicos (1 Federal\/2 Estaduais), e uma concorr\u00eancia regional<br>&#8211; 7 exposi\u00e7\u00f5es paradid\u00e1ticas<br>&#8211; subscri\u00e7\u00e3o e divulga\u00e7\u00e3o de in\u00fameros manifestos e campanhas&#8230;<\/p>\n\n\n\n<figure class=\"wp-block-image size-large\"><img loading=\"lazy\" decoding=\"async\" width=\"1024\" height=\"576\" src=\"http:\/\/miraserra.org.br\/wp-content\/uploads\/2020\/11\/aniver-20-1024x576.jpg\" alt=\"\" class=\"wp-image-2945\" srcset=\"https:\/\/miraserra.org.br\/wp-content\/uploads\/2020\/11\/aniver-20-1024x576.jpg 1024w, https:\/\/miraserra.org.br\/wp-content\/uploads\/2020\/11\/aniver-20-300x169.jpg 300w, https:\/\/miraserra.org.br\/wp-content\/uploads\/2020\/11\/aniver-20-768x432.jpg 768w, https:\/\/miraserra.org.br\/wp-content\/uploads\/2020\/11\/aniver-20.jpg 1366w\" sizes=\"auto, (max-width: 1024px) 100vw, 1024px\" \/><figcaption>Presen\u00e7a registrada de alguns integrantes da MIRA-SERRA, em brinde pela data! <\/figcaption><\/figure>\n\n\n\n<p><\/p>\n","protected":false},"excerpt":{"rendered":"<p>O Instituto MIRA-SERRA em n\u00fameros b\u00e1sicos: -Participa\u00e7\u00e3o ativa em 20 colegiados\/CTs -Atua\u00e7\u00e3o constante em 4 coletivos ambientalistas-Encaminhamento de 11 A\u00e7\u00f5es<\/p>\n","protected":false},"author":1,"featured_media":2744,"comment_status":"closed","ping_status":"closed","sticky":false,"template":"","format":"standard","meta":{"colormag_page_container_layout":"default_layout","colormag_page_sidebar_layout":"default_layout","_themeisle_gutenberg_block_has_review":false,"footnotes":""},"categories":[77,26,73],"tags":[301,106],"class_list":["post-2944","post","type-post","status-publish","format-standard","has-post-thumbnail","hentry","category-agenda","category-eventos","category-noticias","tag-20-anos","tag-aniversario"],"_links":{"self":[{"href":"https:\/\/miraserra.org.br\/index.php\/wp-json\/wp\/v2\/posts\/2944","targetHints":{"allow":["GET"]}}],"collection":[{"href":"https:\/\/miraserra.org.br\/index.php\/wp-json\/wp\/v2\/posts"}],"about":[{"href":"https:\/\/miraserra.org.br\/index.php\/wp-json\/wp\/v2\/types\/post"}],"author":[{"embeddable":true,"href":"https:\/\/miraserra.org.br\/index.php\/wp-json\/wp\/v2\/users\/1"}],"replies":[{"embeddable":true,"href":"https:\/\/miraserra.org.br\/index.php\/wp-json\/wp\/v2\/comments?post=2944"}],"version-history":[{"count":1,"href":"https:\/\/miraserra.org.br\/index.php\/wp-json\/wp\/v2\/posts\/2944\/revisions"}],"predecessor-version":[{"id":2946,"href":"https:\/\/miraserra.org.br\/index.php\/wp-json\/wp\/v2\/posts\/2944\/revisions\/2946"}],"wp:featuredmedia":[{"embeddable":true,"href":"https:\/\/miraserra.org.br\/index.php\/wp-json\/wp\/v2\/media\/2744"}],"wp:attachment":[{"href":"https:\/\/miraserra.org.br\/index.php\/wp-json\/wp\/v2\/media?parent=2944"}],"wp:term":[{"taxonomy":"category","embeddable":true,"href":"https:\/\/miraserra.org.br\/index.php\/wp-json\/wp\/v2\/categories?post=2944"},{"taxonomy":"post_tag","embeddable":true,"href":"https:\/\/miraserra.org.br\/index.php\/wp-json\/wp\/v2\/tags?post=2944"}],"curies":[{"name":"wp","href":"https:\/\/api.w.org\/{rel}","templated":true}]}}