{"id":2965,"date":"2020-11-18T23:24:56","date_gmt":"2020-11-19T02:24:56","guid":{"rendered":"http:\/\/miraserra.org.br\/?p=2965"},"modified":"2020-11-18T23:26:11","modified_gmt":"2020-11-19T02:26:11","slug":"se-inscreva-participe","status":"publish","type":"post","link":"https:\/\/miraserra.org.br\/index.php\/2020\/11\/18\/se-inscreva-participe\/","title":{"rendered":"SE INSCREVA, PARTICIPE!"},"content":{"rendered":"\n<p class=\"has-text-align-center has-large-font-size\"><strong><a href=\"https:\/\/rmc2020.waita.org\/\">II Workshop de Reabilita\u00e7\u00e3o Monitoramento e Conserva\u00e7\u00e3o de Fauna Silvestre<\/a><\/strong><\/p>\n\n\n\n<figure class=\"wp-block-image size-large\"><img loading=\"lazy\" decoding=\"async\" width=\"1024\" height=\"513\" src=\"http:\/\/miraserra.org.br\/wp-content\/uploads\/2020\/11\/Captura-de-Tela-134-1024x513.png\" alt=\"\" class=\"wp-image-2966\" srcset=\"https:\/\/miraserra.org.br\/wp-content\/uploads\/2020\/11\/Captura-de-Tela-134-1024x513.png 1024w, https:\/\/miraserra.org.br\/wp-content\/uploads\/2020\/11\/Captura-de-Tela-134-300x150.png 300w, https:\/\/miraserra.org.br\/wp-content\/uploads\/2020\/11\/Captura-de-Tela-134-768x385.png 768w, https:\/\/miraserra.org.br\/wp-content\/uploads\/2020\/11\/Captura-de-Tela-134.png 1279w\" sizes=\"auto, (max-width: 1024px) 100vw, 1024px\" \/><figcaption><a href=\"https:\/\/rmc2020.waita.org\/\">https:\/\/rmc2020.waita.org\/<\/a><\/figcaption><\/figure>\n\n\n\n<figure class=\"wp-block-image size-large\"><img loading=\"lazy\" decoding=\"async\" width=\"1024\" height=\"557\" src=\"http:\/\/miraserra.org.br\/wp-content\/uploads\/2020\/11\/Captura-de-Tela-136-1024x557.png\" alt=\"\" class=\"wp-image-2967\" srcset=\"https:\/\/miraserra.org.br\/wp-content\/uploads\/2020\/11\/Captura-de-Tela-136-1024x557.png 1024w, https:\/\/miraserra.org.br\/wp-content\/uploads\/2020\/11\/Captura-de-Tela-136-300x163.png 300w, https:\/\/miraserra.org.br\/wp-content\/uploads\/2020\/11\/Captura-de-Tela-136-768x417.png 768w, https:\/\/miraserra.org.br\/wp-content\/uploads\/2020\/11\/Captura-de-Tela-136.png 1047w\" sizes=\"auto, (max-width: 1024px) 100vw, 1024px\" \/><figcaption>Instituto MIRA-SERRA participar\u00e1 nos temas do &#8220;Espa\u00e7o de Discuss\u00e3o&#8221;<\/figcaption><\/figure>\n","protected":false},"excerpt":{"rendered":"<p>II Workshop de Reabilita\u00e7\u00e3o Monitoramento e Conserva\u00e7\u00e3o de Fauna Silvestre<\/p>\n","protected":false},"author":1,"featured_media":2966,"comment_status":"closed","ping_status":"closed","sticky":false,"template":"","format":"standard","meta":{"colormag_page_container_layout":"default_layout","colormag_page_sidebar_layout":"default_layout","_themeisle_gutenberg_block_has_review":false,"footnotes":""},"categories":[26,73],"tags":[153,305],"class_list":["post-2965","post","type-post","status-publish","format-standard","has-post-thumbnail","hentry","category-eventos","category-noticias","tag-fauna","tag-workshop"],"_links":{"self":[{"href":"https:\/\/miraserra.org.br\/index.php\/wp-json\/wp\/v2\/posts\/2965","targetHints":{"allow":["GET"]}}],"collection":[{"href":"https:\/\/miraserra.org.br\/index.php\/wp-json\/wp\/v2\/posts"}],"about":[{"href":"https:\/\/miraserra.org.br\/index.php\/wp-json\/wp\/v2\/types\/post"}],"author":[{"embeddable":true,"href":"https:\/\/miraserra.org.br\/index.php\/wp-json\/wp\/v2\/users\/1"}],"replies":[{"embeddable":true,"href":"https:\/\/miraserra.org.br\/index.php\/wp-json\/wp\/v2\/comments?post=2965"}],"version-history":[{"count":1,"href":"https:\/\/miraserra.org.br\/index.php\/wp-json\/wp\/v2\/posts\/2965\/revisions"}],"predecessor-version":[{"id":2968,"href":"https:\/\/miraserra.org.br\/index.php\/wp-json\/wp\/v2\/posts\/2965\/revisions\/2968"}],"wp:featuredmedia":[{"embeddable":true,"href":"https:\/\/miraserra.org.br\/index.php\/wp-json\/wp\/v2\/media\/2966"}],"wp:attachment":[{"href":"https:\/\/miraserra.org.br\/index.php\/wp-json\/wp\/v2\/media?parent=2965"}],"wp:term":[{"taxonomy":"category","embeddable":true,"href":"https:\/\/miraserra.org.br\/index.php\/wp-json\/wp\/v2\/categories?post=2965"},{"taxonomy":"post_tag","embeddable":true,"href":"https:\/\/miraserra.org.br\/index.php\/wp-json\/wp\/v2\/tags?post=2965"}],"curies":[{"name":"wp","href":"https:\/\/api.w.org\/{rel}","templated":true}]}}