{"id":3023,"date":"2020-12-04T22:31:59","date_gmt":"2020-12-05T01:31:59","guid":{"rendered":"http:\/\/miraserra.org.br\/?p=3023"},"modified":"2020-12-04T22:35:09","modified_gmt":"2020-12-05T01:35:09","slug":"final-de-ano-com-muita-acao","status":"publish","type":"post","link":"https:\/\/miraserra.org.br\/index.php\/2020\/12\/04\/final-de-ano-com-muita-acao\/","title":{"rendered":"Final de ano com muita a\u00e7\u00e3o"},"content":{"rendered":"\n<p>Semana trabalhada em proposi\u00e7\u00f5es de textos para Mo\u00e7\u00e3o de Recomenda\u00e7\u00e3o CONSEMA-RS e para encaminhamentos aos Minist\u00e9rios P\u00fablicos Estadual e Federal bem como articula\u00e7\u00e3o para novo projeto em parceria com Universidade. E, reuni\u00f5es de Conselhos e Coletivos na \u00e1rea ambiental&#8230;como sempre! Novos associados estar\u00e3o assumindo frentes que a entidade n\u00e3o tinha participa\u00e7\u00e3o frequente, como a da sa\u00fade sem agrot\u00f3xicos.<\/p>\n\n\n\n<figure class=\"wp-block-image size-large\"><img loading=\"lazy\" decoding=\"async\" width=\"1024\" height=\"329\" src=\"http:\/\/miraserra.org.br\/wp-content\/uploads\/2020\/12\/129955882_4100812906599500_2141003324722521218_o-1024x329.jpg\" alt=\"\" class=\"wp-image-3025\" srcset=\"https:\/\/miraserra.org.br\/wp-content\/uploads\/2020\/12\/129955882_4100812906599500_2141003324722521218_o-1024x329.jpg 1024w, https:\/\/miraserra.org.br\/wp-content\/uploads\/2020\/12\/129955882_4100812906599500_2141003324722521218_o-300x96.jpg 300w, https:\/\/miraserra.org.br\/wp-content\/uploads\/2020\/12\/129955882_4100812906599500_2141003324722521218_o-768x247.jpg 768w, https:\/\/miraserra.org.br\/wp-content\/uploads\/2020\/12\/129955882_4100812906599500_2141003324722521218_o.jpg 1192w\" sizes=\"auto, (max-width: 1024px) 100vw, 1024px\" \/><figcaption>Teste na plataforma on line para o II Workshop de Reabilita\u00e7\u00e3o, Monitoramento e Conserva\u00e7\u00e3o de Fauna Silvestre onde a MIRA-SERRA \u00e9 convidada para o &#8220;Espa\u00e7o de Discuss\u00e3o&#8221; no dia 10\/12 (<a rel=\"noreferrer noopener\" href=\"https:\/\/rmc2020.waita.org\/?fbclid=IwAR1TL7kQ6dVPucRCje2m-uauJQEA0ZSn81L0teh1e200fcNqSrUc2LYN9eA\" target=\"_blank\">https:\/\/rmc2020.waita.org\/<\/a>)<\/figcaption><\/figure>\n\n\n\n<figure class=\"wp-block-image size-large is-resized\"><img loading=\"lazy\" decoding=\"async\" src=\"http:\/\/miraserra.org.br\/wp-content\/uploads\/2020\/12\/129913502_4100849613262496_2578339538998159426_o-1024x576.png\" alt=\"\" class=\"wp-image-3026\" width=\"1024\" height=\"576\" srcset=\"https:\/\/miraserra.org.br\/wp-content\/uploads\/2020\/12\/129913502_4100849613262496_2578339538998159426_o-1024x576.png 1024w, https:\/\/miraserra.org.br\/wp-content\/uploads\/2020\/12\/129913502_4100849613262496_2578339538998159426_o-300x169.png 300w, https:\/\/miraserra.org.br\/wp-content\/uploads\/2020\/12\/129913502_4100849613262496_2578339538998159426_o-768x432.png 768w, https:\/\/miraserra.org.br\/wp-content\/uploads\/2020\/12\/129913502_4100849613262496_2578339538998159426_o.png 1366w\" sizes=\"auto, (max-width: 1024px) 100vw, 1024px\" \/><figcaption>Reuni\u00e3o da Comiss\u00e3o de Assessoramento do Comit\u00ea de Gerenciamento da Bacia Hidrogr\u00e1fica do Rio Ca\u00ed: delibera\u00e7\u00e3o para o Instituto MIRA-SERRA elaborar minuta de apresenta\u00e7\u00e3o sobre Planos de Mata Atl\u00e2ntica em converg\u00eancia com o Plano de Bacia. Estar\u00e1 na pauta da Plen\u00e1ria em 15\/12.<\/figcaption><\/figure>\n\n\n\n<figure class=\"wp-block-image size-large\"><img loading=\"lazy\" decoding=\"async\" width=\"1024\" height=\"576\" src=\"http:\/\/miraserra.org.br\/wp-content\/uploads\/2020\/12\/128592600_4100849779929146_3124320340682034406_o-1024x576.png\" alt=\"\" class=\"wp-image-3024\" srcset=\"https:\/\/miraserra.org.br\/wp-content\/uploads\/2020\/12\/128592600_4100849779929146_3124320340682034406_o-1024x576.png 1024w, https:\/\/miraserra.org.br\/wp-content\/uploads\/2020\/12\/128592600_4100849779929146_3124320340682034406_o-300x169.png 300w, https:\/\/miraserra.org.br\/wp-content\/uploads\/2020\/12\/128592600_4100849779929146_3124320340682034406_o-768x432.png 768w, https:\/\/miraserra.org.br\/wp-content\/uploads\/2020\/12\/128592600_4100849779929146_3124320340682034406_o.png 1366w\" sizes=\"auto, (max-width: 1024px) 100vw, 1024px\" \/><figcaption>Plan\u00edcie de Inunda\u00e7\u00e3o foi um dos outros itens tratados nesta reuni\u00e3o da CPA do Comit\u00ea Ca\u00ed.<\/figcaption><\/figure>\n\n\n\n<figure class=\"wp-block-image size-large\"><img loading=\"lazy\" decoding=\"async\" width=\"1024\" height=\"485\" src=\"http:\/\/miraserra.org.br\/wp-content\/uploads\/2020\/12\/130095282_4100813039932820_7869837825099847347_o-1024x485.jpg\" alt=\"\" class=\"wp-image-3027\" srcset=\"https:\/\/miraserra.org.br\/wp-content\/uploads\/2020\/12\/130095282_4100813039932820_7869837825099847347_o-1024x485.jpg 1024w, https:\/\/miraserra.org.br\/wp-content\/uploads\/2020\/12\/130095282_4100813039932820_7869837825099847347_o-300x142.jpg 300w, https:\/\/miraserra.org.br\/wp-content\/uploads\/2020\/12\/130095282_4100813039932820_7869837825099847347_o-768x364.jpg 768w, https:\/\/miraserra.org.br\/wp-content\/uploads\/2020\/12\/130095282_4100813039932820_7869837825099847347_o.jpg 1140w\" sizes=\"auto, (max-width: 1024px) 100vw, 1024px\" \/><figcaption>Um dos destaques na reuni\u00e3o dos Conselhos da Esta\u00e7\u00e3o Ecol\u00f3gica Aratinga e da APA Rota do Sol, onde a coordenadora-presidente da MIRA-SERRA representa o Comit\u00ea Estadual da Reserva da Biosfera da Mata Atl\u00e2ntica-RS.<\/figcaption><\/figure>\n","protected":false},"excerpt":{"rendered":"<p>Semana trabalhada em proposi\u00e7\u00f5es de textos para Mo\u00e7\u00e3o de Recomenda\u00e7\u00e3o CONSEMA-RS e para encaminhamentos aos Minist\u00e9rios P\u00fablicos Estadual e Federal<\/p>\n","protected":false},"author":1,"featured_media":3026,"comment_status":"closed","ping_status":"closed","sticky":false,"template":"","format":"standard","meta":{"colormag_page_container_layout":"default_layout","colormag_page_sidebar_layout":"default_layout","_themeisle_gutenberg_block_has_review":false,"footnotes":""},"categories":[50,55,59,37,1],"tags":[310,223,259,153,292,311,309],"class_list":["post-3023","post","type-post","status-publish","format-standard","has-post-thumbnail","hentry","category-cerbma","category-colegiados","category-comites-de-bacia-hidrografica","category-mata-atlantica","category-menu","tag-aratinga","tag-comite-cai","tag-cpa","tag-fauna","tag-mata-atantica","tag-rota-do-sol","tag-unidades-de-conservacao"],"_links":{"self":[{"href":"https:\/\/miraserra.org.br\/index.php\/wp-json\/wp\/v2\/posts\/3023","targetHints":{"allow":["GET"]}}],"collection":[{"href":"https:\/\/miraserra.org.br\/index.php\/wp-json\/wp\/v2\/posts"}],"about":[{"href":"https:\/\/miraserra.org.br\/index.php\/wp-json\/wp\/v2\/types\/post"}],"author":[{"embeddable":true,"href":"https:\/\/miraserra.org.br\/index.php\/wp-json\/wp\/v2\/users\/1"}],"replies":[{"embeddable":true,"href":"https:\/\/miraserra.org.br\/index.php\/wp-json\/wp\/v2\/comments?post=3023"}],"version-history":[{"count":1,"href":"https:\/\/miraserra.org.br\/index.php\/wp-json\/wp\/v2\/posts\/3023\/revisions"}],"predecessor-version":[{"id":3028,"href":"https:\/\/miraserra.org.br\/index.php\/wp-json\/wp\/v2\/posts\/3023\/revisions\/3028"}],"wp:featuredmedia":[{"embeddable":true,"href":"https:\/\/miraserra.org.br\/index.php\/wp-json\/wp\/v2\/media\/3026"}],"wp:attachment":[{"href":"https:\/\/miraserra.org.br\/index.php\/wp-json\/wp\/v2\/media?parent=3023"}],"wp:term":[{"taxonomy":"category","embeddable":true,"href":"https:\/\/miraserra.org.br\/index.php\/wp-json\/wp\/v2\/categories?post=3023"},{"taxonomy":"post_tag","embeddable":true,"href":"https:\/\/miraserra.org.br\/index.php\/wp-json\/wp\/v2\/tags?post=3023"}],"curies":[{"name":"wp","href":"https:\/\/api.w.org\/{rel}","templated":true}]}}