{"id":3032,"date":"2020-12-21T19:39:37","date_gmt":"2020-12-21T22:39:37","guid":{"rendered":"http:\/\/miraserra.org.br\/?p=3032"},"modified":"2022-11-07T09:30:35","modified_gmt":"2022-11-07T12:30:35","slug":"conheca-o-gato-do-mato-pequeno-da-campanha-pela-fauna-na-mata-atlantica","status":"publish","type":"post","link":"https:\/\/miraserra.org.br\/index.php\/2020\/12\/21\/conheca-o-gato-do-mato-pequeno-da-campanha-pela-fauna-na-mata-atlantica\/","title":{"rendered":"CONHE\u00c7A O GATO-DO-MATO-PEQUENO, da campanha pela FAUNA na MATA ATL\u00c2NTICA"},"content":{"rendered":"\n<p><\/p>\n\n\n\n<p class=\"has-text-align-center\"><strong>Confira tamanhos e valores das nossas camiseta no <a href=\"https:\/\/www.sitiodobem.com.br\/lojas-de-marcas\/instituto-mira-serra\">SITIO DO BEM<\/a>, entidade parceira da MIRA-SERRA <\/strong><\/p>\n\n\n\n<div class=\"wp-block-group is-layout-flow wp-block-group-is-layout-flow\">\n<div class=\"wp-block-media-text alignwide is-stacked-on-mobile\"><figure class=\"wp-block-media-text__media\"><img loading=\"lazy\" decoding=\"async\" width=\"1024\" height=\"682\" src=\"http:\/\/miraserra.org.br\/wp-content\/uploads\/2020\/12\/gato-do-mato-pequeno-2-2-1024x682.jpg\" alt=\"\" class=\"wp-image-3058 size-full\" srcset=\"https:\/\/miraserra.org.br\/wp-content\/uploads\/2020\/12\/gato-do-mato-pequeno-2-2-1024x682.jpg 1024w, https:\/\/miraserra.org.br\/wp-content\/uploads\/2020\/12\/gato-do-mato-pequeno-2-2-300x200.jpg 300w, https:\/\/miraserra.org.br\/wp-content\/uploads\/2020\/12\/gato-do-mato-pequeno-2-2-768x512.jpg 768w, https:\/\/miraserra.org.br\/wp-content\/uploads\/2020\/12\/gato-do-mato-pequeno-2-2.jpg 1280w\" sizes=\"auto, (max-width: 1024px) 100vw, 1024px\" \/><\/figure><div class=\"wp-block-media-text__content\">\n<figure class=\"wp-block-image size-large is-style-default\"><img loading=\"lazy\" decoding=\"async\" width=\"1024\" height=\"665\" src=\"http:\/\/miraserra.org.br\/wp-content\/uploads\/2020\/12\/gato-do-mato-pequeno-estampa-2-1024x665.jpg\" alt=\"\" class=\"wp-image-3059\" srcset=\"https:\/\/miraserra.org.br\/wp-content\/uploads\/2020\/12\/gato-do-mato-pequeno-estampa-2-1024x665.jpg 1024w, https:\/\/miraserra.org.br\/wp-content\/uploads\/2020\/12\/gato-do-mato-pequeno-estampa-2-300x195.jpg 300w, https:\/\/miraserra.org.br\/wp-content\/uploads\/2020\/12\/gato-do-mato-pequeno-estampa-2-768x499.jpg 768w, https:\/\/miraserra.org.br\/wp-content\/uploads\/2020\/12\/gato-do-mato-pequeno-estampa-2.jpg 1280w\" sizes=\"auto, (max-width: 1024px) 100vw, 1024px\" \/><\/figure>\n\n\n\n<p>Imagens do felino, gentilmente, cedidas pelo fot\u00f3grafo Gustavo Pedro &#8211; autor da bela publica\u00e7\u00e3o <br><strong>Parque Estadual dos Tr\u00eas Picos<\/strong>.+ Tr\u00eas Picos State Park. Rio de Janeiro: Luminatti Editora, 2017. 240p.il. ISBN 978-85-93621-00-0<\/p>\n<\/div><\/div>\n<\/div>\n\n\n\n<p class=\"has-text-align-center has-black-color has-text-color has-background has-medium-font-size\" style=\"background-color:#07fda3\">Nome popular:<strong> Gato-do-mato-pequeno<br><\/strong>Nome cient\u00edfico: <strong><em>Leopardus guttulus<\/em><\/strong><\/p>\n\n\n\n<p><strong>Texto:<\/strong> Bi\u00f3l.MSc. Lisiane Becker<\/p>\n\n\n\n<p class=\"has-black-color has-text-color has-background\" style=\"background-color:#fbe7b1\"><font style=\"vertical-align: inherit;\"><font style=\"font-weight: bold; vertical-align: inherit;\">CARACTER\u00cdSTICAS: s\u00e3o semelhantes ao gato dom\u00e9stico, pesando at\u00e9 3kg. <\/font><font style=\"font-weight: bold; vertical-align: inherit;\">\u00c9 a menor esp\u00e9cie de felino silvestre no Brasil e, a menor segunda da Am\u00e9rica do Sul. <\/font><font style=\"font-weight: bold; vertical-align: inherit;\">Apresentam \u201crosetas\u201d \u2013 popularmente chamadas de pintas, que tendem a ser pequenas, na maioria das vezes abertas e adensadas, e a interpreta\u00e7\u00e3o de fundo \u00e9 amarelada. <\/font><font style=\"vertical-align: inherit;\"><b>Os pelos s\u00e3o <\/b><\/font><\/font>voltados <strong><font style=\"vertical-align: inherit;\"><font style=\"vertical-align: inherit;\">\u200b\u200bpara tr\u00e1s. <\/font><font style=\"vertical-align: inherit;\">Como em algumas outras esp\u00e9cies, podem ser vistos Gatos-do-mato-pequeno totalmente pretos (=melanismo).<\/font><\/font><\/strong><\/p>\n\n\n\n<p class=\"has-background\" style=\"background-color:#f2f6b7\"><strong>COMO VIVEM:<\/strong> De h\u00e1bito solit\u00e1rio, noturno-crepuscular (mas, tamb\u00e9m, com atividades diurnas), o <em>L. gutullus<\/em> \u00e9 terrestre, apresentando desenvoltura na vegeta\u00e7\u00e3o arb\u00f3rea. Para procriar, n\u00e3o h\u00e1 \u00e9poca do ano espec\u00edfica . A gesta\u00e7\u00e3o \u00e9 de 73-78 dias, nascendo de 1 a 4 filhotes. <\/p>\n\n\n\n<p class=\"has-text-align-center has-black-color has-text-color has-background\" style=\"background-color:#c8e0f5\"><strong>Eis uma hist\u00f3ria interessante e complicada sobre Gatos-do-mato-oequenos: <\/strong><br>At\u00e9 poucos anos atr\u00e1s, ningu\u00e9m acreditaria que os Gatos-do-mato-pequeno das regi\u00f5es do pa\u00eds, sendo t\u00e3o parecidos entre si, n\u00e3o seriam todos da mesma esp\u00e9cie.<br>No entanto, estudos gen\u00e9ticos recentes mostraram que se tratam de esp\u00e9cies diferentes: &nbsp;<br><em>Leopardus guttulus<\/em> \u00e9 o Gato-do-mato da regi\u00e3o sul\/sudeste e, o <em>Leopardus tigrinus<\/em> ,\u00e9 o Gato-do-mato-pequeno encontrado no norte\/ nordeste.<br>Para complicar ainda mais, foi constatado que existem popula\u00e7\u00f5es puras e popula\u00e7\u00f5es h\u00edbridas destes Gatos-do-mato. <a>&nbsp;<\/a><br>Foi no Rio Grande do Sul \/ Brasil que estudos, conduzidos entre 1993 e 2004, cogitaram a possibilidade de haver hibrida\u00e7\u00e3o entre as esp\u00e9cies <em>Leopardus tigrinus<\/em> e <em>Leopardus geoffroyi,<\/em> devido a observa\u00e7\u00e3o de indiv\u00edduos portadores de fen\u00f3tipos (= manifesta\u00e7\u00e3o vis\u00edvel da composi\u00e7\u00e3o gen\u00e9tica) intermedi\u00e1rios para o porte corporal e padr\u00f5es de pelagem<a href=\"#_ftn1\">[1]<\/a><em>.<\/em><br><em> <\/em>Estes dois fel\u00eddeos s\u00e3o alop\u00e1tricos (= popula\u00e7\u00f5es que est\u00e3o geograficamente isoladas). <br>Entretanto, a exist\u00eancia de uma zona de contato entre eles, que inclui o Rio Grande do Sul, oportunizou a hibrida\u00e7\u00e3o destas esp\u00e9cies distintas. <br>O trabalho de Lehugeur<a href=\"#_ftn2\">[2]<\/a> sugere, tamb\u00e9m, a \u201c<em>produ\u00e7\u00e3o de uma prole vi\u00e1vel e no m\u00ednimo parcialmente f\u00e9rtil, capaz de cruzar entre si e\/ou com uma ou ambas as esp\u00e9cies parentais. (&#8230;) Os resultados aqui encontrados sugerem uma hibrida\u00e7\u00e3o relativamente recente e provavelmente atual\u201d.&nbsp;<\/em><br>E, o mais curioso, \u00e9 que os Gatos-do-mato-pequenos do norte\/nordeste n\u00e3o se cruzam com os do sudeste\/sul!&nbsp; \u00c9 o primeiro caso de esp\u00e9cies cr\u00edpticas (= morfologicamente iguais mas, que n\u00e3o se intercruzam) registrado para gatos.[3]<\/p>\n\n\n\n<p class=\"has-background\" style=\"background-color:#f2f6b7\"><strong>ONDE EST\u00c3O:<\/strong>  encontrado no bioma Mata Atl\u00e2ntica e ecossistemas associados. \u201cA \u00e1rea de vida ainda \u00e9 pouco conhecida para a esp\u00e9cie, variando entre 1 e 25 km2 dependendo da disponibilidade de recursos\u201d [4]. <\/p>\n\n\n\n<p class=\"has-black-color has-text-color has-background\" style=\"background-color:#f3f1ba\"><strong>DO QUE SE ALIMENTAM:<\/strong> \u201cA dieta \u00e9 especialmente \u00e0 base de mam\u00edferos muito pequenos (&lt; 100 g), sendo a presen\u00e7a de aves e r\u00e9pteis tamb\u00e9m bastante representativa. Mam\u00edferos de maior porte (&gt; 700 g), inclusive cutias e pacas\u201d<sup>4<\/sup>. \u201cA quantidade de roedores presente demonstra o papel no equil\u00edbrio destes animais. Deste modo, <em>L. guttulus<\/em> pode ser considerado uma esp\u00e9cie chave para a manuten\u00e7\u00e3o e equil\u00edbrio do ambiente em que vive\u201d.[5]<\/p>\n\n\n\n<figure class=\"wp-block-image aligncenter size-large is-style-default\"><img loading=\"lazy\" decoding=\"async\" width=\"750\" height=\"707\" src=\"http:\/\/miraserra.org.br\/wp-content\/uploads\/2020\/12\/camiseta-gato-do-mato-pequeno.jpg\" alt=\"\" class=\"wp-image-3052\" srcset=\"https:\/\/miraserra.org.br\/wp-content\/uploads\/2020\/12\/camiseta-gato-do-mato-pequeno.jpg 750w, https:\/\/miraserra.org.br\/wp-content\/uploads\/2020\/12\/camiseta-gato-do-mato-pequeno-300x283.jpg 300w\" sizes=\"auto, (max-width: 750px) 100vw, 750px\" \/><figcaption class=\"wp-element-caption\">Imagem do felino utilizado na estampa,   gentilmente cedida pelo fot\u00f3grafo Gustavo Pedro &#8211; autor da bela publica\u00e7\u00e3o<br><strong>Parque Estadual dos Tr\u00eas Picos<\/strong>.+ Tr\u00eas Picos State Park. Rio de Janeiro: Luminatti Editora, 2017. 240p.il. ISBN 978-85-93621-00-0<\/figcaption><\/figure>\n\n\n\n<p class=\"has-text-align-center\"><strong>Confira tamanhos e valores das nossas camiseta no <a href=\"https:\/\/www.sitiodobem.com.br\/lojas-de-marcas\/instituto-mira-serra\">SITIO DO BEM<\/a>, entidade parceira da MIRA-SERRA<\/strong><\/p>\n\n\n\n<p class=\"has-text-align-center has-black-color has-text-color has-background\" style=\"background-color:#f1c174\"><strong>ESTADO DE CONSERVA\u00c7\u00c3O:<\/strong><br> <strong>A esp\u00e9cie est\u00e1 categorizada como \u201cVulner\u00e1vel\u201d (IUCN e RS) . Ali\u00e1s, <em>Leopardus guttulus<\/em> e <em>L. tigrinus<\/em> s\u00e3o os \u00fanicos, dentre todos os felinos do Brasil, que est\u00e3o amea\u00e7ados globalmente [6].<\/strong><br>Conforme o pesquisador Eduardo Eizirik<sup> <\/sup><a href=\"http:\/\/miraserra.org.br\/wp-admin\/post.php?post=3032&amp;action=edit#_ftn1\">[1]<\/a><em> \u201ca maior causa do decl\u00ednio da popula\u00e7\u00e3o de fel\u00eddeos silvestres na natureza \u00e9 a destrui\u00e7\u00e3o e fragmenta\u00e7\u00e3o do seu habitat em consequ\u00eancia do desenvolvimento agr\u00edcola e pecu\u00e1rio, da explora\u00e7\u00e3o da madeira e minera\u00e7\u00e3o, das constru\u00e7\u00f5es de represas e hidrel\u00e9tricas, al\u00e9m do tr\u00e1fico ilegal e da persegui\u00e7\u00e3o direta em forma de ca\u00e7a e abate.\u201d<\/em><\/p>\n\n\n\n<p class=\"has-text-align-center has-background\" style=\"background-color:#f3cb5d\"><strong>A\u00c7\u00d5ES PARA SUA CONSERVA\u00c7\u00c3O <strong>[4]<\/strong>:<br><\/strong>-Aumentar o n\u00edvel de conhecimento da esp\u00e9cie, para melhor indica\u00e7\u00e3o de a\u00e7\u00f5es de manejo e conserva\u00e7\u00e3o;<br>-Restabelecer a conectividade dos habitats fragmentados, atrav\u00e9s do uso de ferramentas da ecologia de paisagens, nas \u00e1reas com maior fragmenta\u00e7\u00e3o na Mata Atl\u00e2ntica, Cerrado e Caatinga;<br>-Adotar uma s\u00e9rie de a\u00e7\u00f5es voltadas para a conserva\u00e7\u00e3o fora das Unidades de&nbsp; Conserva\u00e7\u00e3o, as quais incluiriam educa\u00e7\u00e3o ambiental, conectividade, controle de doen\u00e7as e de preda\u00e7\u00e3o;<br>-Fazer o manejo das popula\u00e7\u00f5es em cativeiro, levando em considera\u00e7\u00e3o a presen\u00e7a das tr\u00eas Unidades de &#8211;Manejo propostas para a esp\u00e9cie;<br>-Adotar, onde cab\u00edveis, medidas retaliat\u00f3rias contra a ca\u00e7a e o com\u00e9rcio ilegal;<br>-Implementar o Plano de A\u00e7\u00e3o da esp\u00e9cie, o qual cont\u00e9m as diretrizes para a sua conserva\u00e7\u00e3o.<\/p>\n\n\n\n<p><strong>Refer\u00eancia bibliogr\u00e1fica:<\/strong><br><a href=\"#_ftnref1\">[1]<\/a> <a href=\"https:\/\/gauchazh.clicrbs.com.br\/educacao-e-emprego\/noticia\/2013\/11\/pesquisadores-da-pucrs-e-da-ufrgs-descobrem-nova-especie-de-gato-silvestre-4347201.html\">https:\/\/gauchazh.clicrbs.com.br\/educacao-e-emprego\/noticia\/2013\/11\/pesquisadores-da-pucrs-e-da-ufrgs-descobrem-nova-especie-de-gato-silvestre-4347201.html<\/a><\/p>\n\n\n\n<p><a href=\"#_ftnref2\">[2]<\/a> <a href=\"https:\/\/repositorio.pucrs.br\/dspace\/bitstream\/10923\/5516\/1\/000451413-Texto%2BCompleto-0.pdf\">LEHUGEUR, Livia Menger. Caracteriza\u00e7\u00e3o evolutiva de uma zona h\u00edbrida entre duas esp\u00e9cies de fel\u00eddeos neotropicais (Leopardus tigrinus E L. geoffroyi) atrav\u00e9s da an\u00e1lise de marcadores nucleares. 2013. Disserta\u00e7\u00e3o de Mestrado. Pontif\u00edcia Universidade Cat\u00f3lica do Rio Grande do Sul.<\/a><\/p>\n\n\n\n<p><a href=\"#_ftnref3\">[3]<\/a> <a href=\"https:\/\/www.correiobraziliense.com.br\/app\/noticia\/ciencia-e-saude\/2013\/11\/30\/interna_ciencia_saude,401001\/pesquisa-aponta-que-gatos-do-mato-pequenos-formam-duas-especies-distintas.shtml\">https:\/\/www.correiobraziliense.com.br\/app\/noticia\/ciencia-e-saude\/2013\/11\/30\/interna_ciencia_saude,401001\/pesquisa-aponta-que-gatos-do-mato-pequenos-formam-duas-especies-distintas.shtml<\/a><\/p>\n\n\n\n<p><a href=\"#_ftnref4\">[4]<\/a> &nbsp;<a href=\"https:\/\/www.icmbio.gov.br\/portal\/images\/stories\/biodiversidade\/fauna-brasileira\/avaliacao-do-risco\/carnivoros\/gato-do-mato_leopardus_tigrinus.pdf\">https:\/\/www.icmbio.gov.br\/portal\/images\/stories\/biodiversidade\/fauna-brasileira\/avaliacao-do-risco\/carnivoros\/gato-do-mato_leopardus_tigrinus.pdf<\/a><\/p>\n\n\n\n<p><a href=\"#_ftnref5\">[5]<\/a> <a href=\"http:\/\/seb-ecologia.org.br\/revistas\/indexar\/anais\/2017\/anais\/resumos\/resAnexo1-0410-1430-5fcd9b1ae17e892a4bb8a43f7f1498ad.pdf\">http:\/\/seb-ecologia.org.br\/revistas\/indexar\/anais\/2017\/anais\/resumos\/resAnexo1-0410-1430-5fcd9b1ae17e892a4bb8a43f7f1498ad.pdf<\/a><\/p>\n\n\n\n<p><a href=\"#_ftnref6\">[6]<\/a> <a href=\"https:\/\/g1.globo.com\/sp\/campinas-regiao\/terra-da-gente\/noticia\/2020\/07\/28\/felino-ameacado-mundialmente-de-extincao-e-registrado-no-mato-grosso-do-sul.ghtml\">https:\/\/g1.globo.com\/sp\/campinas-regiao\/terra-da-gente\/noticia\/2020\/07\/28\/felino-ameacado-mundialmente-de-extincao-e-registrado-no-mato-grosso-do-sul.ghtml<\/a><\/p>\n\n\n\n<p><strong>SAIBA MAIS<\/strong>:<\/p>\n\n\n\n<p><a href=\"https:\/\/www.teses.usp.br\/teses\/disponiveis\/41\/41133\/tde-09122010-104050\/pt-br.php?hc_location=ufi\">https:\/\/www.teses.usp.br\/teses\/disponiveis\/41\/41133\/tde-09122010-104050\/pt-br.php?hc_location=ufi<\/a><\/p>\n\n\n\n<p><a href=\"http:\/\/dx.doi.org\/10.2305\/IUCN.UK.2016-2.RLTS.T54010476A54010576.en\">http:\/\/dx.doi.org\/10.2305\/IUCN.UK.2016-2.RLTS.T54010476A54010576.en<\/a><\/p>\n\n\n\n<p><a href=\"http:\/\/www.ra-bugio.org.br\/ver_especie.php?id=57\">http:\/\/www.ra-bugio.org.br\/ver_especie.php?id=57<\/a><\/p>\n\n\n\n<p><a href=\"https:\/\/www.felinosdoaguai.com\/felinos.htm\">https:\/\/www.felinosdoaguai.com\/felinos.htm<\/a><br><br><a href=\"https:\/\/www.oeco.org.br\/noticias\/27810-analises-geneticas-revelam-um-novo-gato-brasileiro\/\">https:\/\/www.oeco.org.br\/noticias\/27810-analises-geneticas-revelam-um-novo-gato-brasileiro\/<\/a><\/p>\n\n\n\n<p class=\"has-drop-cap has-vivid-green-cyan-background-color has-background\"><strong>MATA ATL\u00c2NTICA:<\/strong><br><br><strong>O QUE \u00c9, PARA QUE SERVE?<\/strong><\/p>\n\n\n\n<p>Consideram-se integrantes do Bioma Mata Atl\u00e2ntica as seguintes forma\u00e7\u00f5es florestais nativas e ecossistemas associados: Floresta Ombr\u00f3fila Densa; Floresta Ombr\u00f3fila Mista, tamb\u00e9m denominada de Mata de Arauc\u00e1rias; Floresta Ombr\u00f3fila Aberta; Floresta Estacional Semidecidual; e Floresta Estacional Decidual, bem como os manguezais, as vegeta\u00e7\u00f5es de restingas, campos de altitude, brejos interioranos e encraves florestais do Nordeste (e<em>xtra\u00eddo do art. 2\u00ba, Lei Federal n\u00ba 11.428\/2006<\/em>).<\/p>\n\n\n\n<p>Decretada Reserva da Biosfera, pela UNESCO, e protegida como Patrim\u00f4nio Nacional, a Mata Atl\u00e2ntica \u00e9 a quinta floresta mais amea\u00e7ada de extin\u00e7\u00e3o .do mundo. Ocorre em 17 estados do Brasil, sendo que cerca de 70% da popula\u00e7\u00e3o brasileira dela depende.<\/p>\n\n\n\n<p>Apesar de estar reduzida a menos de 10% da sua cobertura original, a Mata atl\u00e2ntica \u00e9, ainda, uma das regi\u00f5es mais ricas em biodiversidade do planeta. Ela \u00e9 respons\u00e1vel pela manuten\u00e7\u00e3o da qualidade\/quantidade de \u00e1gua, pelo controle do equil\u00edbrio clim\u00e1tico, pelo combate \u00e0 eros\u00e3o de encostas, pela fertilidade do solo, pela gera\u00e7\u00e3o de emprego e renda, pelo fornecimento de material gen\u00e9tico para ind\u00fastria farmac\u00eautica e aliment\u00edcia, pela qualidade de vida das popula\u00e7\u00f5es, entre tantos outros servi\u00e7os ambientais inestim\u00e1veis.<\/p>\n\n\n\n<p class=\"has-drop-cap has-vivid-green-cyan-background-color has-background\">\u00c9 importante destacar que os animais silvestres s\u00e3o os principais mantenedores da Mata Atl\u00e2ntica, pois dispersam as suas sementes com efic\u00e1cia \u2013 e, com isto, participam da conserva\u00e7\u00e3o dos recursos h\u00eddricos.<\/p>\n\n\n\n<p><\/p>\n","protected":false},"excerpt":{"rendered":"<p>Confira tamanhos e valores das nossas camiseta no SITIO DO BEM, entidade parceira da MIRA-SERRA Imagens do felino, gentilmente, cedidas<\/p>\n","protected":false},"author":1,"featured_media":3052,"comment_status":"closed","ping_status":"closed","sticky":false,"template":"","format":"standard","meta":{"colormag_page_container_layout":"default_layout","colormag_page_sidebar_layout":"default_layout","_themeisle_gutenberg_block_has_review":false,"footnotes":""},"categories":[161,73],"tags":[314,120,312,313,292],"class_list":["post-3032","post","type-post","status-publish","format-standard","has-post-thumbnail","hentry","category-loja-mira-serra","category-noticias","tag-campanha-mira-serra","tag-fauna-ameacada","tag-gato-do-mato-pequeno","tag-leopardus-guttulus","tag-mata-atantica"],"_links":{"self":[{"href":"https:\/\/miraserra.org.br\/index.php\/wp-json\/wp\/v2\/posts\/3032","targetHints":{"allow":["GET"]}}],"collection":[{"href":"https:\/\/miraserra.org.br\/index.php\/wp-json\/wp\/v2\/posts"}],"about":[{"href":"https:\/\/miraserra.org.br\/index.php\/wp-json\/wp\/v2\/types\/post"}],"author":[{"embeddable":true,"href":"https:\/\/miraserra.org.br\/index.php\/wp-json\/wp\/v2\/users\/1"}],"replies":[{"embeddable":true,"href":"https:\/\/miraserra.org.br\/index.php\/wp-json\/wp\/v2\/comments?post=3032"}],"version-history":[{"count":20,"href":"https:\/\/miraserra.org.br\/index.php\/wp-json\/wp\/v2\/posts\/3032\/revisions"}],"predecessor-version":[{"id":4072,"href":"https:\/\/miraserra.org.br\/index.php\/wp-json\/wp\/v2\/posts\/3032\/revisions\/4072"}],"wp:featuredmedia":[{"embeddable":true,"href":"https:\/\/miraserra.org.br\/index.php\/wp-json\/wp\/v2\/media\/3052"}],"wp:attachment":[{"href":"https:\/\/miraserra.org.br\/index.php\/wp-json\/wp\/v2\/media?parent=3032"}],"wp:term":[{"taxonomy":"category","embeddable":true,"href":"https:\/\/miraserra.org.br\/index.php\/wp-json\/wp\/v2\/categories?post=3032"},{"taxonomy":"post_tag","embeddable":true,"href":"https:\/\/miraserra.org.br\/index.php\/wp-json\/wp\/v2\/tags?post=3032"}],"curies":[{"name":"wp","href":"https:\/\/api.w.org\/{rel}","templated":true}]}}