{"id":3078,"date":"2021-01-21T21:48:02","date_gmt":"2021-01-22T00:48:02","guid":{"rendered":"http:\/\/miraserra.org.br\/?p=3078"},"modified":"2021-01-24T17:48:39","modified_gmt":"2021-01-24T20:48:39","slug":"primeira-reuniao-2021-do-consema-rs","status":"publish","type":"post","link":"https:\/\/miraserra.org.br\/index.php\/2021\/01\/21\/primeira-reuniao-2021-do-consema-rs\/","title":{"rendered":"PRIMEIRA REUNI\u00c3O 2021 DO CONSEMA-RS"},"content":{"rendered":"\n<p class=\"has-text-align-center\">Apesar das adversidades, a atua\u00e7\u00e3o volunt\u00e1ria de profissionais no Instituto MIRA-SERRA se mant\u00e9m com qualidade e autonomia nos seus trabalhos em colegiados \/ coletivos e na pesquisa em campo.<\/p>\n\n\n\n<p class=\"has-text-align-center\">Na reuni\u00e3o plen\u00e1ria virtual do Conselho Estadual do Meio Ambiente,  em 21\/1\/ 2021, a equipe da ONG mostrou que, al\u00e9m de dedicada, permanece atenta!<\/p>\n\n\n\n<figure class=\"wp-block-image size-large\"><img loading=\"lazy\" decoding=\"async\" width=\"1024\" height=\"469\" src=\"http:\/\/miraserra.org.br\/wp-content\/uploads\/2021\/01\/140628893_4227970487217074_768237096192182568_o-1024x469.jpg\" alt=\"\" class=\"wp-image-3079\" srcset=\"https:\/\/miraserra.org.br\/wp-content\/uploads\/2021\/01\/140628893_4227970487217074_768237096192182568_o-1024x469.jpg 1024w, https:\/\/miraserra.org.br\/wp-content\/uploads\/2021\/01\/140628893_4227970487217074_768237096192182568_o-300x137.jpg 300w, https:\/\/miraserra.org.br\/wp-content\/uploads\/2021\/01\/140628893_4227970487217074_768237096192182568_o-768x352.jpg 768w, https:\/\/miraserra.org.br\/wp-content\/uploads\/2021\/01\/140628893_4227970487217074_768237096192182568_o.jpg 1398w\" sizes=\"auto, (max-width: 1024px) 100vw, 1024px\" \/><\/figure>\n\n\n\n<p class=\"has-cyan-bluish-gray-background-color has-background\"><strong>Confira esta do reuni\u00e3o CONSEMA-RS em:<\/strong><br><a rel=\"noreferrer noopener\" href=\"https:\/\/www.facebook.com\/secretariadomeioambienters\/posts\/3741544039222102?__cft__[0]=AZUCLFJjwCVFw4mxYnQQA7xPPIpcNI0fa6FHYMOWAGe5OFrbM1fa9V2JQ5CtKJfp6Qh7utDJl_K1IHJuYTJ9mmRLV9xEaiE96DcCLWZGqIa__WQfmQB5RywWlYweb6-i0MbOIIKEVcz-LokQ9rCgNqg1FPUEULxLPFiwq_sxFPqEFvzY7ujkOuJhUz02HWjIc9I&amp;__tn__=-UK-R\" target=\"_blank\">https:\/\/m.facebook.com\/story.php?story_fbid=3741544039222102&amp;id=461132310596641<\/a><\/p>\n\n\n\n<figure class=\"wp-block-image size-large\"><img loading=\"lazy\" decoding=\"async\" width=\"1024\" height=\"576\" src=\"http:\/\/miraserra.org.br\/wp-content\/uploads\/2021\/01\/Captura-de-Tela-263-1024x576.png\" alt=\"\" class=\"wp-image-3082\" srcset=\"https:\/\/miraserra.org.br\/wp-content\/uploads\/2021\/01\/Captura-de-Tela-263-1024x576.png 1024w, https:\/\/miraserra.org.br\/wp-content\/uploads\/2021\/01\/Captura-de-Tela-263-300x169.png 300w, https:\/\/miraserra.org.br\/wp-content\/uploads\/2021\/01\/Captura-de-Tela-263-768x432.png 768w, https:\/\/miraserra.org.br\/wp-content\/uploads\/2021\/01\/Captura-de-Tela-263.png 1366w\" sizes=\"auto, (max-width: 1024px) 100vw, 1024px\" \/><\/figure>\n","protected":false},"excerpt":{"rendered":"<p>Apesar das adversidades, a atua\u00e7\u00e3o volunt\u00e1ria de profissionais no Instituto MIRA-SERRA se mant\u00e9m com qualidade e autonomia nos seus trabalhos<\/p>\n","protected":false},"author":1,"featured_media":3083,"comment_status":"closed","ping_status":"closed","sticky":false,"template":"","format":"standard","meta":{"colormag_page_container_layout":"default_layout","colormag_page_sidebar_layout":"default_layout","_themeisle_gutenberg_block_has_review":false,"footnotes":""},"categories":[55,58,93,73],"tags":[149,143,132,139],"class_list":["post-3078","post","type-post","status-publish","format-standard","has-post-thumbnail","hentry","category-colegiados","category-consema-rs","category-ctp-assuntos-juridicos","category-noticias","tag-consema","tag-meio-ambiente","tag-politica-estadual","tag-politicas-publicas"],"_links":{"self":[{"href":"https:\/\/miraserra.org.br\/index.php\/wp-json\/wp\/v2\/posts\/3078","targetHints":{"allow":["GET"]}}],"collection":[{"href":"https:\/\/miraserra.org.br\/index.php\/wp-json\/wp\/v2\/posts"}],"about":[{"href":"https:\/\/miraserra.org.br\/index.php\/wp-json\/wp\/v2\/types\/post"}],"author":[{"embeddable":true,"href":"https:\/\/miraserra.org.br\/index.php\/wp-json\/wp\/v2\/users\/1"}],"replies":[{"embeddable":true,"href":"https:\/\/miraserra.org.br\/index.php\/wp-json\/wp\/v2\/comments?post=3078"}],"version-history":[{"count":1,"href":"https:\/\/miraserra.org.br\/index.php\/wp-json\/wp\/v2\/posts\/3078\/revisions"}],"predecessor-version":[{"id":3084,"href":"https:\/\/miraserra.org.br\/index.php\/wp-json\/wp\/v2\/posts\/3078\/revisions\/3084"}],"wp:featuredmedia":[{"embeddable":true,"href":"https:\/\/miraserra.org.br\/index.php\/wp-json\/wp\/v2\/media\/3083"}],"wp:attachment":[{"href":"https:\/\/miraserra.org.br\/index.php\/wp-json\/wp\/v2\/media?parent=3078"}],"wp:term":[{"taxonomy":"category","embeddable":true,"href":"https:\/\/miraserra.org.br\/index.php\/wp-json\/wp\/v2\/categories?post=3078"},{"taxonomy":"post_tag","embeddable":true,"href":"https:\/\/miraserra.org.br\/index.php\/wp-json\/wp\/v2\/tags?post=3078"}],"curies":[{"name":"wp","href":"https:\/\/api.w.org\/{rel}","templated":true}]}}