{"id":3101,"date":"2021-05-04T17:06:15","date_gmt":"2021-05-04T20:06:15","guid":{"rendered":"http:\/\/miraserra.org.br\/?p=3101"},"modified":"2022-09-06T13:23:39","modified_gmt":"2022-09-06T16:23:39","slug":"ivora-implementa-seu-bosque-da-memoria","status":"publish","type":"post","link":"https:\/\/miraserra.org.br\/index.php\/2021\/05\/04\/ivora-implementa-seu-bosque-da-memoria\/","title":{"rendered":"IVOR\u00c1 IMPLEMENTA SEU BOSQUE DA MEM\u00d3RIA"},"content":{"rendered":"\n<p class=\"has-text-align-center has-light-green-cyan-background-color has-background\"><strong>Na semana do seu 33\u00bade anivers\u00e1rio  pol\u00edtico-administrativo do munic\u00edpio, Ivor\u00e1 implementa o primeiro BOSQUE DA MEM\u00d3RIA, do RS, com acesso p\u00fablico. <\/strong><\/p>\n\n\n\n<div class=\"wp-block-image is-style-default\"><figure class=\"aligncenter size-large\"><img loading=\"lazy\" decoding=\"async\" width=\"766\" height=\"1024\" src=\"http:\/\/miraserra.org.br\/wp-content\/uploads\/2021\/05\/97af0bc2-55a1-42e3-b192-4ff4277ad0c0-766x1024.jpg\" alt=\"\" class=\"wp-image-3180\" srcset=\"https:\/\/miraserra.org.br\/wp-content\/uploads\/2021\/05\/97af0bc2-55a1-42e3-b192-4ff4277ad0c0-766x1024.jpg 766w, https:\/\/miraserra.org.br\/wp-content\/uploads\/2021\/05\/97af0bc2-55a1-42e3-b192-4ff4277ad0c0-225x300.jpg 225w, https:\/\/miraserra.org.br\/wp-content\/uploads\/2021\/05\/97af0bc2-55a1-42e3-b192-4ff4277ad0c0-768x1026.jpg 768w, https:\/\/miraserra.org.br\/wp-content\/uploads\/2021\/05\/97af0bc2-55a1-42e3-b192-4ff4277ad0c0.jpg 958w\" sizes=\"auto, (max-width: 766px) 100vw, 766px\" \/><\/figure><\/div>\n\n\n\n<p class=\"has-text-align-center\"><strong>A implementa\u00e7\u00e3o deste Bosque da Mem\u00f3ria, antecipado para 4\/maio\/2021, materializou a parceria entre o munic\u00edpio de Ivor\u00e1, o Instituto MIRA-SERRA e o N\u00facleo de Estudos de \u00c1reas Protegidas (NEAP) da Universidade Federal de Santa Maria.<\/strong><\/p>\n\n\n\n<p class=\"has-text-align-center\"><strong>O Bosque da Mem\u00f3ria MIRA-SERRA tem por objetivo reflorestar 2ha do Parque Natural Municipal Monte Grappa, como modo simb\u00f3lico de homenagear as v\u00edtimas da Covid-19, as 242 vidas perdidas na Boate Kiss (em Santa Maria), bem como a biodiversidade afetada pelas consequ\u00eancias do per\u00edodo de pandemia. Adicionalmente, \u00e9 um gesto de agradecimento aos profissionais de sa\u00fade. <\/strong><\/p>\n\n\n\n<p class=\"has-text-align-center\"><strong>A Campanha <a href=\"https:\/\/www.bosquesdamemoria.com\/\">&#8220;Bosques da Mem\u00f3ria&#8221;<\/a> marca o in\u00edcio da d\u00e9cada de restaura\u00e7\u00e3o de sistemas 2021\/2030, declarada pela ONU.<\/strong><\/p>\n\n\n\n<p class=\"has-text-align-center\"><strong>A solenidade contou com presen\u00e7a do Prefeito e vice, secret\u00e1rios e convidados, como a Sra. Cibele Facco, m\u00e3e da  jovem Luana &#8211; uma das v\u00edtimas da Boate Kiss. <\/strong><\/p>\n\n\n\n<figure class=\"wp-block-image size-large is-style-default\"><img loading=\"lazy\" decoding=\"async\" width=\"1024\" height=\"766\" src=\"http:\/\/miraserra.org.br\/wp-content\/uploads\/2021\/05\/IMG-20210504-WA0047-1024x766.jpg\" alt=\"\" class=\"wp-image-3221\" srcset=\"https:\/\/miraserra.org.br\/wp-content\/uploads\/2021\/05\/IMG-20210504-WA0047-1024x766.jpg 1024w, https:\/\/miraserra.org.br\/wp-content\/uploads\/2021\/05\/IMG-20210504-WA0047-300x225.jpg 300w, https:\/\/miraserra.org.br\/wp-content\/uploads\/2021\/05\/IMG-20210504-WA0047-768x575.jpg 768w, https:\/\/miraserra.org.br\/wp-content\/uploads\/2021\/05\/IMG-20210504-WA0047.jpg 1280w\" sizes=\"auto, (max-width: 1024px) 100vw, 1024px\" \/><\/figure>\n\n\n\n<p class=\"has-text-align-center\"><strong>Ap\u00f3s a execu\u00e7\u00e3o do Hino Nacional, o mestre de cerim\u00f4nias Jo\u00e3o Paulo, passou a palavra para a<br> bi\u00f3l. Msc. Lisiane Becker, coordenadora-presidente do Inst. MIRA-SERRA. <\/strong><\/p>\n\n\n\n<div class=\"wp-block-image is-style-default\"><figure class=\"alignleft size-large is-resized\"><img loading=\"lazy\" decoding=\"async\" src=\"http:\/\/miraserra.org.br\/wp-content\/uploads\/2021\/05\/LB-2.jpg\" alt=\"\" class=\"wp-image-3181\" width=\"395\" height=\"210\" srcset=\"https:\/\/miraserra.org.br\/wp-content\/uploads\/2021\/05\/LB-2.jpg 987w, https:\/\/miraserra.org.br\/wp-content\/uploads\/2021\/05\/LB-2-300x160.jpg 300w, https:\/\/miraserra.org.br\/wp-content\/uploads\/2021\/05\/LB-2-768x409.jpg 768w\" sizes=\"auto, (max-width: 395px) 100vw, 395px\" \/><figcaption>MIRA-SERRA<\/figcaption><\/figure><\/div>\n\n\n\n<p class=\"has-text-align-left\"><strong>Em sua explana\u00e7\u00e3o, ela destacou a import\u00e2ncia da conserva\u00e7\u00e3o do ecossistema presente no munic\u00edpio (Floresta Estacional Decidual) associada \u00e0 press\u00e3o antr\u00f3pica na Mata Atl\u00e2ntica. Fez alus\u00e3o \u00e0s <a href=\"https:\/\/www.bosquesdamemoria.com\/\">entidades idealizadoras da campanha nacional <\/a>e a rela\u00e7\u00e3o da MIRA-SERRA com estes coletivos. Enfatizou que a qualidade do meio ambiente est\u00e1 diretamente relacionada com a qualidade de vida humana como, lamentavelmente, se comprova com este triste momento no planeta<\/strong>;<strong>Parabenizou o munic\u00edpio pelo seu anivers\u00e1rio.<\/strong><\/p>\n\n\n\n<p class=\"has-text-align-left\"><\/p>\n\n\n\n<div class=\"wp-block-image is-style-default\"><figure class=\"alignright size-large is-resized\"><img loading=\"lazy\" decoding=\"async\" src=\"http:\/\/miraserra.org.br\/wp-content\/uploads\/2021\/05\/Suzane-1024x598.jpg\" alt=\"\" class=\"wp-image-3182\" width=\"459\" height=\"267\" srcset=\"https:\/\/miraserra.org.br\/wp-content\/uploads\/2021\/05\/Suzane-1024x598.jpg 1024w, https:\/\/miraserra.org.br\/wp-content\/uploads\/2021\/05\/Suzane-300x175.jpg 300w, https:\/\/miraserra.org.br\/wp-content\/uploads\/2021\/05\/Suzane-768x449.jpg 768w, https:\/\/miraserra.org.br\/wp-content\/uploads\/2021\/05\/Suzane.jpg 1274w\" sizes=\"auto, (max-width: 459px) 100vw, 459px\" \/><figcaption>NEAP\/UFSM<\/figcaption><\/figure><\/div>\n\n\n\n<p class=\"has-text-align-center\"><strong>A prof\u00aa Dr\u00aa Suzane B. Marcuzzo, do NEAP\/UFSM, falou sobre as raz\u00f5es que levaram \u00e0 escolha do Monte Grappa para este Bosque da Mem\u00f3ria. Relacionou os atributos do local \u00e0 paz e \u00e0 tranquilidade oferecidas aos que vistam o local, bem como \u00e0 forte rela\u00e7\u00e3o da comunidade e aquele espa\u00e7o de beleza c\u00eanica singular. Adicionalmente, falou sobre o Geoparque Quarta Col\u00f4nia (aspirante) e a condu\u00e7\u00e3o <a href=\"http:\/\/miraserra.org.br\/wp-content\/uploads\/2021\/05\/reportagem-editada.jpg\">Plano de Manejo da Unidade de Conserva\u00e7\u00e3o pelo NEAP\/UFSM<\/a>. Parabenizou o munic\u00edpio. <\/strong><\/p>\n\n\n\n<div class=\"wp-block-image is-style-default\"><figure class=\"alignleft size-large is-resized\"><img loading=\"lazy\" decoding=\"async\" src=\"http:\/\/miraserra.org.br\/wp-content\/uploads\/2021\/05\/183029606_5426388640765717_4372501997206884422_n-1024x768.jpg\" alt=\"\" class=\"wp-image-3183\" width=\"469\" height=\"351\" srcset=\"https:\/\/miraserra.org.br\/wp-content\/uploads\/2021\/05\/183029606_5426388640765717_4372501997206884422_n-1024x768.jpg 1024w, https:\/\/miraserra.org.br\/wp-content\/uploads\/2021\/05\/183029606_5426388640765717_4372501997206884422_n-300x225.jpg 300w, https:\/\/miraserra.org.br\/wp-content\/uploads\/2021\/05\/183029606_5426388640765717_4372501997206884422_n-768x576.jpg 768w, https:\/\/miraserra.org.br\/wp-content\/uploads\/2021\/05\/183029606_5426388640765717_4372501997206884422_n-1536x1152.jpg 1536w, https:\/\/miraserra.org.br\/wp-content\/uploads\/2021\/05\/183029606_5426388640765717_4372501997206884422_n.jpg 2048w\" sizes=\"auto, (max-width: 469px) 100vw, 469px\" \/><figcaption><strong>N\u00facleo Municipal de Cultura, Desporto e Turismo<\/strong> de Ivor\u00e1<\/figcaption><\/figure><\/div>\n\n\n\n<p><\/p>\n\n\n\n<p><\/p>\n\n\n\n<p><\/p>\n\n\n\n<p class=\"has-text-align-center\"><strong>A mensagem proferida pela dirigente do N\u00facleo Municipal de Cultura, Desporto e Turismo, Edicl\u00e9ia Cherubini, que com maestria, conseguiu colocar os presentes dentro do cen\u00e1rio que ali se configurava. <a href=\"http:\/\/miraserra.org.br\/wp-content\/uploads\/2021\/03\/DISCURSO-EDI.pdf\" data-type=\"URL\" data-id=\"http:\/\/miraserra.org.br\/wp-content\/uploads\/2021\/03\/DISCURSO-EDI.pdf\">Leia o discurso<\/a>.<\/strong><\/p>\n\n\n\n<p><\/p>\n\n\n\n<p><\/p>\n\n\n\n<p class=\"has-text-align-center\"><strong>Por fim, o Prefeito Municipal, Saulo Piccinin, lmbrou a todos sobre as belezas e oportunidades do munic\u00edpio, como o incremento do turismo para a regi\u00e3o e o desenvolvimento da agricultura.  Destacou a import\u00e2ncia da implementa\u00e7\u00e3o do Bosque da Mem\u00f3ria na semana de anivers\u00e1rio de Ivor\u00e1, num per\u00edodo de tantos desafios. Parabenizou e agradeceu a todos.<\/strong><\/p>\n\n\n\n<figure class=\"wp-block-image size-large is-style-default\"><img loading=\"lazy\" decoding=\"async\" width=\"1024\" height=\"768\" src=\"http:\/\/miraserra.org.br\/wp-content\/uploads\/2021\/05\/183350552_5426381697433078_405607956310989460_n-1024x768.jpg\" alt=\"\" class=\"wp-image-3184\" srcset=\"https:\/\/miraserra.org.br\/wp-content\/uploads\/2021\/05\/183350552_5426381697433078_405607956310989460_n-1024x768.jpg 1024w, https:\/\/miraserra.org.br\/wp-content\/uploads\/2021\/05\/183350552_5426381697433078_405607956310989460_n-300x225.jpg 300w, https:\/\/miraserra.org.br\/wp-content\/uploads\/2021\/05\/183350552_5426381697433078_405607956310989460_n-768x576.jpg 768w, https:\/\/miraserra.org.br\/wp-content\/uploads\/2021\/05\/183350552_5426381697433078_405607956310989460_n-1536x1152.jpg 1536w, https:\/\/miraserra.org.br\/wp-content\/uploads\/2021\/05\/183350552_5426381697433078_405607956310989460_n.jpg 2048w\" sizes=\"auto, (max-width: 1024px) 100vw, 1024px\" \/><\/figure>\n\n\n\n<p class=\"has-text-align-center\"><strong>Na sequ\u00eancia, ocorreu a primeiro plantio com mudas de \u00e1rvores nativas da regi\u00e3o <br>(Jaboticaba, Ara\u00e7\u00e1, Pitanga e Cereja-do-mato), doadas pelo prof. Renato Trevisan (Setor de Esp\u00e9cies Nativas e de Pr\u00e1ticas Ambientais \/ SENPA\/UFSM.<\/strong><br><strong> Cada muda recebeu uma etiqueta provis\u00f3ria.  <\/strong><\/p>\n\n\n\n<p class=\"has-text-align-center has-black-color has-pale-cyan-blue-background-color has-text-color has-background\"> <strong>O crescimento das frut\u00edferas celebrar\u00e1 as hist\u00f3rias <br>daquelas vidas que partiram. Entre elas:<br><br>Luana Facco Ferreira (<em>v\u00edtima do sinistro na Kiss\/Santa Maria<\/em>),<br>Ema Fillipin Moro (<em>primeira v\u00edtima em Ivor\u00e1<\/em> <em>e  falecida nesta data)<\/em>, <br>Peter Crawshaw Jr., <br>Afr\u00e2nio Menezes, <br>Georgina e Ludwig Buckup.<br><br>A dedica\u00e7\u00e3o dos profissionais da sa\u00fade, bem como a perda de esp\u00e9cies da fauna\/flora durante a pandemia, tamb\u00e9m, receberam um espa\u00e7o neste Bosque.<\/strong><\/p>\n\n\n\n<div class=\"wp-block-group\"><div class=\"wp-block-group__inner-container is-layout-flow wp-block-group-is-layout-flow\">\n<div class=\"wp-block-group\"><div class=\"wp-block-group__inner-container is-layout-flow wp-block-group-is-layout-flow\">\n<div class=\"wp-block-group\"><div class=\"wp-block-group__inner-container is-layout-flow wp-block-group-is-layout-flow\">\n<div class=\"wp-block-group\"><div class=\"wp-block-group__inner-container is-layout-flow wp-block-group-is-layout-flow\">\n<div class=\"wp-block-group\"><div class=\"wp-block-group__inner-container is-layout-flow wp-block-group-is-layout-flow\">\n<figure class=\"wp-block-gallery columns-3 is-cropped wp-block-gallery-1 is-layout-flex wp-block-gallery-is-layout-flex\"><ul class=\"blocks-gallery-grid\"><li class=\"blocks-gallery-item\"><figure><img loading=\"lazy\" decoding=\"async\" width=\"768\" height=\"1024\" src=\"http:\/\/miraserra.org.br\/wp-content\/uploads\/2021\/05\/IMG-20210504-WA0015-2-768x1024.jpg\" alt=\"\" data-id=\"3208\" data-link=\"http:\/\/miraserra.org.br\/index.php\/2021\/03\/11\/um-bosque-da-memoria-em-ivora\/img-20210504-wa0015-2\/\" class=\"wp-image-3208\" srcset=\"https:\/\/miraserra.org.br\/wp-content\/uploads\/2021\/05\/IMG-20210504-WA0015-2-768x1024.jpg 768w, https:\/\/miraserra.org.br\/wp-content\/uploads\/2021\/05\/IMG-20210504-WA0015-2-225x300.jpg 225w, https:\/\/miraserra.org.br\/wp-content\/uploads\/2021\/05\/IMG-20210504-WA0015-2.jpg 960w\" sizes=\"auto, (max-width: 768px) 100vw, 768px\" \/><\/figure><\/li><li class=\"blocks-gallery-item\"><figure><img loading=\"lazy\" decoding=\"async\" width=\"350\" height=\"618\" src=\"http:\/\/miraserra.org.br\/wp-content\/uploads\/2021\/05\/mae-Luana.jpg\" alt=\"\" data-id=\"3220\" data-full-url=\"http:\/\/miraserra.org.br\/wp-content\/uploads\/2021\/05\/mae-Luana.jpg\" data-link=\"http:\/\/miraserra.org.br\/index.php\/2021\/03\/11\/um-bosque-da-memoria-em-ivora\/mae-luana\/\" class=\"wp-image-3220\" srcset=\"https:\/\/miraserra.org.br\/wp-content\/uploads\/2021\/05\/mae-Luana.jpg 350w, https:\/\/miraserra.org.br\/wp-content\/uploads\/2021\/05\/mae-Luana-170x300.jpg 170w\" sizes=\"auto, (max-width: 350px) 100vw, 350px\" \/><\/figure><\/li><li class=\"blocks-gallery-item\"><figure><img loading=\"lazy\" decoding=\"async\" width=\"768\" height=\"1024\" src=\"http:\/\/miraserra.org.br\/wp-content\/uploads\/2021\/05\/IMG-20210504-WA0019-768x1024.jpg\" alt=\"\" data-id=\"3203\" data-link=\"http:\/\/miraserra.org.br\/index.php\/2021\/03\/11\/um-bosque-da-memoria-em-ivora\/img-20210504-wa0019\/\" class=\"wp-image-3203\" srcset=\"https:\/\/miraserra.org.br\/wp-content\/uploads\/2021\/05\/IMG-20210504-WA0019-768x1024.jpg 768w, https:\/\/miraserra.org.br\/wp-content\/uploads\/2021\/05\/IMG-20210504-WA0019-225x300.jpg 225w, https:\/\/miraserra.org.br\/wp-content\/uploads\/2021\/05\/IMG-20210504-WA0019.jpg 960w\" sizes=\"auto, (max-width: 768px) 100vw, 768px\" \/><\/figure><\/li><li class=\"blocks-gallery-item\"><figure><img loading=\"lazy\" decoding=\"async\" width=\"768\" height=\"1024\" src=\"http:\/\/miraserra.org.br\/wp-content\/uploads\/2021\/05\/IMG-20210504-WA0028-1-768x1024.jpg\" alt=\"\" data-id=\"3207\" data-link=\"http:\/\/miraserra.org.br\/index.php\/2021\/03\/11\/um-bosque-da-memoria-em-ivora\/img-20210504-wa0028-1\/\" class=\"wp-image-3207\" srcset=\"https:\/\/miraserra.org.br\/wp-content\/uploads\/2021\/05\/IMG-20210504-WA0028-1-768x1024.jpg 768w, https:\/\/miraserra.org.br\/wp-content\/uploads\/2021\/05\/IMG-20210504-WA0028-1-225x300.jpg 225w, https:\/\/miraserra.org.br\/wp-content\/uploads\/2021\/05\/IMG-20210504-WA0028-1.jpg 960w\" sizes=\"auto, (max-width: 768px) 100vw, 768px\" \/><\/figure><\/li><li class=\"blocks-gallery-item\"><figure><img loading=\"lazy\" decoding=\"async\" width=\"768\" height=\"1024\" src=\"http:\/\/miraserra.org.br\/wp-content\/uploads\/2021\/05\/IMG-20210504-WA0030-2-768x1024.jpg\" alt=\"\" data-id=\"3209\" data-link=\"http:\/\/miraserra.org.br\/index.php\/2021\/03\/11\/um-bosque-da-memoria-em-ivora\/img-20210504-wa0030-2\/\" class=\"wp-image-3209\" srcset=\"https:\/\/miraserra.org.br\/wp-content\/uploads\/2021\/05\/IMG-20210504-WA0030-2-768x1024.jpg 768w, https:\/\/miraserra.org.br\/wp-content\/uploads\/2021\/05\/IMG-20210504-WA0030-2-225x300.jpg 225w, https:\/\/miraserra.org.br\/wp-content\/uploads\/2021\/05\/IMG-20210504-WA0030-2.jpg 960w\" sizes=\"auto, (max-width: 768px) 100vw, 768px\" \/><\/figure><\/li><li class=\"blocks-gallery-item\"><figure><img loading=\"lazy\" decoding=\"async\" width=\"1024\" height=\"766\" src=\"http:\/\/miraserra.org.br\/wp-content\/uploads\/2021\/05\/IMG-20210504-WA0041-1-1024x766.jpg\" alt=\"\" data-id=\"3212\" data-link=\"http:\/\/miraserra.org.br\/index.php\/2021\/03\/11\/um-bosque-da-memoria-em-ivora\/img-20210504-wa0041-1\/\" class=\"wp-image-3212\" srcset=\"https:\/\/miraserra.org.br\/wp-content\/uploads\/2021\/05\/IMG-20210504-WA0041-1-1024x766.jpg 1024w, https:\/\/miraserra.org.br\/wp-content\/uploads\/2021\/05\/IMG-20210504-WA0041-1-300x225.jpg 300w, https:\/\/miraserra.org.br\/wp-content\/uploads\/2021\/05\/IMG-20210504-WA0041-1-768x575.jpg 768w, https:\/\/miraserra.org.br\/wp-content\/uploads\/2021\/05\/IMG-20210504-WA0041-1.jpg 1280w\" sizes=\"auto, (max-width: 1024px) 100vw, 1024px\" \/><\/figure><\/li><li class=\"blocks-gallery-item\"><figure><img loading=\"lazy\" decoding=\"async\" width=\"1024\" height=\"768\" src=\"http:\/\/miraserra.org.br\/wp-content\/uploads\/2021\/05\/182740759_5426391164098798_3315203388168908065_n-1-1024x768.jpg\" alt=\"\" data-id=\"3186\" data-link=\"http:\/\/miraserra.org.br\/index.php\/2021\/03\/11\/um-bosque-da-memoria-em-ivora\/182740759_5426391164098798_3315203388168908065_n-1\/\" class=\"wp-image-3186\" srcset=\"https:\/\/miraserra.org.br\/wp-content\/uploads\/2021\/05\/182740759_5426391164098798_3315203388168908065_n-1-1024x768.jpg 1024w, https:\/\/miraserra.org.br\/wp-content\/uploads\/2021\/05\/182740759_5426391164098798_3315203388168908065_n-1-300x225.jpg 300w, https:\/\/miraserra.org.br\/wp-content\/uploads\/2021\/05\/182740759_5426391164098798_3315203388168908065_n-1-768x576.jpg 768w, https:\/\/miraserra.org.br\/wp-content\/uploads\/2021\/05\/182740759_5426391164098798_3315203388168908065_n-1-1536x1152.jpg 1536w, https:\/\/miraserra.org.br\/wp-content\/uploads\/2021\/05\/182740759_5426391164098798_3315203388168908065_n-1.jpg 2048w\" sizes=\"auto, (max-width: 1024px) 100vw, 1024px\" \/><\/figure><\/li><li class=\"blocks-gallery-item\"><figure><img loading=\"lazy\" decoding=\"async\" width=\"768\" height=\"1024\" src=\"http:\/\/miraserra.org.br\/wp-content\/uploads\/2021\/05\/IMG-20210504-WA0023-768x1024.jpg\" alt=\"\" data-id=\"3204\" data-link=\"http:\/\/miraserra.org.br\/index.php\/2021\/03\/11\/um-bosque-da-memoria-em-ivora\/img-20210504-wa0023\/\" class=\"wp-image-3204\" srcset=\"https:\/\/miraserra.org.br\/wp-content\/uploads\/2021\/05\/IMG-20210504-WA0023-768x1024.jpg 768w, https:\/\/miraserra.org.br\/wp-content\/uploads\/2021\/05\/IMG-20210504-WA0023-225x300.jpg 225w, https:\/\/miraserra.org.br\/wp-content\/uploads\/2021\/05\/IMG-20210504-WA0023.jpg 960w\" sizes=\"auto, (max-width: 768px) 100vw, 768px\" \/><\/figure><\/li><li class=\"blocks-gallery-item\"><figure><img loading=\"lazy\" decoding=\"async\" width=\"766\" height=\"1024\" src=\"http:\/\/miraserra.org.br\/wp-content\/uploads\/2021\/05\/IMG-20210504-WA0043-766x1024.jpg\" alt=\"\" data-id=\"3217\" data-link=\"http:\/\/miraserra.org.br\/index.php\/2021\/03\/11\/um-bosque-da-memoria-em-ivora\/img-20210504-wa0043\/\" class=\"wp-image-3217\" srcset=\"https:\/\/miraserra.org.br\/wp-content\/uploads\/2021\/05\/IMG-20210504-WA0043-766x1024.jpg 766w, https:\/\/miraserra.org.br\/wp-content\/uploads\/2021\/05\/IMG-20210504-WA0043-225x300.jpg 225w, https:\/\/miraserra.org.br\/wp-content\/uploads\/2021\/05\/IMG-20210504-WA0043-768x1026.jpg 768w, https:\/\/miraserra.org.br\/wp-content\/uploads\/2021\/05\/IMG-20210504-WA0043.jpg 958w\" sizes=\"auto, (max-width: 766px) 100vw, 766px\" \/><\/figure><\/li><li class=\"blocks-gallery-item\"><figure><img loading=\"lazy\" decoding=\"async\" width=\"528\" height=\"1024\" src=\"http:\/\/miraserra.org.br\/wp-content\/uploads\/2021\/05\/183078174_5426386570765924_6831651249629350497_n-528x1024.jpg\" alt=\"\" data-id=\"3187\" data-link=\"http:\/\/miraserra.org.br\/index.php\/2021\/03\/11\/um-bosque-da-memoria-em-ivora\/183078174_5426386570765924_6831651249629350497_n\/\" class=\"wp-image-3187\" srcset=\"https:\/\/miraserra.org.br\/wp-content\/uploads\/2021\/05\/183078174_5426386570765924_6831651249629350497_n-528x1024.jpg 528w, https:\/\/miraserra.org.br\/wp-content\/uploads\/2021\/05\/183078174_5426386570765924_6831651249629350497_n-155x300.jpg 155w, https:\/\/miraserra.org.br\/wp-content\/uploads\/2021\/05\/183078174_5426386570765924_6831651249629350497_n-768x1489.jpg 768w, https:\/\/miraserra.org.br\/wp-content\/uploads\/2021\/05\/183078174_5426386570765924_6831651249629350497_n-792x1536.jpg 792w, https:\/\/miraserra.org.br\/wp-content\/uploads\/2021\/05\/183078174_5426386570765924_6831651249629350497_n.jpg 1056w\" sizes=\"auto, (max-width: 528px) 100vw, 528px\" \/><\/figure><\/li><li class=\"blocks-gallery-item\"><figure><img loading=\"lazy\" decoding=\"async\" width=\"1024\" height=\"766\" src=\"http:\/\/miraserra.org.br\/wp-content\/uploads\/2021\/05\/IMG-20210504-WA0042-1-1024x766.jpg\" alt=\"\" data-id=\"3214\" data-link=\"http:\/\/miraserra.org.br\/index.php\/2021\/03\/11\/um-bosque-da-memoria-em-ivora\/img-20210504-wa0042-1\/\" class=\"wp-image-3214\" srcset=\"https:\/\/miraserra.org.br\/wp-content\/uploads\/2021\/05\/IMG-20210504-WA0042-1-1024x766.jpg 1024w, https:\/\/miraserra.org.br\/wp-content\/uploads\/2021\/05\/IMG-20210504-WA0042-1-300x225.jpg 300w, https:\/\/miraserra.org.br\/wp-content\/uploads\/2021\/05\/IMG-20210504-WA0042-1-768x575.jpg 768w, https:\/\/miraserra.org.br\/wp-content\/uploads\/2021\/05\/IMG-20210504-WA0042-1.jpg 1280w\" sizes=\"auto, (max-width: 1024px) 100vw, 1024px\" \/><\/figure><\/li><li class=\"blocks-gallery-item\"><figure><img loading=\"lazy\" decoding=\"async\" width=\"768\" height=\"1024\" src=\"http:\/\/miraserra.org.br\/wp-content\/uploads\/2021\/05\/IMG-20210504-WA0026-2-768x1024.jpg\" alt=\"\" data-id=\"3213\" data-link=\"http:\/\/miraserra.org.br\/index.php\/2021\/03\/11\/um-bosque-da-memoria-em-ivora\/img-20210504-wa0026-2\/\" class=\"wp-image-3213\" srcset=\"https:\/\/miraserra.org.br\/wp-content\/uploads\/2021\/05\/IMG-20210504-WA0026-2-768x1024.jpg 768w, https:\/\/miraserra.org.br\/wp-content\/uploads\/2021\/05\/IMG-20210504-WA0026-2-225x300.jpg 225w, https:\/\/miraserra.org.br\/wp-content\/uploads\/2021\/05\/IMG-20210504-WA0026-2.jpg 960w\" sizes=\"auto, (max-width: 768px) 100vw, 768px\" \/><\/figure><\/li><li class=\"blocks-gallery-item\"><figure><img loading=\"lazy\" decoding=\"async\" width=\"768\" height=\"1024\" src=\"http:\/\/miraserra.org.br\/wp-content\/uploads\/2021\/05\/IMG-20210504-WA0031-1-768x1024.jpg\" alt=\"\" data-id=\"3210\" data-link=\"http:\/\/miraserra.org.br\/index.php\/2021\/03\/11\/um-bosque-da-memoria-em-ivora\/img-20210504-wa0031-1\/\" class=\"wp-image-3210\" srcset=\"https:\/\/miraserra.org.br\/wp-content\/uploads\/2021\/05\/IMG-20210504-WA0031-1-768x1024.jpg 768w, https:\/\/miraserra.org.br\/wp-content\/uploads\/2021\/05\/IMG-20210504-WA0031-1-225x300.jpg 225w, https:\/\/miraserra.org.br\/wp-content\/uploads\/2021\/05\/IMG-20210504-WA0031-1.jpg 960w\" sizes=\"auto, (max-width: 768px) 100vw, 768px\" \/><\/figure><\/li><\/ul><\/figure>\n\n\n\n<p class=\"has-text-align-center\"><a href=\"https:\/\/www.facebook.com\/401044756576352\/posts\/4528492460498207\/\"><strong>Saiba como foi a prepara\u00e7\u00e3o do local<\/strong><\/a><\/p>\n<\/div><\/div>\n<\/div><\/div>\n<\/div><\/div>\n<\/div><\/div>\n<\/div><\/div>\n\n\n\n<p class=\"has-text-align-center has-light-green-cyan-background-color has-background\"><strong>Finalizando a atividade, Lisiane (MIRA-SERRA) e Suzane (NEAP\/UFSM) receberam mimos dos dirigentes municipais.<\/strong><\/p>\n\n\n\n<figure class=\"wp-block-gallery columns-2 is-cropped wp-block-gallery-2 is-layout-flex wp-block-gallery-is-layout-flex\"><ul class=\"blocks-gallery-grid\"><li class=\"blocks-gallery-item\"><figure><img loading=\"lazy\" decoding=\"async\" width=\"1024\" height=\"766\" src=\"http:\/\/miraserra.org.br\/wp-content\/uploads\/2021\/05\/IMG-20210504-WA0035-1024x766.jpg\" alt=\"\" data-id=\"3226\" data-full-url=\"http:\/\/miraserra.org.br\/wp-content\/uploads\/2021\/05\/IMG-20210504-WA0035.jpg\" data-link=\"http:\/\/miraserra.org.br\/index.php\/2021\/03\/11\/um-bosque-da-memoria-em-ivora\/img-20210504-wa0035\/\" class=\"wp-image-3226\" srcset=\"https:\/\/miraserra.org.br\/wp-content\/uploads\/2021\/05\/IMG-20210504-WA0035-1024x766.jpg 1024w, https:\/\/miraserra.org.br\/wp-content\/uploads\/2021\/05\/IMG-20210504-WA0035-300x225.jpg 300w, https:\/\/miraserra.org.br\/wp-content\/uploads\/2021\/05\/IMG-20210504-WA0035-768x575.jpg 768w, https:\/\/miraserra.org.br\/wp-content\/uploads\/2021\/05\/IMG-20210504-WA0035.jpg 1280w\" sizes=\"auto, (max-width: 1024px) 100vw, 1024px\" \/><\/figure><\/li><li class=\"blocks-gallery-item\"><figure><img loading=\"lazy\" decoding=\"async\" width=\"692\" height=\"732\" src=\"http:\/\/miraserra.org.br\/wp-content\/uploads\/2021\/05\/IMG-20210504-WA0048.jpg\" alt=\"\" data-id=\"3222\" data-link=\"http:\/\/miraserra.org.br\/index.php\/2021\/03\/11\/um-bosque-da-memoria-em-ivora\/img-20210504-wa0048\/\" class=\"wp-image-3222\" srcset=\"https:\/\/miraserra.org.br\/wp-content\/uploads\/2021\/05\/IMG-20210504-WA0048.jpg 692w, https:\/\/miraserra.org.br\/wp-content\/uploads\/2021\/05\/IMG-20210504-WA0048-284x300.jpg 284w\" sizes=\"auto, (max-width: 692px) 100vw, 692px\" \/><\/figure><\/li><\/ul><\/figure>\n\n\n\n<div class=\"wp-block-group\"><div class=\"wp-block-group__inner-container is-layout-flow wp-block-group-is-layout-flow\">\n<figure class=\"wp-block-embed-wordpress wp-block-embed is-type-wp-embed is-provider-mira-serra\"><div class=\"wp-block-embed__wrapper\">\n<blockquote class=\"wp-embedded-content\" data-secret=\"iOeqloiigR\"><a href=\"http:\/\/miraserra.org.br\/index.php\/2021\/03\/11\/um-bosque-da-memoria-em-ivora\/\">UM BOSQUE DA MEM\u00d3RIA EM IVOR\u00c1<\/a><\/blockquote><iframe loading=\"lazy\" class=\"wp-embedded-content\" sandbox=\"allow-scripts\" security=\"restricted\" style=\"position: absolute; clip: rect(1px, 1px, 1px, 1px);\" title=\"&#8220;UM BOSQUE DA MEM\u00d3RIA EM IVOR\u00c1&#8221; &#8212; Mira-Serra\" src=\"http:\/\/miraserra.org.br\/index.php\/2021\/03\/11\/um-bosque-da-memoria-em-ivora\/embed\/#?secret=iOeqloiigR\" data-secret=\"iOeqloiigR\" width=\"600\" height=\"338\" frameborder=\"0\" marginwidth=\"0\" marginheight=\"0\" scrolling=\"no\"><\/iframe>\n<\/div><\/figure>\n\n\n\n<p><\/p>\n<\/div><\/div>\n\n\n\n<div class=\"wp-block-group is-layout-flow wp-block-group-is-layout-flow\"><div class=\"wp-block-group__inner-container\"><\/div><\/div>\n\n\n\n<div class=\"wp-block-group is-layout-flow wp-block-group-is-layout-flow\"><div class=\"wp-block-group__inner-container\"><\/div><\/div>\n\n\n\n<p><\/p>\n","protected":false},"excerpt":{"rendered":"<p>Na semana do seu 33\u00bade anivers\u00e1rio pol\u00edtico-administrativo do munic\u00edpio, Ivor\u00e1 implementa o primeiro BOSQUE DA MEM\u00d3RIA, do RS, com acesso<\/p>\n","protected":false},"author":1,"featured_media":3179,"comment_status":"closed","ping_status":"closed","sticky":false,"template":"","format":"standard","meta":{"colormag_page_container_layout":"default_layout","colormag_page_sidebar_layout":"default_layout","_themeisle_gutenberg_block_has_review":false,"footnotes":""},"categories":[338,196,32,26,37,264,73,60,33],"tags":[316,376,215,319,292,183,317,320,288,318],"class_list":["post-3101","post","type-post","status-publish","format-standard","has-post-thumbnail","hentry","category-bosque-da-memoria","category-campanhas-apoiadas","category-cn-rbma","category-eventos","category-mata-atlantica","category-mira-serra-e-parceiros","category-noticias","category-principais","category-rma","tag-bosques-da-memoria","tag-cn-rbma","tag-covid-19","tag-ivora","tag-mata-atantica","tag-mira-serra","tag-neap","tag-pandemia","tag-posto-avancado","tag-ufsm"],"_links":{"self":[{"href":"https:\/\/miraserra.org.br\/index.php\/wp-json\/wp\/v2\/posts\/3101","targetHints":{"allow":["GET"]}}],"collection":[{"href":"https:\/\/miraserra.org.br\/index.php\/wp-json\/wp\/v2\/posts"}],"about":[{"href":"https:\/\/miraserra.org.br\/index.php\/wp-json\/wp\/v2\/types\/post"}],"author":[{"embeddable":true,"href":"https:\/\/miraserra.org.br\/index.php\/wp-json\/wp\/v2\/users\/1"}],"replies":[{"embeddable":true,"href":"https:\/\/miraserra.org.br\/index.php\/wp-json\/wp\/v2\/comments?post=3101"}],"version-history":[{"count":12,"href":"https:\/\/miraserra.org.br\/index.php\/wp-json\/wp\/v2\/posts\/3101\/revisions"}],"predecessor-version":[{"id":3249,"href":"https:\/\/miraserra.org.br\/index.php\/wp-json\/wp\/v2\/posts\/3101\/revisions\/3249"}],"wp:featuredmedia":[{"embeddable":true,"href":"https:\/\/miraserra.org.br\/index.php\/wp-json\/wp\/v2\/media\/3179"}],"wp:attachment":[{"href":"https:\/\/miraserra.org.br\/index.php\/wp-json\/wp\/v2\/media?parent=3101"}],"wp:term":[{"taxonomy":"category","embeddable":true,"href":"https:\/\/miraserra.org.br\/index.php\/wp-json\/wp\/v2\/categories?post=3101"},{"taxonomy":"post_tag","embeddable":true,"href":"https:\/\/miraserra.org.br\/index.php\/wp-json\/wp\/v2\/tags?post=3101"}],"curies":[{"name":"wp","href":"https:\/\/api.w.org\/{rel}","templated":true}]}}