{"id":3139,"date":"2021-04-07T21:01:37","date_gmt":"2021-04-08T00:01:37","guid":{"rendered":"http:\/\/miraserra.org.br\/?p=3139"},"modified":"2021-05-18T21:34:08","modified_gmt":"2021-05-19T00:34:08","slug":"consema-abril-2021","status":"publish","type":"post","link":"https:\/\/miraserra.org.br\/index.php\/2021\/04\/07\/consema-abril-2021\/","title":{"rendered":"CONSEMA abril\/2021"},"content":{"rendered":"\n<p>Na primeira reuni\u00e3o do CONSEMA-RS, sob a condu\u00e7\u00e3o do novo secret\u00e1rio estadual do meio ambiente (7\/4\/2020), o Instituto MIRA-SERRA esteve representado pelo seu suplente . <\/p>\n\n\n\n<figure class=\"wp-block-image size-large is-style-default\"><img loading=\"lazy\" decoding=\"async\" width=\"1024\" height=\"485\" src=\"http:\/\/miraserra.org.br\/wp-content\/uploads\/2021\/04\/174427445_4477509815596472_2876416834551040190_n-1024x485.jpg\" alt=\"\" class=\"wp-image-3140\" srcset=\"https:\/\/miraserra.org.br\/wp-content\/uploads\/2021\/04\/174427445_4477509815596472_2876416834551040190_n-1024x485.jpg 1024w, https:\/\/miraserra.org.br\/wp-content\/uploads\/2021\/04\/174427445_4477509815596472_2876416834551040190_n-300x142.jpg 300w, https:\/\/miraserra.org.br\/wp-content\/uploads\/2021\/04\/174427445_4477509815596472_2876416834551040190_n-768x364.jpg 768w, https:\/\/miraserra.org.br\/wp-content\/uploads\/2021\/04\/174427445_4477509815596472_2876416834551040190_n.jpg 1351w\" sizes=\"auto, (max-width: 1024px) 100vw, 1024px\" \/><\/figure>\n\n\n\n<p>Talvez, devido a esta singularidade, a ONG n\u00e3o tenha conseguido transmitir as incoer\u00eancias apontadas: <br><br>1) as atas n\u00e3o tem tido crit\u00e9rio para a transcri\u00e7\u00e3o de falas, levando a interpreta\u00e7\u00f5es equivocadas. Somente quem assiste as grava\u00e7\u00f5es pode perceber estes hiatos &#8211; como ocorreu nas duas \u00faltimas atas aprovadas na ocasi\u00e3o.<br><br>2) a reprova\u00e7\u00e3o de uma simples recomenda\u00e7\u00e3o, sustentada no princ\u00edpio da precau\u00e7\u00e3o, imagens e argumenta\u00e7\u00e3o t\u00e9cnica chega a ser surreal. N\u00e3o traria nenhum prejuizo ou obstru\u00e7\u00e3o nenhuma! O parecer da CT foi aprovado, apesar da contradi\u00e7\u00e3o nele expressa. Tal situa\u00e7\u00e3o pode ser comparada a certa reuni\u00e3o do CONAMA, h\u00e1 uns10 anos atr\u00e1s, onde foi rejeitada uma mo\u00e7\u00e3o para que fossem realizados mais estudos sobre uma interven\u00e7\u00e3o de alt\u00edssimo impacto ambiental!<\/p>\n\n\n\n<p>Enfim, aguardemos a pr\u00f3xima plen\u00e1ria&#8230;<\/p>\n\n\n\n<figure class=\"wp-block-image size-large is-style-default\"><img loading=\"lazy\" decoding=\"async\" width=\"1024\" height=\"485\" src=\"http:\/\/miraserra.org.br\/wp-content\/uploads\/2021\/04\/174570932_4477509888929798_4143488128908467611_n-1024x485.jpg\" alt=\"\" class=\"wp-image-3141\" srcset=\"https:\/\/miraserra.org.br\/wp-content\/uploads\/2021\/04\/174570932_4477509888929798_4143488128908467611_n-1024x485.jpg 1024w, https:\/\/miraserra.org.br\/wp-content\/uploads\/2021\/04\/174570932_4477509888929798_4143488128908467611_n-300x142.jpg 300w, https:\/\/miraserra.org.br\/wp-content\/uploads\/2021\/04\/174570932_4477509888929798_4143488128908467611_n-768x364.jpg 768w, https:\/\/miraserra.org.br\/wp-content\/uploads\/2021\/04\/174570932_4477509888929798_4143488128908467611_n.jpg 1351w\" sizes=\"auto, (max-width: 1024px) 100vw, 1024px\" \/><\/figure>\n\n\n\n<p><\/p>\n","protected":false},"excerpt":{"rendered":"<p>Na primeira reuni\u00e3o do CONSEMA-RS, sob a condu\u00e7\u00e3o do novo secret\u00e1rio estadual do meio ambiente (7\/4\/2020), o Instituto MIRA-SERRA esteve<\/p>\n","protected":false},"author":1,"featured_media":3141,"comment_status":"closed","ping_status":"closed","sticky":false,"template":"","format":"standard","meta":{"colormag_page_container_layout":"default_layout","colormag_page_sidebar_layout":"default_layout","_themeisle_gutenberg_block_has_review":false,"footnotes":""},"categories":[58],"tags":[322,149,321],"class_list":["post-3139","post","type-post","status-publish","format-standard","has-post-thumbnail","hentry","category-consema-rs","tag-ata","tag-consema","tag-mocao"],"_links":{"self":[{"href":"https:\/\/miraserra.org.br\/index.php\/wp-json\/wp\/v2\/posts\/3139","targetHints":{"allow":["GET"]}}],"collection":[{"href":"https:\/\/miraserra.org.br\/index.php\/wp-json\/wp\/v2\/posts"}],"about":[{"href":"https:\/\/miraserra.org.br\/index.php\/wp-json\/wp\/v2\/types\/post"}],"author":[{"embeddable":true,"href":"https:\/\/miraserra.org.br\/index.php\/wp-json\/wp\/v2\/users\/1"}],"replies":[{"embeddable":true,"href":"https:\/\/miraserra.org.br\/index.php\/wp-json\/wp\/v2\/comments?post=3139"}],"version-history":[{"count":1,"href":"https:\/\/miraserra.org.br\/index.php\/wp-json\/wp\/v2\/posts\/3139\/revisions"}],"predecessor-version":[{"id":3142,"href":"https:\/\/miraserra.org.br\/index.php\/wp-json\/wp\/v2\/posts\/3139\/revisions\/3142"}],"wp:featuredmedia":[{"embeddable":true,"href":"https:\/\/miraserra.org.br\/index.php\/wp-json\/wp\/v2\/media\/3141"}],"wp:attachment":[{"href":"https:\/\/miraserra.org.br\/index.php\/wp-json\/wp\/v2\/media?parent=3139"}],"wp:term":[{"taxonomy":"category","embeddable":true,"href":"https:\/\/miraserra.org.br\/index.php\/wp-json\/wp\/v2\/categories?post=3139"},{"taxonomy":"post_tag","embeddable":true,"href":"https:\/\/miraserra.org.br\/index.php\/wp-json\/wp\/v2\/tags?post=3139"}],"curies":[{"name":"wp","href":"https:\/\/api.w.org\/{rel}","templated":true}]}}