{"id":3150,"date":"2021-04-16T21:26:57","date_gmt":"2021-04-17T00:26:57","guid":{"rendered":"http:\/\/miraserra.org.br\/?p=3150"},"modified":"2021-04-17T21:28:06","modified_gmt":"2021-04-18T00:28:06","slug":"conversao-de-multas-ambiental-no-ibama","status":"publish","type":"post","link":"https:\/\/miraserra.org.br\/index.php\/2021\/04\/16\/conversao-de-multas-ambiental-no-ibama\/","title":{"rendered":"\u201cConvers\u00e3o de Multas Ambientais no IBAMA\u201d"},"content":{"rendered":"\n<p>Encerrando suas atividades da sexta-feira, 16\/4, o Instituto MIRA-SERRA esteve no II Semin\u00e1rio Virtual &#8220;Convers\u00e3o de Multas Ambientais no IBAMA&#8221; .<\/p>\n\n\n\n<figure class=\"wp-block-image size-large is-style-default\"><img loading=\"lazy\" decoding=\"async\" width=\"1024\" height=\"576\" src=\"http:\/\/miraserra.org.br\/wp-content\/uploads\/2021\/04\/Captura-de-Tela-379-1024x576.png\" alt=\"\" class=\"wp-image-3151\" srcset=\"https:\/\/miraserra.org.br\/wp-content\/uploads\/2021\/04\/Captura-de-Tela-379-1024x576.png 1024w, https:\/\/miraserra.org.br\/wp-content\/uploads\/2021\/04\/Captura-de-Tela-379-300x169.png 300w, https:\/\/miraserra.org.br\/wp-content\/uploads\/2021\/04\/Captura-de-Tela-379-768x432.png 768w, https:\/\/miraserra.org.br\/wp-content\/uploads\/2021\/04\/Captura-de-Tela-379.png 1366w\" sizes=\"auto, (max-width: 1024px) 100vw, 1024px\" \/><\/figure>\n\n\n\n<p>A apresenta\u00e7\u00e3o foi bem did\u00e1tica, realizada por quatro t\u00e9cnicos que explicaram os respectivos editais, de fluxo cont\u00ednuo, focando  &#8220;Servi\u00e7os Ambientais&#8221;. <\/p>\n\n\n\n<p>Projetos aprovados dentro dos crit\u00e9rios estabelecidos e divulgados, integram uma carteira a ser disponibilizada para os processos de convers\u00e3o da multa. Valores dos projetos devem ser compat\u00edveis com o das multas.<\/p>\n\n\n\n<p>No entanto, o que talvez tenha chamado mais a aten\u00e7\u00e3o dos participantes, foi o fato do projetista n\u00e3o ter a garantia de ser o executor do seu projeto, caso selecionado. Sendo o autuado o pr\u00f3prio executor, no entanto, ele pode optar pela contrata\u00e7\u00e3o do servi\u00e7o do proponente &#8211;  que teria maior conhecimento para a realiza\u00e7\u00e3o da tarefa, garantido a liquida\u00e7\u00e3o do compromisso.  <\/p>\n\n\n\n<p>Foi poss\u00edvel perceber alguns tra\u00e7os do que foi produzido pela (extinta) C\u00e2mara Consultiva Nacional de Convers\u00e3o de Multas do IBAMA (CCN IBAMA), na qual o Instituto MIRA-SERRA representava a regi\u00e3o sul do pa\u00eds.  Um outro patamar.<\/p>\n\n\n\n<figure class=\"wp-block-image size-large is-style-default\"><img loading=\"lazy\" decoding=\"async\" width=\"1024\" height=\"576\" src=\"http:\/\/miraserra.org.br\/wp-content\/uploads\/2021\/04\/Captura-de-Tela-410-1024x576.png\" alt=\"\" class=\"wp-image-3152\" srcset=\"https:\/\/miraserra.org.br\/wp-content\/uploads\/2021\/04\/Captura-de-Tela-410-1024x576.png 1024w, https:\/\/miraserra.org.br\/wp-content\/uploads\/2021\/04\/Captura-de-Tela-410-300x169.png 300w, https:\/\/miraserra.org.br\/wp-content\/uploads\/2021\/04\/Captura-de-Tela-410-768x432.png 768w, https:\/\/miraserra.org.br\/wp-content\/uploads\/2021\/04\/Captura-de-Tela-410.png 1366w\" sizes=\"auto, (max-width: 1024px) 100vw, 1024px\" \/><\/figure>\n","protected":false},"excerpt":{"rendered":"<p>Encerrando suas atividades da sexta-feira, 16\/4, o Instituto MIRA-SERRA esteve no II Semin\u00e1rio Virtual &#8220;Convers\u00e3o de Multas Ambientais no IBAMA&#8221;<\/p>\n","protected":false},"author":1,"featured_media":3151,"comment_status":"closed","ping_status":"closed","sticky":false,"template":"","format":"standard","meta":{"colormag_page_container_layout":"default_layout","colormag_page_sidebar_layout":"default_layout","_themeisle_gutenberg_block_has_review":false,"footnotes":""},"categories":[26],"tags":[328,331,329,330],"class_list":["post-3150","post","type-post","status-publish","format-standard","has-post-thumbnail","hentry","category-eventos","tag-ccn","tag-conversao","tag-ibama","tag-multas"],"_links":{"self":[{"href":"https:\/\/miraserra.org.br\/index.php\/wp-json\/wp\/v2\/posts\/3150","targetHints":{"allow":["GET"]}}],"collection":[{"href":"https:\/\/miraserra.org.br\/index.php\/wp-json\/wp\/v2\/posts"}],"about":[{"href":"https:\/\/miraserra.org.br\/index.php\/wp-json\/wp\/v2\/types\/post"}],"author":[{"embeddable":true,"href":"https:\/\/miraserra.org.br\/index.php\/wp-json\/wp\/v2\/users\/1"}],"replies":[{"embeddable":true,"href":"https:\/\/miraserra.org.br\/index.php\/wp-json\/wp\/v2\/comments?post=3150"}],"version-history":[{"count":2,"href":"https:\/\/miraserra.org.br\/index.php\/wp-json\/wp\/v2\/posts\/3150\/revisions"}],"predecessor-version":[{"id":3154,"href":"https:\/\/miraserra.org.br\/index.php\/wp-json\/wp\/v2\/posts\/3150\/revisions\/3154"}],"wp:featuredmedia":[{"embeddable":true,"href":"https:\/\/miraserra.org.br\/index.php\/wp-json\/wp\/v2\/media\/3151"}],"wp:attachment":[{"href":"https:\/\/miraserra.org.br\/index.php\/wp-json\/wp\/v2\/media?parent=3150"}],"wp:term":[{"taxonomy":"category","embeddable":true,"href":"https:\/\/miraserra.org.br\/index.php\/wp-json\/wp\/v2\/categories?post=3150"},{"taxonomy":"post_tag","embeddable":true,"href":"https:\/\/miraserra.org.br\/index.php\/wp-json\/wp\/v2\/tags?post=3150"}],"curies":[{"name":"wp","href":"https:\/\/api.w.org\/{rel}","templated":true}]}}