{"id":3165,"date":"2021-04-20T18:43:25","date_gmt":"2021-04-20T21:43:25","guid":{"rendered":"http:\/\/miraserra.org.br\/?p=3165"},"modified":"2021-04-24T18:43:50","modified_gmt":"2021-04-24T21:43:50","slug":"apa-rota-do-sol-novidades-em-2021","status":"publish","type":"post","link":"https:\/\/miraserra.org.br\/index.php\/2021\/04\/20\/apa-rota-do-sol-novidades-em-2021\/","title":{"rendered":"APA ROTA DO SOL: novidades em 2021"},"content":{"rendered":"\n<p>O Instituto MIRA-SERRA, enquanto representante do Comit\u00ea Estadual da Reserva da Biosfera da Mata Atl\u00e2ntica (CERBMA-RS), integra o Conselho da Esta\u00e7\u00e3o Ecol\u00f3gica da Aratinga e da APA Rota do Sol &#8211; UCs estaduais. <\/p>\n\n\n\n<p>Neste ano, foi deliberado pela fiss\u00e3o entre os conselhos, tendo em vista que se tratam de duas UCs (Prote\u00e7\u00e3o Integral e Uso Sustent\u00e1vel) com prop\u00f3sitos diversos &#8211; apesar da contiguidade territorial.<\/p>\n\n\n\n<figure class=\"wp-block-image size-large is-style-default\"><img loading=\"lazy\" decoding=\"async\" width=\"934\" height=\"655\" src=\"http:\/\/miraserra.org.br\/wp-content\/uploads\/2021\/04\/Captura-de-Tela-441.png\" alt=\"\" class=\"wp-image-3166\" srcset=\"https:\/\/miraserra.org.br\/wp-content\/uploads\/2021\/04\/Captura-de-Tela-441.png 934w, https:\/\/miraserra.org.br\/wp-content\/uploads\/2021\/04\/Captura-de-Tela-441-300x210.png 300w, https:\/\/miraserra.org.br\/wp-content\/uploads\/2021\/04\/Captura-de-Tela-441-768x539.png 768w, https:\/\/miraserra.org.br\/wp-content\/uploads\/2021\/04\/Captura-de-Tela-441-130x90.png 130w\" sizes=\"auto, (max-width: 934px) 100vw, 934px\" \/><\/figure>\n\n\n\n<p>Sendo assim, a demanda de tempo e dedica\u00e7\u00e3o da ONG aumentou. Al\u00e9m disto, como  representa\u00e7\u00e3o em Conselhos de UCs, \u00e9 requerida a apresenta\u00e7\u00e3o de relatos nas reuni\u00f5es do CERBMA-RS. <\/p>\n\n\n\n<p>A primeira reuni\u00e3o, exclusiva, da APA Rota do Sol ocorreu em 20\/4, abordando quest\u00f5es como o Plano de Manejo, Fiscaliza\u00e7\u00e3o, mudan\u00e7a de gestor, a participa\u00e7\u00e3o da popula\u00e7\u00e3o, pautas futuras e encaminhamentos,<\/p>\n\n\n\n<figure class=\"wp-block-image size-large is-style-default\"><img loading=\"lazy\" decoding=\"async\" width=\"1024\" height=\"576\" src=\"http:\/\/miraserra.org.br\/wp-content\/uploads\/2021\/04\/Captura-de-Tela-446-1024x576.png\" alt=\"\" class=\"wp-image-3167\" srcset=\"https:\/\/miraserra.org.br\/wp-content\/uploads\/2021\/04\/Captura-de-Tela-446-1024x576.png 1024w, https:\/\/miraserra.org.br\/wp-content\/uploads\/2021\/04\/Captura-de-Tela-446-300x169.png 300w, https:\/\/miraserra.org.br\/wp-content\/uploads\/2021\/04\/Captura-de-Tela-446-768x432.png 768w, https:\/\/miraserra.org.br\/wp-content\/uploads\/2021\/04\/Captura-de-Tela-446.png 1366w\" sizes=\"auto, (max-width: 1024px) 100vw, 1024px\" \/><\/figure>\n","protected":false},"excerpt":{"rendered":"<p>O Instituto MIRA-SERRA, enquanto representante do Comit\u00ea Estadual da Reserva da Biosfera da Mata Atl\u00e2ntica (CERBMA-RS), integra o Conselho da<\/p>\n","protected":false},"author":1,"featured_media":3167,"comment_status":"closed","ping_status":"closed","sticky":false,"template":"","format":"standard","meta":{"colormag_page_container_layout":"default_layout","colormag_page_sidebar_layout":"default_layout","_themeisle_gutenberg_block_has_review":false,"footnotes":""},"categories":[50,55],"tags":[332,333,145,183,311],"class_list":["post-3165","post","type-post","status-publish","format-standard","has-post-thumbnail","hentry","category-cerbma","category-colegiados","tag-apa","tag-cerbma-rs","tag-conselho","tag-mira-serra","tag-rota-do-sol"],"_links":{"self":[{"href":"https:\/\/miraserra.org.br\/index.php\/wp-json\/wp\/v2\/posts\/3165","targetHints":{"allow":["GET"]}}],"collection":[{"href":"https:\/\/miraserra.org.br\/index.php\/wp-json\/wp\/v2\/posts"}],"about":[{"href":"https:\/\/miraserra.org.br\/index.php\/wp-json\/wp\/v2\/types\/post"}],"author":[{"embeddable":true,"href":"https:\/\/miraserra.org.br\/index.php\/wp-json\/wp\/v2\/users\/1"}],"replies":[{"embeddable":true,"href":"https:\/\/miraserra.org.br\/index.php\/wp-json\/wp\/v2\/comments?post=3165"}],"version-history":[{"count":1,"href":"https:\/\/miraserra.org.br\/index.php\/wp-json\/wp\/v2\/posts\/3165\/revisions"}],"predecessor-version":[{"id":3168,"href":"https:\/\/miraserra.org.br\/index.php\/wp-json\/wp\/v2\/posts\/3165\/revisions\/3168"}],"wp:featuredmedia":[{"embeddable":true,"href":"https:\/\/miraserra.org.br\/index.php\/wp-json\/wp\/v2\/media\/3167"}],"wp:attachment":[{"href":"https:\/\/miraserra.org.br\/index.php\/wp-json\/wp\/v2\/media?parent=3165"}],"wp:term":[{"taxonomy":"category","embeddable":true,"href":"https:\/\/miraserra.org.br\/index.php\/wp-json\/wp\/v2\/categories?post=3165"},{"taxonomy":"post_tag","embeddable":true,"href":"https:\/\/miraserra.org.br\/index.php\/wp-json\/wp\/v2\/tags?post=3165"}],"curies":[{"name":"wp","href":"https:\/\/api.w.org\/{rel}","templated":true}]}}