{"id":3170,"date":"2021-04-22T19:35:31","date_gmt":"2021-04-22T22:35:31","guid":{"rendered":"http:\/\/miraserra.org.br\/?p=3170"},"modified":"2021-04-24T19:35:55","modified_gmt":"2021-04-24T22:35:55","slug":"dia-da-terra-em-atividade","status":"publish","type":"post","link":"https:\/\/miraserra.org.br\/index.php\/2021\/04\/22\/dia-da-terra-em-atividade\/","title":{"rendered":"Dia da Terra em atividade"},"content":{"rendered":"\n<p>Dando prosseguimento \u00e0s suas representa\u00e7\u00f5es junto ao Minist\u00e9rio P\u00fablico, a MIRA-SERRA foi &#8220;a campo&#8221; no dia da Terra.<\/p>\n\n\n\n<figure class=\"wp-block-image size-large is-style-rounded\"><img loading=\"lazy\" decoding=\"async\" width=\"1024\" height=\"768\" src=\"http:\/\/miraserra.org.br\/wp-content\/uploads\/2021\/04\/176094229_4502820783065375_7401034655867760641_n-1024x768.jpg\" alt=\"\" class=\"wp-image-3171\" srcset=\"https:\/\/miraserra.org.br\/wp-content\/uploads\/2021\/04\/176094229_4502820783065375_7401034655867760641_n-1024x768.jpg 1024w, https:\/\/miraserra.org.br\/wp-content\/uploads\/2021\/04\/176094229_4502820783065375_7401034655867760641_n-300x225.jpg 300w, https:\/\/miraserra.org.br\/wp-content\/uploads\/2021\/04\/176094229_4502820783065375_7401034655867760641_n-768x576.jpg 768w, https:\/\/miraserra.org.br\/wp-content\/uploads\/2021\/04\/176094229_4502820783065375_7401034655867760641_n.jpg 1152w\" sizes=\"auto, (max-width: 1024px) 100vw, 1024px\" \/><\/figure>\n\n\n\n<p>O registro por imagens e, a busca documental comprobat\u00f3ria, s\u00e3o base para a\u00e7\u00f5es contra a degrada\u00e7\u00e3o ambiental. <\/p>\n\n\n\n<figure class=\"wp-block-image size-large is-style-rounded\"><img loading=\"lazy\" decoding=\"async\" width=\"1008\" height=\"756\" src=\"http:\/\/miraserra.org.br\/wp-content\/uploads\/2021\/04\/176503905_4502821039732016_5131269609955840208_n.jpg\" alt=\"\" class=\"wp-image-3172\" srcset=\"https:\/\/miraserra.org.br\/wp-content\/uploads\/2021\/04\/176503905_4502821039732016_5131269609955840208_n.jpg 1008w, https:\/\/miraserra.org.br\/wp-content\/uploads\/2021\/04\/176503905_4502821039732016_5131269609955840208_n-300x225.jpg 300w, https:\/\/miraserra.org.br\/wp-content\/uploads\/2021\/04\/176503905_4502821039732016_5131269609955840208_n-768x576.jpg 768w\" sizes=\"auto, (max-width: 1008px) 100vw, 1008px\" \/><\/figure>\n\n\n\n<figure class=\"wp-block-image size-large is-style-default\"><img loading=\"lazy\" decoding=\"async\" width=\"917\" height=\"807\" src=\"http:\/\/miraserra.org.br\/wp-content\/uploads\/2021\/04\/176619763_4495257137155073_4134860551873417699_n.jpg\" alt=\"\" class=\"wp-image-3173\" srcset=\"https:\/\/miraserra.org.br\/wp-content\/uploads\/2021\/04\/176619763_4495257137155073_4134860551873417699_n.jpg 917w, https:\/\/miraserra.org.br\/wp-content\/uploads\/2021\/04\/176619763_4495257137155073_4134860551873417699_n-300x264.jpg 300w, https:\/\/miraserra.org.br\/wp-content\/uploads\/2021\/04\/176619763_4495257137155073_4134860551873417699_n-768x676.jpg 768w\" sizes=\"auto, (max-width: 917px) 100vw, 917px\" \/><\/figure>\n","protected":false},"excerpt":{"rendered":"<p>Dando prosseguimento \u00e0s suas representa\u00e7\u00f5es junto ao Minist\u00e9rio P\u00fablico, a MIRA-SERRA foi &#8220;a campo&#8221; no dia da Terra. O registro<\/p>\n","protected":false},"author":1,"featured_media":3173,"comment_status":"closed","ping_status":"closed","sticky":false,"template":"","format":"standard","meta":{"colormag_page_container_layout":"default_layout","colormag_page_sidebar_layout":"default_layout","_themeisle_gutenberg_block_has_review":false,"footnotes":""},"categories":[77],"tags":[334],"class_list":["post-3170","post","type-post","status-publish","format-standard","has-post-thumbnail","hentry","category-agenda","tag-dia-da-terra"],"_links":{"self":[{"href":"https:\/\/miraserra.org.br\/index.php\/wp-json\/wp\/v2\/posts\/3170","targetHints":{"allow":["GET"]}}],"collection":[{"href":"https:\/\/miraserra.org.br\/index.php\/wp-json\/wp\/v2\/posts"}],"about":[{"href":"https:\/\/miraserra.org.br\/index.php\/wp-json\/wp\/v2\/types\/post"}],"author":[{"embeddable":true,"href":"https:\/\/miraserra.org.br\/index.php\/wp-json\/wp\/v2\/users\/1"}],"replies":[{"embeddable":true,"href":"https:\/\/miraserra.org.br\/index.php\/wp-json\/wp\/v2\/comments?post=3170"}],"version-history":[{"count":1,"href":"https:\/\/miraserra.org.br\/index.php\/wp-json\/wp\/v2\/posts\/3170\/revisions"}],"predecessor-version":[{"id":3174,"href":"https:\/\/miraserra.org.br\/index.php\/wp-json\/wp\/v2\/posts\/3170\/revisions\/3174"}],"wp:featuredmedia":[{"embeddable":true,"href":"https:\/\/miraserra.org.br\/index.php\/wp-json\/wp\/v2\/media\/3173"}],"wp:attachment":[{"href":"https:\/\/miraserra.org.br\/index.php\/wp-json\/wp\/v2\/media?parent=3170"}],"wp:term":[{"taxonomy":"category","embeddable":true,"href":"https:\/\/miraserra.org.br\/index.php\/wp-json\/wp\/v2\/categories?post=3170"},{"taxonomy":"post_tag","embeddable":true,"href":"https:\/\/miraserra.org.br\/index.php\/wp-json\/wp\/v2\/tags?post=3170"}],"curies":[{"name":"wp","href":"https:\/\/api.w.org\/{rel}","templated":true}]}}