{"id":3337,"date":"2021-06-08T22:09:20","date_gmt":"2021-06-09T01:09:20","guid":{"rendered":"http:\/\/miraserra.org.br\/?p=3337"},"modified":"2021-06-23T22:09:55","modified_gmt":"2021-06-24T01:09:55","slug":"rio-grande-do-sul-e-a-implementacao-da-lei-federal-no-12-651-2012","status":"publish","type":"post","link":"https:\/\/miraserra.org.br\/index.php\/2021\/06\/08\/rio-grande-do-sul-e-a-implementacao-da-lei-federal-no-12-651-2012\/","title":{"rendered":"Rio Grande do Sul e a implementa\u00e7\u00e3o da Lei Federal n\u00ba 12.651\/2012"},"content":{"rendered":"\n<p><strong>CONFIRA a discuss\u00e3o em<\/strong> <a rel=\"noreferrer noopener\" href=\"https:\/\/www.youtube.com\/watch?v=OrxUCNwFU-w&amp;fbclid=IwAR3sG0RAC691ppWlzTNsMF0XK8Jqri045fFnGnLzU_z27lVIc9qN1AU1Bzw\" target=\"_blank\">https:\/\/www.youtube.com\/watch?v=OrxUCNwFU-w<\/a><\/p>\n\n\n\n<p>O Instituto MIRA-SERRA agradece a indica\u00e7\u00e3o, realizada por institui\u00e7\u00f5es ligadas \u00e0 conserva\u00e7\u00e3o da Mata Atl\u00e2ntica, para participar do<em> webinar<\/em>, que discutiu o CAR, PRA, PRADA e CRAS no \u00e2mbito do Rio Grande do Sul .<\/p>\n\n\n\n<figure class=\"wp-block-image size-large is-style-default\"><img loading=\"lazy\" decoding=\"async\" width=\"1024\" height=\"390\" src=\"http:\/\/miraserra.org.br\/wp-content\/uploads\/2021\/06\/196530846_4641831842497601_6725558241626922743_n-1024x390.jpg\" alt=\"\" class=\"wp-image-3339\" srcset=\"https:\/\/miraserra.org.br\/wp-content\/uploads\/2021\/06\/196530846_4641831842497601_6725558241626922743_n-1024x390.jpg 1024w, https:\/\/miraserra.org.br\/wp-content\/uploads\/2021\/06\/196530846_4641831842497601_6725558241626922743_n-300x114.jpg 300w, https:\/\/miraserra.org.br\/wp-content\/uploads\/2021\/06\/196530846_4641831842497601_6725558241626922743_n-768x292.jpg 768w, https:\/\/miraserra.org.br\/wp-content\/uploads\/2021\/06\/196530846_4641831842497601_6725558241626922743_n.jpg 1075w\" sizes=\"auto, (max-width: 1024px) 100vw, 1024px\" \/><\/figure>\n\n\n\n<div class=\"wp-block-group\"><div class=\"wp-block-group__inner-container is-layout-flow wp-block-group-is-layout-flow\">\n<figure class=\"wp-block-image size-large is-style-default\"><img loading=\"lazy\" decoding=\"async\" width=\"960\" height=\"538\" src=\"http:\/\/miraserra.org.br\/wp-content\/uploads\/2021\/06\/195681386_4641831909164261_5544323828787596640_n.jpg\" alt=\"\" class=\"wp-image-3340\" srcset=\"https:\/\/miraserra.org.br\/wp-content\/uploads\/2021\/06\/195681386_4641831909164261_5544323828787596640_n.jpg 960w, https:\/\/miraserra.org.br\/wp-content\/uploads\/2021\/06\/195681386_4641831909164261_5544323828787596640_n-300x168.jpg 300w, https:\/\/miraserra.org.br\/wp-content\/uploads\/2021\/06\/195681386_4641831909164261_5544323828787596640_n-768x430.jpg 768w\" sizes=\"auto, (max-width: 960px) 100vw, 960px\" \/><\/figure>\n\n\n\n<p><\/p>\n<\/div><\/div>\n\n\n\n<p><\/p>\n","protected":false},"excerpt":{"rendered":"<p>CONFIRA a discuss\u00e3o em https:\/\/www.youtube.com\/watch?v=OrxUCNwFU-w O Instituto MIRA-SERRA agradece a indica\u00e7\u00e3o, realizada por institui\u00e7\u00f5es ligadas \u00e0 conserva\u00e7\u00e3o da Mata Atl\u00e2ntica,<\/p>\n","protected":false},"author":1,"featured_media":3338,"comment_status":"closed","ping_status":"closed","sticky":false,"template":"","format":"standard","meta":{"colormag_page_container_layout":"default_layout","colormag_page_sidebar_layout":"default_layout","_themeisle_gutenberg_block_has_review":false,"footnotes":""},"categories":[73],"tags":[],"class_list":["post-3337","post","type-post","status-publish","format-standard","has-post-thumbnail","hentry","category-noticias"],"_links":{"self":[{"href":"https:\/\/miraserra.org.br\/index.php\/wp-json\/wp\/v2\/posts\/3337","targetHints":{"allow":["GET"]}}],"collection":[{"href":"https:\/\/miraserra.org.br\/index.php\/wp-json\/wp\/v2\/posts"}],"about":[{"href":"https:\/\/miraserra.org.br\/index.php\/wp-json\/wp\/v2\/types\/post"}],"author":[{"embeddable":true,"href":"https:\/\/miraserra.org.br\/index.php\/wp-json\/wp\/v2\/users\/1"}],"replies":[{"embeddable":true,"href":"https:\/\/miraserra.org.br\/index.php\/wp-json\/wp\/v2\/comments?post=3337"}],"version-history":[{"count":1,"href":"https:\/\/miraserra.org.br\/index.php\/wp-json\/wp\/v2\/posts\/3337\/revisions"}],"predecessor-version":[{"id":3341,"href":"https:\/\/miraserra.org.br\/index.php\/wp-json\/wp\/v2\/posts\/3337\/revisions\/3341"}],"wp:featuredmedia":[{"embeddable":true,"href":"https:\/\/miraserra.org.br\/index.php\/wp-json\/wp\/v2\/media\/3338"}],"wp:attachment":[{"href":"https:\/\/miraserra.org.br\/index.php\/wp-json\/wp\/v2\/media?parent=3337"}],"wp:term":[{"taxonomy":"category","embeddable":true,"href":"https:\/\/miraserra.org.br\/index.php\/wp-json\/wp\/v2\/categories?post=3337"},{"taxonomy":"post_tag","embeddable":true,"href":"https:\/\/miraserra.org.br\/index.php\/wp-json\/wp\/v2\/tags?post=3337"}],"curies":[{"name":"wp","href":"https:\/\/api.w.org\/{rel}","templated":true}]}}