{"id":3385,"date":"2021-07-27T20:05:59","date_gmt":"2021-07-27T23:05:59","guid":{"rendered":"http:\/\/miraserra.org.br\/?p=3385"},"modified":"2021-08-01T21:30:44","modified_gmt":"2021-08-02T00:30:44","slug":"conselho-apa-rota-do-sol","status":"publish","type":"post","link":"https:\/\/miraserra.org.br\/index.php\/2021\/07\/27\/conselho-apa-rota-do-sol\/","title":{"rendered":"Conselhos APA Rota do Sol e EsEc Aratinga"},"content":{"rendered":"\n<p>Representando o Comit\u00ea Estadual da Reserva da Biosfera da Mata Atl\u00e2ntica (CERBMA-RS), o Instituto <a href=\"http:\/\/miraserra.org.br\/index.php\/category\/colegiados\/cerbma\/\">MIRA-SERRA ocupa vaga <\/a>no Conselho da <a href=\"https:\/\/www.sema.rs.gov.br\/area-de-protecao-ambiental-rota-do-sol\">\u00c1rea de Prote\u00e7\u00e3o Ambiental Rota do Sol<\/a> e no Conselho da <a href=\"https:\/\/www.sema.rs.gov.br\/estacao-ecologica-estadual-aratinga\">Esta\u00e7\u00e3o Ecol\u00f3gica Aratinga<\/a>. Antes realizadas conjuntamente, as reuni\u00f5es deste conselhos foram separadas em decis\u00e3o neste ano.<\/p>\n\n\n\n<p>No dia 13\/7\/2021 foi realizada a reuni\u00e3o do conselho da APA Rota do Sol.<\/p>\n\n\n\n<figure class=\"wp-block-image size-large\"><img loading=\"lazy\" decoding=\"async\" width=\"1024\" height=\"576\" src=\"http:\/\/miraserra.org.br\/wp-content\/uploads\/2021\/07\/Captura-de-Tela-781-1024x576.png\" alt=\"\" class=\"wp-image-3389\" srcset=\"https:\/\/miraserra.org.br\/wp-content\/uploads\/2021\/07\/Captura-de-Tela-781-1024x576.png 1024w, https:\/\/miraserra.org.br\/wp-content\/uploads\/2021\/07\/Captura-de-Tela-781-300x169.png 300w, https:\/\/miraserra.org.br\/wp-content\/uploads\/2021\/07\/Captura-de-Tela-781-768x432.png 768w, https:\/\/miraserra.org.br\/wp-content\/uploads\/2021\/07\/Captura-de-Tela-781.png 1366w\" sizes=\"auto, (max-width: 1024px) 100vw, 1024px\" \/><\/figure>\n\n\n\n<p>O ponto principal da pauta foi a apresenta\u00e7\u00e3o da pesquisadora Thaise Sutil (Universidade do Extremo Sul Catarinense \/ Laborat\u00f3rio de Planejamento e Gest\u00e3o Territorial &#8211; LabPGT).<\/p>\n\n\n\n<p>Com discuss\u00e3o ap\u00f3s sua explana\u00e7\u00e3o,  o Conselho deliberou por participar de Workshop via Grupo de Trabalho, paradiagn\u00f3stico do zoneamento da Unidade de Conserva\u00e7\u00e3o &#8211; integrando o experimento acad\u00eamico que faz parte do projeto de doutorado da Thaise Sutil. <\/p>\n\n\n\n<p>O Departamento de Biodiversidade \/SEMAI-RS disponibilizar\u00e1  material  produzido pelo departamento , relativo \u00e0 \u00e1rea.<\/p>\n\n\n\n<p> O Instituto MIRA-SERRA se inscreveu para participar do GT. Ser\u00e3o quatro tardes, tr\u00eas em agosto e uma em setembro.<\/p>\n\n\n\n<figure class=\"wp-block-image size-large\"><img loading=\"lazy\" decoding=\"async\" width=\"1024\" height=\"576\" src=\"http:\/\/miraserra.org.br\/wp-content\/uploads\/2021\/07\/Captura-de-Tela-769-1024x576.png\" alt=\"\" class=\"wp-image-3386\" srcset=\"https:\/\/miraserra.org.br\/wp-content\/uploads\/2021\/07\/Captura-de-Tela-769-1024x576.png 1024w, https:\/\/miraserra.org.br\/wp-content\/uploads\/2021\/07\/Captura-de-Tela-769-300x169.png 300w, https:\/\/miraserra.org.br\/wp-content\/uploads\/2021\/07\/Captura-de-Tela-769-768x432.png 768w, https:\/\/miraserra.org.br\/wp-content\/uploads\/2021\/07\/Captura-de-Tela-769.png 1366w\" sizes=\"auto, (max-width: 1024px) 100vw, 1024px\" \/><\/figure>\n\n\n\n<p>A coordenadora da MIRA-SERRA, ao lembrar no &#8220;chat&#8221; que permanece com disposi\u00e7\u00e3o de elaborar o Plano Municipal de Mata Atl\u00e2ntica,  ensejou coment\u00e1rio da presidente da UC e contatos depois da reuni\u00e3o.<\/p>\n\n\n\n<figure class=\"wp-block-gallery columns-3 is-cropped wp-block-gallery-1 is-layout-flex wp-block-gallery-is-layout-flex\"><ul class=\"blocks-gallery-grid\"><li class=\"blocks-gallery-item\"><figure><img loading=\"lazy\" decoding=\"async\" width=\"1024\" height=\"576\" src=\"http:\/\/miraserra.org.br\/wp-content\/uploads\/2021\/07\/Captura-de-Tela-786-1-1024x576.png\" alt=\"\" data-id=\"3390\" class=\"wp-image-3390\" srcset=\"https:\/\/miraserra.org.br\/wp-content\/uploads\/2021\/07\/Captura-de-Tela-786-1-1024x576.png 1024w, https:\/\/miraserra.org.br\/wp-content\/uploads\/2021\/07\/Captura-de-Tela-786-1-300x169.png 300w, https:\/\/miraserra.org.br\/wp-content\/uploads\/2021\/07\/Captura-de-Tela-786-1-768x432.png 768w, https:\/\/miraserra.org.br\/wp-content\/uploads\/2021\/07\/Captura-de-Tela-786-1.png 1366w\" sizes=\"auto, (max-width: 1024px) 100vw, 1024px\" \/><\/figure><\/li><li class=\"blocks-gallery-item\"><figure><img loading=\"lazy\" decoding=\"async\" width=\"1024\" height=\"576\" src=\"http:\/\/miraserra.org.br\/wp-content\/uploads\/2021\/07\/Captura-de-Tela-787-1024x576.png\" alt=\"\" data-id=\"3391\" data-full-url=\"http:\/\/miraserra.org.br\/wp-content\/uploads\/2021\/07\/Captura-de-Tela-787.png\" data-link=\"http:\/\/miraserra.org.br\/?attachment_id=3391\" class=\"wp-image-3391\" srcset=\"https:\/\/miraserra.org.br\/wp-content\/uploads\/2021\/07\/Captura-de-Tela-787-1024x576.png 1024w, https:\/\/miraserra.org.br\/wp-content\/uploads\/2021\/07\/Captura-de-Tela-787-300x169.png 300w, https:\/\/miraserra.org.br\/wp-content\/uploads\/2021\/07\/Captura-de-Tela-787-768x432.png 768w, https:\/\/miraserra.org.br\/wp-content\/uploads\/2021\/07\/Captura-de-Tela-787.png 1366w\" sizes=\"auto, (max-width: 1024px) 100vw, 1024px\" \/><\/figure><\/li><li class=\"blocks-gallery-item\"><figure><img loading=\"lazy\" decoding=\"async\" width=\"1024\" height=\"576\" src=\"http:\/\/miraserra.org.br\/wp-content\/uploads\/2021\/07\/Captura-de-Tela-788-1024x576.png\" alt=\"\" data-id=\"3392\" data-full-url=\"http:\/\/miraserra.org.br\/wp-content\/uploads\/2021\/07\/Captura-de-Tela-788.png\" data-link=\"http:\/\/miraserra.org.br\/?attachment_id=3392\" class=\"wp-image-3392\" srcset=\"https:\/\/miraserra.org.br\/wp-content\/uploads\/2021\/07\/Captura-de-Tela-788-1024x576.png 1024w, https:\/\/miraserra.org.br\/wp-content\/uploads\/2021\/07\/Captura-de-Tela-788-300x169.png 300w, https:\/\/miraserra.org.br\/wp-content\/uploads\/2021\/07\/Captura-de-Tela-788-768x432.png 768w, https:\/\/miraserra.org.br\/wp-content\/uploads\/2021\/07\/Captura-de-Tela-788.png 1366w\" sizes=\"auto, (max-width: 1024px) 100vw, 1024px\" \/><\/figure><\/li><\/ul><\/figure>\n\n\n\n<p>O conselho da Esta\u00e7\u00e3o Ecol\u00f3gica Aratinga se reuniu no dia 27.<\/p>\n\n\n\n<figure class=\"wp-block-image size-large\"><img loading=\"lazy\" decoding=\"async\" width=\"1024\" height=\"576\" src=\"http:\/\/miraserra.org.br\/wp-content\/uploads\/2021\/08\/Captura-de-Tela-849-1024x576.png\" alt=\"\" class=\"wp-image-3397\" srcset=\"https:\/\/miraserra.org.br\/wp-content\/uploads\/2021\/08\/Captura-de-Tela-849-1024x576.png 1024w, https:\/\/miraserra.org.br\/wp-content\/uploads\/2021\/08\/Captura-de-Tela-849-300x169.png 300w, https:\/\/miraserra.org.br\/wp-content\/uploads\/2021\/08\/Captura-de-Tela-849-768x432.png 768w, https:\/\/miraserra.org.br\/wp-content\/uploads\/2021\/08\/Captura-de-Tela-849.png 1366w\" sizes=\"auto, (max-width: 1024px) 100vw, 1024px\" \/><\/figure>\n\n\n\n<p> Com pauta focada, o item principal recaiu na apresenta\u00e7\u00e3o de TCC, com possibilidade de aplica\u00e7\u00e3o por parceiros da EsEc, como respondido ao questionamento da coordenadora da MIRA-SERRA.<\/p>\n\n\n\n<div class=\"wp-block-group\"><div class=\"wp-block-group__inner-container is-layout-flow wp-block-group-is-layout-flow\">\n<figure class=\"wp-block-gallery columns-3 is-cropped wp-block-gallery-2 is-layout-flex wp-block-gallery-is-layout-flex\"><ul class=\"blocks-gallery-grid\"><li class=\"blocks-gallery-item\"><figure><img loading=\"lazy\" decoding=\"async\" width=\"1024\" height=\"576\" src=\"http:\/\/miraserra.org.br\/wp-content\/uploads\/2021\/08\/Captura-de-Tela-853-1024x576.png\" alt=\"\" data-id=\"3399\" data-full-url=\"http:\/\/miraserra.org.br\/wp-content\/uploads\/2021\/08\/Captura-de-Tela-853.png\" data-link=\"http:\/\/miraserra.org.br\/index.php\/2021\/07\/13\/conselho-apa-rota-do-sol\/captura-de-tela-853\/\" class=\"wp-image-3399\" srcset=\"https:\/\/miraserra.org.br\/wp-content\/uploads\/2021\/08\/Captura-de-Tela-853-1024x576.png 1024w, https:\/\/miraserra.org.br\/wp-content\/uploads\/2021\/08\/Captura-de-Tela-853-300x169.png 300w, https:\/\/miraserra.org.br\/wp-content\/uploads\/2021\/08\/Captura-de-Tela-853-768x432.png 768w, https:\/\/miraserra.org.br\/wp-content\/uploads\/2021\/08\/Captura-de-Tela-853.png 1366w\" sizes=\"auto, (max-width: 1024px) 100vw, 1024px\" \/><\/figure><\/li><li class=\"blocks-gallery-item\"><figure><img loading=\"lazy\" decoding=\"async\" width=\"1024\" height=\"576\" src=\"http:\/\/miraserra.org.br\/wp-content\/uploads\/2021\/08\/Captura-de-Tela-855-1024x576.png\" alt=\"\" data-id=\"3400\" data-full-url=\"http:\/\/miraserra.org.br\/wp-content\/uploads\/2021\/08\/Captura-de-Tela-855.png\" data-link=\"http:\/\/miraserra.org.br\/index.php\/2021\/07\/13\/conselho-apa-rota-do-sol\/captura-de-tela-855\/\" class=\"wp-image-3400\" srcset=\"https:\/\/miraserra.org.br\/wp-content\/uploads\/2021\/08\/Captura-de-Tela-855-1024x576.png 1024w, https:\/\/miraserra.org.br\/wp-content\/uploads\/2021\/08\/Captura-de-Tela-855-300x169.png 300w, https:\/\/miraserra.org.br\/wp-content\/uploads\/2021\/08\/Captura-de-Tela-855-768x432.png 768w, https:\/\/miraserra.org.br\/wp-content\/uploads\/2021\/08\/Captura-de-Tela-855.png 1366w\" sizes=\"auto, (max-width: 1024px) 100vw, 1024px\" \/><\/figure><\/li><li class=\"blocks-gallery-item\"><figure><img loading=\"lazy\" decoding=\"async\" width=\"1024\" height=\"576\" src=\"http:\/\/miraserra.org.br\/wp-content\/uploads\/2021\/08\/Captura-de-Tela-856-1024x576.png\" alt=\"\" data-id=\"3401\" data-full-url=\"http:\/\/miraserra.org.br\/wp-content\/uploads\/2021\/08\/Captura-de-Tela-856.png\" data-link=\"http:\/\/miraserra.org.br\/index.php\/2021\/07\/13\/conselho-apa-rota-do-sol\/captura-de-tela-856\/\" class=\"wp-image-3401\" srcset=\"https:\/\/miraserra.org.br\/wp-content\/uploads\/2021\/08\/Captura-de-Tela-856-1024x576.png 1024w, https:\/\/miraserra.org.br\/wp-content\/uploads\/2021\/08\/Captura-de-Tela-856-300x169.png 300w, https:\/\/miraserra.org.br\/wp-content\/uploads\/2021\/08\/Captura-de-Tela-856-768x432.png 768w, https:\/\/miraserra.org.br\/wp-content\/uploads\/2021\/08\/Captura-de-Tela-856.png 1366w\" sizes=\"auto, (max-width: 1024px) 100vw, 1024px\" \/><\/figure><\/li><li class=\"blocks-gallery-item\"><figure><img loading=\"lazy\" decoding=\"async\" width=\"1024\" height=\"576\" src=\"http:\/\/miraserra.org.br\/wp-content\/uploads\/2021\/08\/Captura-de-Tela-859-1024x576.png\" alt=\"\" data-id=\"3403\" data-full-url=\"http:\/\/miraserra.org.br\/wp-content\/uploads\/2021\/08\/Captura-de-Tela-859.png\" data-link=\"http:\/\/miraserra.org.br\/index.php\/2021\/07\/13\/conselho-apa-rota-do-sol\/captura-de-tela-859\/\" class=\"wp-image-3403\" srcset=\"https:\/\/miraserra.org.br\/wp-content\/uploads\/2021\/08\/Captura-de-Tela-859-1024x576.png 1024w, https:\/\/miraserra.org.br\/wp-content\/uploads\/2021\/08\/Captura-de-Tela-859-300x169.png 300w, https:\/\/miraserra.org.br\/wp-content\/uploads\/2021\/08\/Captura-de-Tela-859-768x432.png 768w, https:\/\/miraserra.org.br\/wp-content\/uploads\/2021\/08\/Captura-de-Tela-859.png 1366w\" sizes=\"auto, (max-width: 1024px) 100vw, 1024px\" \/><\/figure><\/li><li class=\"blocks-gallery-item\"><figure><img loading=\"lazy\" decoding=\"async\" width=\"1024\" height=\"576\" src=\"http:\/\/miraserra.org.br\/wp-content\/uploads\/2021\/08\/Captura-de-Tela-863-1024x576.png\" alt=\"\" data-id=\"3405\" data-full-url=\"http:\/\/miraserra.org.br\/wp-content\/uploads\/2021\/08\/Captura-de-Tela-863.png\" data-link=\"http:\/\/miraserra.org.br\/index.php\/2021\/07\/13\/conselho-apa-rota-do-sol\/captura-de-tela-863\/\" class=\"wp-image-3405\" srcset=\"https:\/\/miraserra.org.br\/wp-content\/uploads\/2021\/08\/Captura-de-Tela-863-1024x576.png 1024w, https:\/\/miraserra.org.br\/wp-content\/uploads\/2021\/08\/Captura-de-Tela-863-300x169.png 300w, https:\/\/miraserra.org.br\/wp-content\/uploads\/2021\/08\/Captura-de-Tela-863-768x432.png 768w, https:\/\/miraserra.org.br\/wp-content\/uploads\/2021\/08\/Captura-de-Tela-863.png 1366w\" sizes=\"auto, (max-width: 1024px) 100vw, 1024px\" \/><\/figure><\/li><li class=\"blocks-gallery-item\"><figure><img loading=\"lazy\" decoding=\"async\" width=\"1024\" height=\"576\" src=\"http:\/\/miraserra.org.br\/wp-content\/uploads\/2021\/08\/Captura-de-Tela-870-1024x576.png\" alt=\"\" data-id=\"3406\" data-full-url=\"http:\/\/miraserra.org.br\/wp-content\/uploads\/2021\/08\/Captura-de-Tela-870.png\" data-link=\"http:\/\/miraserra.org.br\/index.php\/2021\/07\/13\/conselho-apa-rota-do-sol\/captura-de-tela-870\/\" class=\"wp-image-3406\" srcset=\"https:\/\/miraserra.org.br\/wp-content\/uploads\/2021\/08\/Captura-de-Tela-870-1024x576.png 1024w, https:\/\/miraserra.org.br\/wp-content\/uploads\/2021\/08\/Captura-de-Tela-870-300x169.png 300w, https:\/\/miraserra.org.br\/wp-content\/uploads\/2021\/08\/Captura-de-Tela-870-768x432.png 768w, https:\/\/miraserra.org.br\/wp-content\/uploads\/2021\/08\/Captura-de-Tela-870.png 1366w\" sizes=\"auto, (max-width: 1024px) 100vw, 1024px\" \/><\/figure><\/li><\/ul><\/figure>\n\n\n\n<p>A gestora e os guardas-parque trouxeram muitas informa\u00e7\u00f5es sobre a\u00e7\u00f5es executadas na UC:<\/p>\n<\/div><\/div>\n\n\n\n<figure class=\"wp-block-gallery columns-2 is-cropped wp-block-gallery-3 is-layout-flex wp-block-gallery-is-layout-flex\"><ul class=\"blocks-gallery-grid\"><li class=\"blocks-gallery-item\"><figure><img loading=\"lazy\" decoding=\"async\" width=\"1024\" height=\"576\" src=\"http:\/\/miraserra.org.br\/wp-content\/uploads\/2021\/08\/Captura-de-Tela-872-1024x576.png\" alt=\"\" data-id=\"3408\" data-full-url=\"http:\/\/miraserra.org.br\/wp-content\/uploads\/2021\/08\/Captura-de-Tela-872.png\" data-link=\"http:\/\/miraserra.org.br\/index.php\/2021\/07\/13\/conselho-apa-rota-do-sol\/captura-de-tela-872\/\" class=\"wp-image-3408\" srcset=\"https:\/\/miraserra.org.br\/wp-content\/uploads\/2021\/08\/Captura-de-Tela-872-1024x576.png 1024w, https:\/\/miraserra.org.br\/wp-content\/uploads\/2021\/08\/Captura-de-Tela-872-300x169.png 300w, https:\/\/miraserra.org.br\/wp-content\/uploads\/2021\/08\/Captura-de-Tela-872-768x432.png 768w, https:\/\/miraserra.org.br\/wp-content\/uploads\/2021\/08\/Captura-de-Tela-872.png 1366w\" sizes=\"auto, (max-width: 1024px) 100vw, 1024px\" \/><\/figure><\/li><li class=\"blocks-gallery-item\"><figure><img loading=\"lazy\" decoding=\"async\" width=\"1024\" height=\"576\" src=\"http:\/\/miraserra.org.br\/wp-content\/uploads\/2021\/08\/Captura-de-Tela-886-1024x576.png\" alt=\"\" data-id=\"3416\" data-full-url=\"http:\/\/miraserra.org.br\/wp-content\/uploads\/2021\/08\/Captura-de-Tela-886.png\" data-link=\"http:\/\/miraserra.org.br\/index.php\/2021\/07\/13\/conselho-apa-rota-do-sol\/captura-de-tela-886\/\" class=\"wp-image-3416\" srcset=\"https:\/\/miraserra.org.br\/wp-content\/uploads\/2021\/08\/Captura-de-Tela-886-1024x576.png 1024w, https:\/\/miraserra.org.br\/wp-content\/uploads\/2021\/08\/Captura-de-Tela-886-300x169.png 300w, https:\/\/miraserra.org.br\/wp-content\/uploads\/2021\/08\/Captura-de-Tela-886-768x432.png 768w, https:\/\/miraserra.org.br\/wp-content\/uploads\/2021\/08\/Captura-de-Tela-886.png 1366w\" sizes=\"auto, (max-width: 1024px) 100vw, 1024px\" \/><\/figure><\/li><\/ul><\/figure>\n\n\n\n<p>O debate foi muito produtivo, resultando em qualifica\u00e7\u00e3o de id\u00e9ias\/projetos (principalmente na sensibiliza\u00e7\u00e3o ambiental) como coadjuvante na prote\u00e7\u00e3o da biodiversidade local.<\/p>\n\n\n\n<figure class=\"wp-block-image size-large\"><img loading=\"lazy\" decoding=\"async\" width=\"1024\" height=\"732\" src=\"http:\/\/miraserra.org.br\/wp-content\/uploads\/2021\/08\/Captura-de-Tela-889-1024x732.png\" alt=\"\" class=\"wp-image-3418\" srcset=\"https:\/\/miraserra.org.br\/wp-content\/uploads\/2021\/08\/Captura-de-Tela-889-1024x732.png 1024w, https:\/\/miraserra.org.br\/wp-content\/uploads\/2021\/08\/Captura-de-Tela-889-300x214.png 300w, https:\/\/miraserra.org.br\/wp-content\/uploads\/2021\/08\/Captura-de-Tela-889-768x549.png 768w, https:\/\/miraserra.org.br\/wp-content\/uploads\/2021\/08\/Captura-de-Tela-889.png 1026w\" sizes=\"auto, (max-width: 1024px) 100vw, 1024px\" \/><\/figure>\n\n\n\n<p>Diante dos fatos apresentados, o conselho elaborou MO\u00c7\u00c3O ao \u00f3rg\u00e3o gestor estadual, relativo \u00e0 fiscaliza\u00e7\u00e3o.<\/p>\n\n\n\n<figure class=\"wp-block-gallery columns-3 is-cropped wp-block-gallery-4 is-layout-flex wp-block-gallery-is-layout-flex\"><ul class=\"blocks-gallery-grid\"><li class=\"blocks-gallery-item\"><figure><img loading=\"lazy\" decoding=\"async\" width=\"1024\" height=\"576\" src=\"http:\/\/miraserra.org.br\/wp-content\/uploads\/2021\/08\/Captura-de-Tela-875-1024x576.png\" alt=\"\" data-id=\"3411\" data-full-url=\"http:\/\/miraserra.org.br\/wp-content\/uploads\/2021\/08\/Captura-de-Tela-875.png\" data-link=\"http:\/\/miraserra.org.br\/index.php\/2021\/07\/13\/conselho-apa-rota-do-sol\/captura-de-tela-875\/\" class=\"wp-image-3411\" srcset=\"https:\/\/miraserra.org.br\/wp-content\/uploads\/2021\/08\/Captura-de-Tela-875-1024x576.png 1024w, https:\/\/miraserra.org.br\/wp-content\/uploads\/2021\/08\/Captura-de-Tela-875-300x169.png 300w, https:\/\/miraserra.org.br\/wp-content\/uploads\/2021\/08\/Captura-de-Tela-875-768x432.png 768w, https:\/\/miraserra.org.br\/wp-content\/uploads\/2021\/08\/Captura-de-Tela-875.png 1366w\" sizes=\"auto, (max-width: 1024px) 100vw, 1024px\" \/><\/figure><\/li><li class=\"blocks-gallery-item\"><figure><img loading=\"lazy\" decoding=\"async\" width=\"1024\" height=\"576\" src=\"http:\/\/miraserra.org.br\/wp-content\/uploads\/2021\/08\/Captura-de-Tela-880-1024x576.png\" alt=\"\" data-id=\"3414\" data-full-url=\"http:\/\/miraserra.org.br\/wp-content\/uploads\/2021\/08\/Captura-de-Tela-880.png\" data-link=\"http:\/\/miraserra.org.br\/index.php\/2021\/07\/13\/conselho-apa-rota-do-sol\/captura-de-tela-880\/\" class=\"wp-image-3414\" srcset=\"https:\/\/miraserra.org.br\/wp-content\/uploads\/2021\/08\/Captura-de-Tela-880-1024x576.png 1024w, https:\/\/miraserra.org.br\/wp-content\/uploads\/2021\/08\/Captura-de-Tela-880-300x169.png 300w, https:\/\/miraserra.org.br\/wp-content\/uploads\/2021\/08\/Captura-de-Tela-880-768x432.png 768w, https:\/\/miraserra.org.br\/wp-content\/uploads\/2021\/08\/Captura-de-Tela-880.png 1366w\" sizes=\"auto, (max-width: 1024px) 100vw, 1024px\" \/><\/figure><\/li><li class=\"blocks-gallery-item\"><figure><img loading=\"lazy\" decoding=\"async\" width=\"1024\" height=\"576\" src=\"http:\/\/miraserra.org.br\/wp-content\/uploads\/2021\/08\/Captura-de-Tela-881-1024x576.png\" alt=\"\" data-id=\"3415\" data-full-url=\"http:\/\/miraserra.org.br\/wp-content\/uploads\/2021\/08\/Captura-de-Tela-881.png\" data-link=\"http:\/\/miraserra.org.br\/index.php\/2021\/07\/13\/conselho-apa-rota-do-sol\/captura-de-tela-881\/\" class=\"wp-image-3415\" srcset=\"https:\/\/miraserra.org.br\/wp-content\/uploads\/2021\/08\/Captura-de-Tela-881-1024x576.png 1024w, https:\/\/miraserra.org.br\/wp-content\/uploads\/2021\/08\/Captura-de-Tela-881-300x169.png 300w, https:\/\/miraserra.org.br\/wp-content\/uploads\/2021\/08\/Captura-de-Tela-881-768x432.png 768w, https:\/\/miraserra.org.br\/wp-content\/uploads\/2021\/08\/Captura-de-Tela-881.png 1366w\" sizes=\"auto, (max-width: 1024px) 100vw, 1024px\" \/><\/figure><\/li><\/ul><\/figure>\n\n\n\n<p class=\"has-light-green-cyan-background-color has-background\"><strong><em>Mo\u00e7\u00e3o<\/em><\/strong> <br><strong><em>Na reuni\u00e3o, demandados pelos conselheiros, os gestores, guarda-parques e representantes da PATRAM deixaram entender que a equipe da Unidade de Conserva\u00e7\u00e3o encontra-se fragilizada na sua capacidade de enfrentamento de ca\u00e7adores. Os coletes de prote\u00e7\u00e3o est\u00e3o vencidos h\u00e1 dois anos, o armamento \u00e9 insuficiente e antigo e a atua\u00e7\u00e3o de fiscaliza\u00e7\u00e3o, dessa forma, coloca em risco os guarda-parques, caso tenham que fazer um enfrentamento a uma resposta armada de ca\u00e7adores flagrados. Al\u00e9m disso, a documenta\u00e7\u00e3o de habilita\u00e7\u00e3o ao uso de armamento est\u00e1 vencida para alguns, bem como todos necessitam do curso de atualiza\u00e7\u00e3o ao uso de armamentos, que vem sendo prometido pela Sema j\u00e1 h\u00e1 alguns anos, mas sem desdobramentos pr\u00e1ticos. Esse conselho manifesta ao DBio e \u00e0 Sema\/RS sua extrema preocupa\u00e7\u00e3o com a seguran\u00e7a da equipe e com a possibilidade que essa fragilidade implique em preju\u00edzos \u00e0 conserva\u00e7\u00e3o da biodiversidade. Nesse sentido, solicitamos medidas urgentes para que sejam sanadas as fragilidades apontadas aqui.<\/em><\/strong><\/p>\n","protected":false},"excerpt":{"rendered":"<p>Representando o Comit\u00ea Estadual da Reserva da Biosfera da Mata Atl\u00e2ntica (CERBMA-RS), o Instituto MIRA-SERRA ocupa vaga no Conselho da<\/p>\n","protected":false},"author":1,"featured_media":3391,"comment_status":"closed","ping_status":"closed","sticky":false,"template":"","format":"standard","meta":{"colormag_page_container_layout":"default_layout","colormag_page_sidebar_layout":"default_layout","_themeisle_gutenberg_block_has_review":false,"footnotes":""},"categories":[31,50,55,37],"tags":[310,157,311,343],"class_list":["post-3385","post","type-post","status-publish","format-standard","has-post-thumbnail","hentry","category-plano-de-mata-atlantica","category-cerbma","category-colegiados","category-mata-atlantica","tag-aratinga","tag-plano-de-mata-atlantica","tag-rota-do-sol","tag-uc"],"_links":{"self":[{"href":"https:\/\/miraserra.org.br\/index.php\/wp-json\/wp\/v2\/posts\/3385","targetHints":{"allow":["GET"]}}],"collection":[{"href":"https:\/\/miraserra.org.br\/index.php\/wp-json\/wp\/v2\/posts"}],"about":[{"href":"https:\/\/miraserra.org.br\/index.php\/wp-json\/wp\/v2\/types\/post"}],"author":[{"embeddable":true,"href":"https:\/\/miraserra.org.br\/index.php\/wp-json\/wp\/v2\/users\/1"}],"replies":[{"embeddable":true,"href":"https:\/\/miraserra.org.br\/index.php\/wp-json\/wp\/v2\/comments?post=3385"}],"version-history":[{"count":6,"href":"https:\/\/miraserra.org.br\/index.php\/wp-json\/wp\/v2\/posts\/3385\/revisions"}],"predecessor-version":[{"id":3420,"href":"https:\/\/miraserra.org.br\/index.php\/wp-json\/wp\/v2\/posts\/3385\/revisions\/3420"}],"wp:featuredmedia":[{"embeddable":true,"href":"https:\/\/miraserra.org.br\/index.php\/wp-json\/wp\/v2\/media\/3391"}],"wp:attachment":[{"href":"https:\/\/miraserra.org.br\/index.php\/wp-json\/wp\/v2\/media?parent=3385"}],"wp:term":[{"taxonomy":"category","embeddable":true,"href":"https:\/\/miraserra.org.br\/index.php\/wp-json\/wp\/v2\/categories?post=3385"},{"taxonomy":"post_tag","embeddable":true,"href":"https:\/\/miraserra.org.br\/index.php\/wp-json\/wp\/v2\/tags?post=3385"}],"curies":[{"name":"wp","href":"https:\/\/api.w.org\/{rel}","templated":true}]}}