{"id":3422,"date":"2021-07-29T20:25:53","date_gmt":"2021-07-29T23:25:53","guid":{"rendered":"http:\/\/miraserra.org.br\/?p=3422"},"modified":"2021-08-01T22:34:39","modified_gmt":"2021-08-02T01:34:39","slug":"opiniao-a-neve-a-fauna-e-o-aquecimento-global","status":"publish","type":"post","link":"https:\/\/miraserra.org.br\/index.php\/2021\/07\/29\/opiniao-a-neve-a-fauna-e-o-aquecimento-global\/","title":{"rendered":"Opini\u00e3o: a neve, a fauna e o aquecimento global"},"content":{"rendered":"\n<p>Enquanto os olhares se voltam maravilhados para a neve no RS, conv\u00e9m lembrar que os extremos clim\u00e1ticos est\u00e3o cada vez mais frequentes e intensos (chuvas e calor na Europa, p.ex.).<\/p>\n\n\n\n<figure class=\"wp-block-image size-large\"><img loading=\"lazy\" decoding=\"async\" width=\"1008\" height=\"560\" src=\"http:\/\/miraserra.org.br\/wp-content\/uploads\/2021\/08\/chuvas-alemanha-belgica.jpg\" alt=\"\" class=\"wp-image-3429\" srcset=\"https:\/\/miraserra.org.br\/wp-content\/uploads\/2021\/08\/chuvas-alemanha-belgica.jpg 1008w, https:\/\/miraserra.org.br\/wp-content\/uploads\/2021\/08\/chuvas-alemanha-belgica-300x167.jpg 300w, https:\/\/miraserra.org.br\/wp-content\/uploads\/2021\/08\/chuvas-alemanha-belgica-768x427.jpg 768w, https:\/\/miraserra.org.br\/wp-content\/uploads\/2021\/08\/chuvas-alemanha-belgica-800x445.jpg 800w\" sizes=\"auto, (max-width: 1008px) 100vw, 1008px\" \/><figcaption>https:\/\/g1.globo.com\/mundo\/noticia\/2021\/07\/15\/temporal-deixa-mortos-na-alemanha.ghtml: 1.300 pessoas desaparecidas<\/figcaption><\/figure>\n\n\n\n<p>Enquanto a m\u00eddia bombardeia com as baixas temperaturas no sul do Brasil, sendo os per\u00edodos cada vez mais longos, e munic\u00edpios &#8220;brigam&#8221; para ser o mais frio ou o &#8220;mais-mais&#8221;, nossa fauna nativa padece sob um clima ao qual ainda n\u00e3o se adaptou. <\/p>\n\n\n\n<div class=\"wp-block-group\"><div class=\"wp-block-group__inner-container is-layout-flow wp-block-group-is-layout-flow\">\n<figure class=\"wp-block-gallery columns-2 is-cropped wp-block-gallery-1 is-layout-flex wp-block-gallery-is-layout-flex\"><ul class=\"blocks-gallery-grid\"><li class=\"blocks-gallery-item\"><figure><img loading=\"lazy\" decoding=\"async\" width=\"1024\" height=\"576\" src=\"http:\/\/miraserra.org.br\/wp-content\/uploads\/2021\/08\/7-1024x576.jpg\" alt=\"\" data-id=\"3427\" data-link=\"http:\/\/miraserra.org.br\/?attachment_id=3427\" class=\"wp-image-3427\" srcset=\"https:\/\/miraserra.org.br\/wp-content\/uploads\/2021\/08\/7-1024x576.jpg 1024w, https:\/\/miraserra.org.br\/wp-content\/uploads\/2021\/08\/7-300x169.jpg 300w, https:\/\/miraserra.org.br\/wp-content\/uploads\/2021\/08\/7-768x432.jpg 768w, https:\/\/miraserra.org.br\/wp-content\/uploads\/2021\/08\/7.jpg 1280w\" sizes=\"auto, (max-width: 1024px) 100vw, 1024px\" \/><\/figure><\/li><li class=\"blocks-gallery-item\"><figure><img loading=\"lazy\" decoding=\"async\" width=\"1024\" height=\"768\" src=\"http:\/\/miraserra.org.br\/wp-content\/uploads\/2021\/08\/tempe-1.jpg\" alt=\"\" data-id=\"3428\" data-full-url=\"http:\/\/miraserra.org.br\/wp-content\/uploads\/2021\/08\/tempe-1.jpg\" data-link=\"http:\/\/miraserra.org.br\/?attachment_id=3428\" class=\"wp-image-3428\" srcset=\"https:\/\/miraserra.org.br\/wp-content\/uploads\/2021\/08\/tempe-1.jpg 1024w, https:\/\/miraserra.org.br\/wp-content\/uploads\/2021\/08\/tempe-1-300x225.jpg 300w, https:\/\/miraserra.org.br\/wp-content\/uploads\/2021\/08\/tempe-1-768x576.jpg 768w\" sizes=\"auto, (max-width: 1024px) 100vw, 1024px\" \/><\/figure><\/li><\/ul><\/figure>\n<\/div><\/div>\n\n\n\n<div class=\"wp-block-image\"><figure class=\"alignright size-large is-resized\"><img loading=\"lazy\" decoding=\"async\" src=\"http:\/\/miraserra.org.br\/wp-content\/uploads\/2021\/08\/drone-.png\" alt=\"\" class=\"wp-image-3426\" width=\"416\" height=\"763\" srcset=\"https:\/\/miraserra.org.br\/wp-content\/uploads\/2021\/08\/drone-.png 416w, https:\/\/miraserra.org.br\/wp-content\/uploads\/2021\/08\/drone--164x300.png 164w\" sizes=\"auto, (max-width: 416px) 100vw, 416px\" \/><figcaption>Imagem: William Eduardo Films\/Reprodu\u00e7\u00e3o<br>(https:\/\/noticias.uol.com.br\/cotidiano\/ultimas-noticias\/2021\/07\/30\/video-feito-com-drone-mostra-cidade-do-parana-coberta-por-neve-veja.htm)<\/figcaption><\/figure><\/div>\n\n\n\n<p>Enquanto se busca aux\u00edlio para proteger pessoas e animais dom\u00e9sticos, nossa fauna nativa n\u00e3o encontra condi\u00e7\u00f5es de vida em seu habitat ou, comumente, ele j\u00e1 inexiste. <\/p>\n\n\n\n<p>Enquanto as multid\u00f5es se alegram fazendo bolas de neve, ningu\u00e9m percebe que o fen\u00f4meno consiste na pr\u00f3pria &#8220;<em>bola-de-neve<\/em>&#8221; para os dias da humanidade, assim como a entendemos&#8230;<\/p>\n","protected":false},"excerpt":{"rendered":"<p>Enquanto os olhares se voltam maravilhados para a neve no RS, conv\u00e9m lembrar que os extremos clim\u00e1ticos est\u00e3o cada vez<\/p>\n","protected":false},"author":2,"featured_media":3424,"comment_status":"closed","ping_status":"closed","sticky":false,"template":"","format":"standard","meta":{"colormag_page_container_layout":"default_layout","colormag_page_sidebar_layout":"default_layout","_themeisle_gutenberg_block_has_review":false,"footnotes":""},"categories":[60],"tags":[346,153,345],"class_list":["post-3422","post","type-post","status-publish","format-standard","has-post-thumbnail","hentry","category-principais","tag-aquecimento-global","tag-fauna","tag-neve-2"],"_links":{"self":[{"href":"https:\/\/miraserra.org.br\/index.php\/wp-json\/wp\/v2\/posts\/3422","targetHints":{"allow":["GET"]}}],"collection":[{"href":"https:\/\/miraserra.org.br\/index.php\/wp-json\/wp\/v2\/posts"}],"about":[{"href":"https:\/\/miraserra.org.br\/index.php\/wp-json\/wp\/v2\/types\/post"}],"author":[{"embeddable":true,"href":"https:\/\/miraserra.org.br\/index.php\/wp-json\/wp\/v2\/users\/2"}],"replies":[{"embeddable":true,"href":"https:\/\/miraserra.org.br\/index.php\/wp-json\/wp\/v2\/comments?post=3422"}],"version-history":[{"count":1,"href":"https:\/\/miraserra.org.br\/index.php\/wp-json\/wp\/v2\/posts\/3422\/revisions"}],"predecessor-version":[{"id":3430,"href":"https:\/\/miraserra.org.br\/index.php\/wp-json\/wp\/v2\/posts\/3422\/revisions\/3430"}],"wp:featuredmedia":[{"embeddable":true,"href":"https:\/\/miraserra.org.br\/index.php\/wp-json\/wp\/v2\/media\/3424"}],"wp:attachment":[{"href":"https:\/\/miraserra.org.br\/index.php\/wp-json\/wp\/v2\/media?parent=3422"}],"wp:term":[{"taxonomy":"category","embeddable":true,"href":"https:\/\/miraserra.org.br\/index.php\/wp-json\/wp\/v2\/categories?post=3422"},{"taxonomy":"post_tag","embeddable":true,"href":"https:\/\/miraserra.org.br\/index.php\/wp-json\/wp\/v2\/tags?post=3422"}],"curies":[{"name":"wp","href":"https:\/\/api.w.org\/{rel}","templated":true}]}}