{"id":3444,"date":"2021-09-20T21:58:30","date_gmt":"2021-09-21T00:58:30","guid":{"rendered":"http:\/\/miraserra.org.br\/?p=3444"},"modified":"2021-12-05T23:20:24","modified_gmt":"2021-12-06T02:20:24","slug":"consema-uma-reuniao-surreal","status":"publish","type":"post","link":"https:\/\/miraserra.org.br\/index.php\/2021\/09\/20\/consema-uma-reuniao-surreal\/","title":{"rendered":"CONSEMA &#8211; uma reuni\u00e3o surreal"},"content":{"rendered":"\n<p class=\"has-text-align-center\">9\/setembro\/2021<\/p>\n\n\n\n<p><\/p>\n\n\n\n<p><strong>Novamente, a sociedade civil ambientalista se v\u00ea impedida da  participa\u00e7\u00e3o democr\u00e1tica em reuni\u00e3o do CONSEMA-RS!<\/strong><\/p>\n\n\n\n<div class=\"wp-block-image\"><figure class=\"aligncenter size-large is-resized\"><img loading=\"lazy\" decoding=\"async\" src=\"http:\/\/miraserra.org.br\/wp-content\/uploads\/2021\/09\/Captura-de-Tela-1138-1024x513.png\" alt=\"\" class=\"wp-image-3449\" width=\"685\" height=\"343\" srcset=\"https:\/\/miraserra.org.br\/wp-content\/uploads\/2021\/09\/Captura-de-Tela-1138-1024x513.png 1024w, https:\/\/miraserra.org.br\/wp-content\/uploads\/2021\/09\/Captura-de-Tela-1138-300x150.png 300w, https:\/\/miraserra.org.br\/wp-content\/uploads\/2021\/09\/Captura-de-Tela-1138-768x385.png 768w, https:\/\/miraserra.org.br\/wp-content\/uploads\/2021\/09\/Captura-de-Tela-1138.png 1175w\" sizes=\"auto, (max-width: 685px) 100vw, 685px\" \/><\/figure><\/div>\n\n\n\n<p><\/p>\n\n\n\n<p><strong>O Instituto MIRA-SERRA, integrante da coordena\u00e7\u00e3o da APEDeMA-RS  e do Conselho de Coordena\u00e7\u00e3o da Rede Nacional de ONGS da Mata Atl\u00e2ntica, tem contribu\u00eddo com as pol\u00edticas p\u00fablicas ambientais de modo a ser reconhecida por seus pares para ocupar vagas em distintos colegiados e coletivos.<\/strong><\/p>\n\n\n\n<div class=\"wp-block-image\"><figure class=\"alignright size-large is-resized\"><img loading=\"lazy\" decoding=\"async\" src=\"http:\/\/miraserra.org.br\/wp-content\/uploads\/2021\/09\/photo_2021-09-20_20-49-58-668x1024.jpg\" alt=\"\" class=\"wp-image-3447\" width=\"372\" height=\"569\" srcset=\"https:\/\/miraserra.org.br\/wp-content\/uploads\/2021\/09\/photo_2021-09-20_20-49-58-668x1024.jpg 668w, https:\/\/miraserra.org.br\/wp-content\/uploads\/2021\/09\/photo_2021-09-20_20-49-58-196x300.jpg 196w, https:\/\/miraserra.org.br\/wp-content\/uploads\/2021\/09\/photo_2021-09-20_20-49-58.jpg 710w\" sizes=\"auto, (max-width: 372px) 100vw, 372px\" \/><figcaption><em><strong><a href=\"https:\/\/www.facebook.com\/ONGMiraSerra\/posts\/4845510005463116\">1.400 curtidas na mat\u00e9ria sobre a reuni\u00e3o no MP! <\/a><\/strong><\/em><\/figcaption><\/figure><\/div>\n\n\n\n<p><strong>Desde a Lei Complementar Federal n\u00ba 140\/2011, <strong>a ONG tem se debru\u00e7ado na quest\u00e3o da delega\u00e7\u00e3o de compet\u00eancia entre estados e seus respectivos munic\u00edpios, no que tange \u00e0 Mata Atl\u00e2ntica<\/strong> &#8211; um dos cinco <em>hot spots<\/em> do planeta.<\/strong><\/p>\n\n\n\n<p><strong>No caso do Rio Grande do Sul, atualmente, o trabalho da entidade conta com cerca de dez representa\u00e7\u00f5es judiciais nas promotorias. <\/strong><\/p>\n\n\n\n<p class=\"has-black-color has-text-color\"><strong><font style=\"vertical-align: inherit;\"><font style=\"vertical-align: inherit;\">Se tratam de den\u00fancias que a MIRA-SERRA tem pedido, pesquisado, sistematizado e encaminhado ao MP, de cunho meramente administrativo e t\u00e9cnico<\/font><\/font><\/strong><font style=\"vertical-align: inherit;\"><font style=\"vertical-align: inherit;\">.<\/font><\/font><font style=\"vertical-align: inherit;\"><font style=\"vertical-align: inherit;\"> <\/font><\/font><strong><font style=\"vertical-align: inherit;\"><font style=\"vertical-align: inherit;\">Para este tipo de den\u00fancia, n\u00e3o h\u00e1 espa\u00e7o no canal da FEPAM &#8211; por exemplo. <\/font><\/font><\/strong> <strong><font style=\"vertical-align: inherit;\"><font style=\"vertical-align: inherit;\">Diante disto, houve percep\u00e7\u00e3o que existia real lacuna na fiscaliza\u00e7\u00e3o do ente estadual sobre o municipal, n\u00e3o restrita \u00e0 supress\u00e3o da vegeta\u00e7\u00e3o.<\/font><\/font><\/strong><\/p>\n\n\n\n<p><strong>Deste modo, o Instituto MIRA-SERRA reuniu suas a\u00e7\u00f5es nas promotorias de justi\u00e7a locais (em tramita\u00e7\u00e3o e\/ou exitosas), sendo acolhida a representa\u00e7\u00e3o <strong>pela Promotoria de Justi\u00e7a de Defesa do Meio Ambiente de Porto Alegre<\/strong>.  Da reuni\u00e3o virtual, <strong>com o Instituto MIRA-SERRA, a SEMAI-RS e  a FEPAM<\/strong>,  saiu consenso.   <\/strong><\/p>\n\n\n\n<p><strong>Por\u00e9m, parece que foi a plen\u00e1ria do CONSEMA-RS que n\u00e3o entendeu que tr\u00eas das suas entidades conselheiras &#8211; mediadas pelo MP &#8211; acordaram com um encaminhamento, diante de tantas provas irrefut\u00e1veis. <\/strong><\/p>\n\n\n\n<p><strong><font style=\"vertical-align: inherit;\"><font style=\"vertical-align: inherit;\">Lamentavelmente, a presid\u00eancia do CONSEMA-RS n\u00e3o compartilhou, com os conselheiros<\/font><\/font><\/strong>,<strong><font style=\"vertical-align: inherit;\"><font style=\"vertical-align: inherit;\"> uma transmiss\u00e3o da grava\u00e7\u00e3o da audi\u00eancia virtual, junto ao documento. T alvez, tinha sido outr<\/font><\/font><\/strong><strong><font style=\"vertical-align: inherit;\"><font style=\"vertical-align: inherit;\">a a perspectiva da plen\u00e1ria.<\/font><\/font><\/strong><\/p>\n\n\n\n<div class=\"wp-block-image\"><figure class=\"alignleft size-full is-resized\"><img loading=\"lazy\" decoding=\"async\" src=\"http:\/\/miraserra.org.br\/wp-content\/uploads\/2021\/09\/Captura-de-Tela-1232.png\" alt=\"\" class=\"wp-image-3446\" width=\"1172\" height=\"515\" srcset=\"https:\/\/miraserra.org.br\/wp-content\/uploads\/2021\/09\/Captura-de-Tela-1232.png 764w, https:\/\/miraserra.org.br\/wp-content\/uploads\/2021\/09\/Captura-de-Tela-1232-300x132.png 300w\" sizes=\"auto, (max-width: 1172px) 100vw, 1172px\" \/><figcaption><strong><a href=\"https:\/\/www.youtube.com\/watch?v=cR89-G-pvXc&amp;t=32s\">Veja a 242\u00aa reuni\u00e3o do CONSEMA-RS<\/a> e compare com a<\/strong> <strong><a href=\"https:\/\/drive.google.com\/file\/d\/1uNBFIoSfCoumjSXMpxJSbfMO70ngZ8vp\/view?usp=sharing\">ATA exarada<\/a> <\/strong>(<em>a partir da p\u00e1gina 110<\/em>)<strong> ap\u00f3s consenso entre MIRA-SERRA, SEMAI-RS e FEPAM.<\/strong><\/figcaption><\/figure><\/div>\n\n\n\n<p><\/p>\n\n\n\n<p><\/p>\n\n\n\n<p><\/p>\n\n\n\n<p><\/p>\n\n\n\n<p class=\"has-text-align-center\"><strong><font style=\"vertical-align: inherit;\"><font style=\"vertical-align: inherit;\">Alguns conselheiros<\/font><\/font> se exaltaram contra (o que considerar<font style=\"vertical-align: inherit;\"><font style=\"vertical-align: inherit;\">am) uma inger\u00eancia do judici\u00e1rio. <\/font><\/font><\/strong> <font style=\"vertical-align: inherit;\"><font style=\"vertical-align: inherit;\"><b>A <\/b><\/font><\/font><strong><font style=\"vertical-align: inherit;\"><font style=\"vertical-align: inherit;\">representante da<\/font><\/font><\/strong><strong><font style=\"vertical-align: inherit;\"><font style=\"vertical-align: inherit;\"> MIRA-SERRA, ao ter concedido o uso da palavra, tentou explicar que n\u00e3o se tratava disto, quando perdeu a conex\u00e3o. Vis\u00edvelmente preocupada ao retornar \u00e0 reuni\u00e3o por instantes, n\u00e3o conseguiu concluir sua exposi\u00e7\u00e3o dado o <em>status<\/em> <em>offline<\/em><\/font><\/font>.<\/strong><\/p>\n\n\n\n<p class=\"has-pale-cyan-blue-background-color has-background\"><strong>Surpreendentemente, a mat\u00e9ria foi discutida na AUS\u00caNCIA da representante da entidade, sem que esta pudesse contrapor \u00e0s interpreta\u00e7\u00f5es equivocadas. <\/strong><\/p>\n\n\n\n<p class=\"has-text-align-center\"><strong>E pior! na maior desconsidera\u00e7\u00e3o pela sociedade civil ambientalista, a mat\u00e9ria foi votada sem a presen\u00e7a do Instituto MIRA-SERRA.  <\/strong><\/p>\n\n\n\n<p class=\"has-text-align-center\"><strong>Restou evidente o rito sum\u00e1rio, e atropelado, na condu\u00e7\u00e3o de uma das mat\u00e9ria mais s\u00e9rias e complexas apresentadas, naquele colegiado, e que sequer estava em regime de urg\u00eancia! <\/strong><\/p>\n\n\n\n<p class=\"has-text-align-center\"><strong>Houve, sim, total desrepeito e (novamente) cerceamento \u00e0 adequada manifesta\u00e7\u00e3o\/ participa\u00e7\u00e3o de uma entidade ambientalista,  id\u00f4nea e reconhecida nacionalmente, como \u00e9 o Instituto MIRA-SERRA<\/strong>. <\/p>\n\n\n\n<p class=\"has-pale-cyan-blue-background-color has-background\"><strong><a href=\"https:\/\/www.youtube.com\/watch?v=cR89-G-pvXc&amp;t=32s\" data-type=\"URL\" data-id=\"https:\/\/www.youtube.com\/watch?v=cR89-G-pvXc&amp;t=32s\">Veja a 242\u00aa reuni\u00e3o do CONSEMA-RS<\/a> e compare com a<\/strong> <strong><a href=\"https:\/\/drive.google.com\/file\/d\/1uNBFIoSfCoumjSXMpxJSbfMO70ngZ8vp\/view?usp=sharing\" data-type=\"URL\" data-id=\"https:\/\/drive.google.com\/file\/d\/1uNBFIoSfCoumjSXMpxJSbfMO70ngZ8vp\/view?usp=sharing\">ATA exarada<\/a> <\/strong>(<em>a partir da p\u00e1gina 110<\/em>)<strong> ap\u00f3s consenso entre MIRA-SERRA, SEMAI-RS e FEPAM.  <\/strong><\/p>\n\n\n\n<p><\/p>\n\n\n\n<p><\/p>\n\n\n\n<p><\/p>\n\n\n\n<p><\/p>\n","protected":false},"excerpt":{"rendered":"<p>9\/setembro\/2021 Novamente, a sociedade civil ambientalista se v\u00ea impedida da participa\u00e7\u00e3o democr\u00e1tica em reuni\u00e3o do CONSEMA-RS! O Instituto MIRA-SERRA, integrante<\/p>\n","protected":false},"author":1,"featured_media":3450,"comment_status":"closed","ping_status":"closed","sticky":false,"template":"","format":"standard","meta":{"colormag_page_container_layout":"default_layout","colormag_page_sidebar_layout":"default_layout","_themeisle_gutenberg_block_has_review":false,"footnotes":""},"categories":[58,1,44,60],"tags":[213,177,149,292,274,179],"class_list":["post-3444","post","type-post","status-publish","format-standard","has-post-thumbnail","hentry","category-consema-rs","category-menu","category-mp","category-principais","tag-ambientalistas","tag-apedema-rs","tag-consema","tag-mata-atantica","tag-mp","tag-rma"],"_links":{"self":[{"href":"https:\/\/miraserra.org.br\/index.php\/wp-json\/wp\/v2\/posts\/3444","targetHints":{"allow":["GET"]}}],"collection":[{"href":"https:\/\/miraserra.org.br\/index.php\/wp-json\/wp\/v2\/posts"}],"about":[{"href":"https:\/\/miraserra.org.br\/index.php\/wp-json\/wp\/v2\/types\/post"}],"author":[{"embeddable":true,"href":"https:\/\/miraserra.org.br\/index.php\/wp-json\/wp\/v2\/users\/1"}],"replies":[{"embeddable":true,"href":"https:\/\/miraserra.org.br\/index.php\/wp-json\/wp\/v2\/comments?post=3444"}],"version-history":[{"count":12,"href":"https:\/\/miraserra.org.br\/index.php\/wp-json\/wp\/v2\/posts\/3444\/revisions"}],"predecessor-version":[{"id":3468,"href":"https:\/\/miraserra.org.br\/index.php\/wp-json\/wp\/v2\/posts\/3444\/revisions\/3468"}],"wp:featuredmedia":[{"embeddable":true,"href":"https:\/\/miraserra.org.br\/index.php\/wp-json\/wp\/v2\/media\/3450"}],"wp:attachment":[{"href":"https:\/\/miraserra.org.br\/index.php\/wp-json\/wp\/v2\/media?parent=3444"}],"wp:term":[{"taxonomy":"category","embeddable":true,"href":"https:\/\/miraserra.org.br\/index.php\/wp-json\/wp\/v2\/categories?post=3444"},{"taxonomy":"post_tag","embeddable":true,"href":"https:\/\/miraserra.org.br\/index.php\/wp-json\/wp\/v2\/tags?post=3444"}],"curies":[{"name":"wp","href":"https:\/\/api.w.org\/{rel}","templated":true}]}}