{"id":3495,"date":"2021-10-03T22:30:48","date_gmt":"2021-10-04T01:30:48","guid":{"rendered":"http:\/\/miraserra.org.br\/?p=3495"},"modified":"2021-10-04T08:40:21","modified_gmt":"2021-10-04T11:40:21","slug":"conheca-o-puma-da-campanha-pela-fauna-na-mata-atlantica","status":"publish","type":"post","link":"https:\/\/miraserra.org.br\/index.php\/2021\/10\/03\/conheca-o-puma-da-campanha-pela-fauna-na-mata-atlantica\/","title":{"rendered":"CONHE\u00c7A a ON\u00c7A-PARDA, da campanha pela FAUNA na MATA ATL\u00c2NTICA"},"content":{"rendered":"\n<div class=\"wp-block-group is-layout-flow wp-block-group-is-layout-flow\"><\/div>\n\n\n\n<figure class=\"wp-block-image size-large is-style-rounded\"><img loading=\"lazy\" decoding=\"async\" width=\"1024\" height=\"686\" src=\"http:\/\/miraserra.org.br\/wp-content\/uploads\/2021\/10\/Screenshot_20211003-034632_WhatsApp-1024x686.jpg\" alt=\"\" class=\"wp-image-3504\" srcset=\"https:\/\/miraserra.org.br\/wp-content\/uploads\/2021\/10\/Screenshot_20211003-034632_WhatsApp-1024x686.jpg 1024w, https:\/\/miraserra.org.br\/wp-content\/uploads\/2021\/10\/Screenshot_20211003-034632_WhatsApp-300x201.jpg 300w, https:\/\/miraserra.org.br\/wp-content\/uploads\/2021\/10\/Screenshot_20211003-034632_WhatsApp-768x515.jpg 768w, https:\/\/miraserra.org.br\/wp-content\/uploads\/2021\/10\/Screenshot_20211003-034632_WhatsApp.jpg 1058w\" sizes=\"auto, (max-width: 1024px) 100vw, 1024px\" \/><figcaption><font style=\"vertical-align: inherit;\"><font style=\"vertical-align: inherit;\">I <\/font><\/font><font style=\"vertical-align: inherit;\"><font style=\"vertical-align: inherit;\"><font style=\"vertical-align: inherit;\"><font style=\"vertical-align: inherit;\">magens do felino, gentilmente, cedidas pelo fot\u00f3grafo Gustavo Pedro &#8211; autor da bela publica\u00e7\u00e3o<\/font><\/font><\/font><\/font><font style=\"vertical-align: inherit;\"><font style=\"vertical-align: inherit;\"> : <\/font><\/font><font style=\"vertical-align: inherit;\"><strong><font style=\"vertical-align: inherit;\"><font style=\"vertical-align: inherit;\"><font style=\"vertical-align: inherit;\">Parque Estadual dos Tr\u00eas Picos<\/font><\/font><\/font><\/strong><font style=\"vertical-align: inherit;\"><font style=\"vertical-align: inherit;\"><font style=\"vertical-align: inherit;\"> . Rio de Janeiro: Luminatti Editora, 2017. 240p.il. ISBN 978-85-93621-00-0<\/font><\/font><\/font><\/font><\/figcaption><\/figure>\n\n\n\n<p class=\"has-text-align-center has-vivid-green-cyan-background-color has-background has-large-font-size\"><strong><font style=\"vertical-align: inherit;\"><font style=\"vertical-align: inherit;\">Nome popular:<\/font><\/font><\/strong><font style=\"vertical-align: inherit;\"><font style=\"vertical-align: inherit;\"> &nbsp; On\u00e7a-parda, Su\u00e7uarana, Le\u00e3o-baio <\/font><\/font><br><strong><font style=\"vertical-align: inherit;\"><font style=\"vertical-align: inherit;\">Nome cient\u00edfico: <\/font><\/font><\/strong>&nbsp;<em><font style=\"vertical-align: inherit;\"><font style=\"vertical-align: inherit;\">Puma concolor<\/font><\/font><\/em><\/p>\n\n\n\n<p><strong>Texto organizado por Bi\u00f3l. MSc.Lisiane Becker<\/strong><\/p>\n\n\n\n<p class=\"has-luminous-vivid-amber-background-color has-background has-medium-font-size\"><strong><font style=\"vertical-align: inherit;\"><font style=\"vertical-align: inherit;\">CARACTER\u00cdSTICAS: \u00c9 uma segunda maior esp\u00e9cie de felino do Brasil. Com membros locomotores fortes e cauda longa, alcan\u00e7am 108 cm de comprimento m\u00e9dio (considerando cabe\u00e7a e corpo). Possuem pelagem de colora\u00e7\u00e3o uniforme (marrom-acinzentado claro a marrom-avermelhado escuro)<\/font><\/font><\/strong><\/p>\n\n\n\n<p class=\"has-background has-medium-font-size\" style=\"background-color:#f4db89\"><strong><font style=\"vertical-align: inherit;\"><font style=\"vertical-align: inherit;\">COMO VIVEM:<\/font><\/font><\/strong><font style=\"vertical-align: inherit;\"><font style=\"vertical-align: inherit;\"> s\u00e3o animais solit\u00e1rios, que utilizam uma \u00e1rea de 56Km <\/font><\/font><sup><font style=\"vertical-align: inherit;\"><font style=\"vertical-align: inherit;\">2<\/font><\/font><\/sup><font style=\"vertical-align: inherit;\"><font style=\"vertical-align: inherit;\"> a 155Km <\/font><\/font><sup><font style=\"vertical-align: inherit;\"><font style=\"vertical-align: inherit;\">2 <\/font><\/font><\/sup><strong><font style=\"vertical-align: inherit;\"><font style=\"vertical-align: inherit;\">. <\/font><\/font><\/strong><font style=\"vertical-align: inherit;\"><font style=\"vertical-align: inherit;\">Ap\u00f3s uma gesta\u00e7\u00e3o, que varia entre 84 e 98 dias, nasce uma ninhada de 1 a 6 filhotes. Uma pelagem deles apresenta grandes pintas marrons que desaparecem entre 10 a 18 meses de idade (in\u00edcio da idade adulta).<\/font><\/font><\/p>\n\n\n\n<p class=\"has-background has-medium-font-size\" style=\"background-color:#f2ef49\"><strong><font style=\"vertical-align: inherit;\"><font style=\"vertical-align: inherit;\"><font style=\"vertical-align: inherit;\"><font style=\"vertical-align: inherit;\"><font style=\"vertical-align: inherit;\"><font style=\"vertical-align: inherit;\">ONDE EST\u00c3O:<\/font><\/font><\/font><\/font><\/font><\/font><\/strong><font style=\"vertical-align: inherit;\"><font style=\"vertical-align: inherit;\"><font style=\"vertical-align: inherit;\"><font style=\"vertical-align: inherit;\"> as on\u00e7as<\/font><\/font><\/font><font style=\"vertical-align: inherit;\">&#8211;<font style=\"vertical-align: inherit;\"><font style=\"vertical-align: inherit;\">pardas podem ser<\/font><\/font><\/font><font style=\"vertical-align: inherit;\"><font style=\"vertical-align: inherit;\"><font style=\"vertical-align: inherit;\"><font style=\"vertical-align: inherit;\"><font style=\"vertical-align: inherit;\"> encontradas nas Am\u00e9ricas, desde o sul do Canad\u00e1. <\/font><\/font><\/font><\/font><\/font><font style=\"vertical-align: inherit;\"><font style=\"vertical-align: inherit;\"><font style=\"vertical-align: inherit;\"><font style=\"vertical-align: inherit;\"><font style=\"vertical-align: inherit;\">No Brasil ocorrem em todos os biomas. <\/font><\/font><\/font><\/font><\/font><font style=\"vertical-align: inherit;\"><font style=\"vertical-align: inherit;\"><font style=\"vertical-align: inherit;\"><font style=\"vertical-align: inherit;\"><font style=\"vertical-align: inherit;\">Na Mata Atl\u00e2ntica (e seus ecossistemas associados) uma on\u00e7a tem ampla distribui\u00e7\u00e3o, apesar de sua popula\u00e7\u00e3o efetiva ser estimada em menos de 1.000 <\/font><\/font><\/font><\/font>indiv\u00edduos. <\/font><\/font><font style=\"vertical-align: inherit;\"><font style=\"vertical-align: inherit;\"><font style=\"vertical-align: inherit;\"><font style=\"vertical-align: inherit;\"><font style=\"vertical-align: inherit;\"><\/font><\/font><\/font><\/font><\/p>\n\n\n\n<p class=\"has-black-color has-text-color has-background has-medium-font-size\" style=\"background-color:#dfe594\"><strong>DO QUE SE ALIMENTAM<\/strong>: A dieta da esp\u00e9cie varia de acordo com a disponibilidade de presas, constitu\u00eddas de mam\u00edferos (como roedores, veados, pacas, &nbsp;capivaras, tatus, quatis e catetos), aves e r\u00e9pteis (at\u00e9 mesmo jacar\u00e9s!)<strong>. <\/strong>Animais de cria\u00e7\u00e3o, como ovinos, equinos, su\u00ednos e bovinos (com menos de 1 ano de idade) podem ser alvo de ataques \u2013 lembrando que em habitat degradado h\u00e1 baixa oferta alimentar. Um estudo<a href=\"#_ftn1\">[1]<\/a> conduzido na regi\u00e3o centro-oeste, por Palmeira et al. (2008), indicou que a cria\u00e7\u00e3o pecu\u00e1ria concentrada, com temporadas de partos e a manuten\u00e7\u00e3o dos bezerros o mais distante poss\u00edvel das \u00e1reas florestais s\u00e3o indicados como estrat\u00e9gia para reduzir a preda\u00e7\u00e3o por on\u00e7as. Entretanto, por conta da a\u00e7\u00e3o de c\u00e3es s\u00e3o, muitas vezes, injustamente acusados.<\/p>\n\n\n\n<p class=\"has-text-align-center has-background has-medium-font-size\" style=\"background-color:#ace6cf\"><strong>ESTADO DE CONSERVA\u00c7\u00c3O:<\/strong><br><br><strong>A esp\u00e9cie est\u00e1 categorizada como \u201cVULNER\u00c1VEL&#8221;  e no bioma Caatinga, seu estado \u00e9 &#8220;EM PERIGO&#8221;. <\/strong><br><strong>As principais causas que amea\u00e7am as on\u00e7as s\u00e3o a perda e a fragmenta\u00e7\u00e3o de habitat, resultantes do desmatamento\/queimada para expans\u00e3o urbana ou convers\u00e3o do solo para agropecu\u00e1ria, ca\u00e7a e atropelamentos.<\/strong><\/p>\n\n\n\n<p class=\"has-text-align-center has-light-green-cyan-background-color has-background has-medium-font-size\"><strong>A\u00c7\u00d5ES PARA SUA CONSERVA\u00c7\u00c3O&nbsp;<strong>[2]<\/strong>:<\/strong><br><br><strong>O Plano de A\u00e7\u00e3o Nacional para a Conserva\u00e7\u00e3o da On\u00e7a-parda (PAN On\u00e7a Parda)<\/strong>, realizado<br>a partir de um evento em Atibaia (SP) em 2011, foi elaborado com base nas discuss\u00f5es entre<br>pesquisadores e gestores da \u00e1rea durante as oficinas de adequabilidade ambiental e de viabilidade<br>populacional (AVP) promovidas pelo ICMBio. Este documento prop\u00f5e metas e a\u00e7\u00f5es de conserva\u00e7\u00e3o<br>espec\u00edficas para a esp\u00e9cie a serem aplicadas nos pr\u00f3ximos cinco anos. O PAN tem como objetivo<br>principal reduzir a vulnerabilidade da on\u00e7a-parda, ampliando a prote\u00e7\u00e3o dos habitats adequados<br>\u00e0 sua sobreviv\u00eancia e o conhecimento aplicado \u00e0 sua conserva\u00e7\u00e3o, diminuindo assim os conflitos<br>gerados pelo contato (direto ou indireto) com atividades antr\u00f3picas.<br><strong>As metas apresentadas no PAN da on\u00e7a-parda s\u00e3o:<\/strong><br>\u2022 Gera\u00e7\u00e3o e divulga\u00e7\u00e3o de conhecimento sobre par\u00e2metros de hist\u00f3ria de vida, viabilidade<br>populacional e uso do espa\u00e7o tanto em grandes \u00e1reas cont\u00ednuas como em \u00e1reas<br>fragmentadas;<br>\u2022 Redu\u00e7\u00e3o substancial da perda de habitats adequados \u00e0 sobreviv\u00eancia da on\u00e7a-parda,<br>al\u00e9m do aumento na conectividade da paisagem entre \u00e1reas de vegeta\u00e7\u00e3o nativa em<br>paisagens alteradas;<br>\u2022 Aumento do conhecimento sobre as dimens\u00f5es ecol\u00f3gicas, sociais, culturais e econ\u00f4micas<br>que levam ao abate de on\u00e7as-pardas e suas presas;<br>\u2022 Diminui\u00e7\u00e3o da retirada de indiv\u00edduos de on\u00e7a-parda da natureza por ca\u00e7a, abate<br>oportun\u00edstico e\/ou retaliat\u00f3rio;<br>\u2022 Redu\u00e7\u00e3o dos impactos negativos nas popula\u00e7\u00f5es de on\u00e7as-pardas causados pelas<br>atividades rurais (pecu\u00e1ria, soja, cana-de-a\u00e7\u00facar e silvicultura) e pela expans\u00e3o da<br>malha vi\u00e1ria<\/p>\n\n\n\n<p class=\"has-black-color has-pale-cyan-blue-background-color has-text-color has-background has-medium-font-size\"><strong>Refer\u00eancia bibliogr\u00e1fica:<\/strong><\/p>\n\n\n\n<p class=\"has-black-color has-white-background-color has-text-color has-background has-medium-font-size\">[1] Palmeira, FB, Crawshaw Jr, PG, Haddad, CM, Ferraz, KMP, &amp; Verdade, LM (2008).&nbsp;Preda\u00e7\u00e3o de gado por puma (Puma concolor) e on\u00e7a pintada (Panthera onca) no centro-oeste do Brasil.&nbsp;<em>Conserva\u00e7\u00e3o biol\u00f3gi141<\/em>&nbsp;(1), 118-125.<br><br> [2]  . <a href=\"https:\/\/www.icmbio.gov.br\/portal\/images\/stories\/biodiversidade\/fauna-brasileira\/avaliacao-do-risco\/carnivoros\/on%c3%a7a-parda_Puma_concolor.pdf\">https:\/\/www.icmbio.gov.br\/portal\/images\/stories\/biodiversidade\/fauna-brasileira\/avaliacao-do-risco\/carnivoros\/on%c3%a7a-parda_Puma_concolor.pdf<\/a><br><br>de Oliveira, T. G., &amp; Cassaro, K. (2005).&nbsp;<em>Guia de campo dos felinos do Brasil<\/em>. Instituto Pr\u00f3-Carn\u00edvoros.<\/p>\n\n\n\n<p class=\"has-pale-cyan-blue-background-color has-background has-medium-font-size\"><strong>SAIBA MAIS:<\/strong><\/p>\n\n\n\n<p class=\"has-black-color has-text-color has-medium-font-size\">H\u00e1bito alimentar e interfer\u00eancia antr\u00f3pica na atividade de marca\u00e7\u00e3o territorial do&nbsp;<em>Puma concolor<\/em>&nbsp;e&nbsp;<em>Leopardus pardalis<\/em>&nbsp;(Carnivora: Felidae) e outros carn\u00edvoros na Esta\u00e7\u00e3o Ecol\u00f3gica de Jur\u00e9ia-Itatins, S\u00e3o Paulo, Brasil<\/p>\n\n\n\n<p class=\"has-vivid-cyan-blue-color has-text-color has-medium-font-size\"><font style=\"vertical-align: inherit;\"><font style=\"vertical-align: inherit;\">https: \/\/ <\/font><\/font><a href=\"https:\/\/www.scielo.br\/scielo.php?pid=S0101-81752008000300007&amp;script=sci_arttext&amp;tlng=pt\"><font style=\"vertical-align: inherit;\"><font style=\"vertical-align: inherit;\">www.scielo.br\/scielo.php?pid=S0101-81752008000300007&amp;script=sci_arttext&amp;tlng=pt<\/font><\/font><\/a> <br><\/p>\n\n\n\n<p class=\"has-medium-font-size\"><font style=\"vertical-align: inherit;\"><font style=\"vertical-align: inherit;\">Mam\u00edferos carn\u00edvoros e sua rela\u00e7\u00e3o com a diversidade de h\u00e1bitats no Parque Nacional dos Aparados da Serra, sul do Brasil <\/font><\/font><br><a href=\"https:\/\/www.scielo.br\/scielo.php?pid=S0073-47212004000300003&amp;script=sci_arttext\"><font style=\"vertical-align: inherit;\"><font style=\"vertical-align: inherit;\">https:\/\/www.scielo.br\/scielo.php?pid=S0073-47212004000300003&amp;script=sci_arttext<\/font><\/font><\/a><\/p>\n\n\n\n<p class=\"has-light-green-cyan-background-color has-background has-medium-font-size\"><strong><font style=\"vertical-align: inherit;\"><font style=\"vertical-align: inherit;\">A On\u00e7a-parda integra a campanha FAUNA DA MATA ATL\u00c2NTICA, do Instituto MIRA-SERRA. Ela \u00e9 uma esp\u00e9cie da cole\u00e7\u00e3o de camisetas. <\/font><\/font><\/strong><\/p>\n\n\n\n<p class=\"has-light-green-cyan-background-color has-background has-large-font-size\"><strong><a rel=\"noreferrer noopener\" href=\"https:\/\/www.sitiodobem.com.br\/t-shirt-baby-look-e-regata\/camiseta-desenho-mata-atlantica-on\" target=\"_blank\"><font style=\"vertical-align: inherit;\"><font style=\"vertical-align: inherit;\">Confira os v\u00e1rios modelos e tamanhos.  <\/font><\/font><\/a><font style=\"vertical-align: inherit;\"><font style=\"vertical-align: inherit;\">Adquira a sua!<\/font><\/font><\/strong><\/p>\n\n\n\n<figure class=\"wp-block-image size-large\"><img loading=\"lazy\" decoding=\"async\" width=\"1024\" height=\"918\" src=\"http:\/\/miraserra.org.br\/wp-content\/uploads\/2021\/10\/Screenshot_20211003-220046_Gallery-1024x918.jpg\" alt=\"\" class=\"wp-image-3507\" srcset=\"https:\/\/miraserra.org.br\/wp-content\/uploads\/2021\/10\/Screenshot_20211003-220046_Gallery-1024x918.jpg 1024w, https:\/\/miraserra.org.br\/wp-content\/uploads\/2021\/10\/Screenshot_20211003-220046_Gallery-300x269.jpg 300w, https:\/\/miraserra.org.br\/wp-content\/uploads\/2021\/10\/Screenshot_20211003-220046_Gallery-768x688.jpg 768w, https:\/\/miraserra.org.br\/wp-content\/uploads\/2021\/10\/Screenshot_20211003-220046_Gallery.jpg 1080w\" sizes=\"auto, (max-width: 1024px) 100vw, 1024px\" \/><figcaption>magens do felino, gentilmente, cedidas pelo fot\u00f3grafo Gustavo Pedro &#8211; autor da bela publica\u00e7\u00e3o: <strong>Parque Estadual dos Tr\u00eas Picos<\/strong> . Rio de Janeiro: Luminatti Editora, 2017. 240p.il. ISBN 978-85-93621-00-0<\/figcaption><\/figure>\n\n\n\n<h1 class=\"has-text-align-center has-vivid-green-cyan-background-color has-background wp-block-heading\"><strong>MATA ATL\u00c2NTICA:<\/strong><br><strong>O QUE \u00c9, PARA QUE SERVE?<\/strong><\/h1>\n\n\n\n<p class=\"has-text-align-center has-medium-font-size\">Consideram-se integrantes do Bioma Mata Atl\u00e2ntica as seguintes forma\u00e7\u00f5es florestais nativas e ecossistemas associados: Floresta Ombr\u00f3fila Densa; Floresta Ombr\u00f3fila Mista, tamb\u00e9m denominada de Mata de Arauc\u00e1rias; Floresta Ombr\u00f3fila Aberta; Floresta Estacional Semidecidual; e Floresta Estacional Decidual, bem como os manguezais, as vegeta\u00e7\u00f5es de restingas, campos de altitude, brejos interioranos e encraves florestais do Nordeste<br> (e<em>xtra\u00eddo do art. 2\u00ba, Lei Federal n\u00ba 11.428\/2006<\/em>). <br>Decretada Reserva da Biosfera, pela UNESCO, e protegida como Patrim\u00f4nio Nacional, a Mata Atl\u00e2ntica \u00e9 a quinta floresta mais amea\u00e7ada de extin\u00e7\u00e3o .do mundo. Ocorre em 17 estados do Brasil, sendo que cerca de 70% da popula\u00e7\u00e3o<br> brasileira dela depende.<br>Apesar de estar reduzida a menos de 10% da sua cobertura original, a Mata atl\u00e2ntica \u00e9, ainda, uma das regi\u00f5es mais ricas em biodiversidade do planeta. Ela \u00e9 respons\u00e1vel pela manuten\u00e7\u00e3o da qualidade\/quantidade de \u00e1gua, pelo controle do equil\u00edbrio clim\u00e1tico, pelo combate \u00e0 eros\u00e3o de encostas, pela fertilidade do solo, pela gera\u00e7\u00e3o de emprego e renda, pelo fornecimento de material gen\u00e9tico para ind\u00fastria farmac\u00eautica e aliment\u00edcia, pela qualidade de vida das popula\u00e7\u00f5es, entre tantos outros servi\u00e7os ambientais inestim\u00e1veis.<\/p>\n\n\n\n<p class=\"has-drop-cap has-text-align-left has-vivid-green-cyan-background-color has-background has-medium-font-size\">\u00c9  <strong>importante destacar que os animais silvestres s\u00e3o os principais mantenedores da Mata Atl\u00e2ntica, pois dispersam as suas sementes com efic\u00e1cia \u2013 e, com isto, participam da conserva\u00e7\u00e3o dos recursos h\u00eddricos.<\/strong><\/p>\n\n\n\n<p><\/p>\n","protected":false},"excerpt":{"rendered":"<p>Nome popular: &nbsp; On\u00e7a-parda, Su\u00e7uarana, Le\u00e3o-baio Nome cient\u00edfico: &nbsp;Puma concolor Texto organizado por Bi\u00f3l. MSc.Lisiane Becker CARACTER\u00cdSTICAS: \u00c9 uma segunda<\/p>\n","protected":false},"author":1,"featured_media":3507,"comment_status":"closed","ping_status":"closed","sticky":false,"template":"","format":"standard","meta":{"colormag_page_container_layout":"default_layout","colormag_page_sidebar_layout":"default_layout","_themeisle_gutenberg_block_has_review":false,"footnotes":""},"categories":[161,1,73],"tags":[292,347,348,171],"class_list":["post-3495","post","type-post","status-publish","format-standard","has-post-thumbnail","hentry","category-loja-mira-serra","category-menu","category-noticias","tag-mata-atantica","tag-puma","tag-puma-concolor","tag-sitio-do-bem"],"_links":{"self":[{"href":"https:\/\/miraserra.org.br\/index.php\/wp-json\/wp\/v2\/posts\/3495","targetHints":{"allow":["GET"]}}],"collection":[{"href":"https:\/\/miraserra.org.br\/index.php\/wp-json\/wp\/v2\/posts"}],"about":[{"href":"https:\/\/miraserra.org.br\/index.php\/wp-json\/wp\/v2\/types\/post"}],"author":[{"embeddable":true,"href":"https:\/\/miraserra.org.br\/index.php\/wp-json\/wp\/v2\/users\/1"}],"replies":[{"embeddable":true,"href":"https:\/\/miraserra.org.br\/index.php\/wp-json\/wp\/v2\/comments?post=3495"}],"version-history":[{"count":15,"href":"https:\/\/miraserra.org.br\/index.php\/wp-json\/wp\/v2\/posts\/3495\/revisions"}],"predecessor-version":[{"id":3517,"href":"https:\/\/miraserra.org.br\/index.php\/wp-json\/wp\/v2\/posts\/3495\/revisions\/3517"}],"wp:featuredmedia":[{"embeddable":true,"href":"https:\/\/miraserra.org.br\/index.php\/wp-json\/wp\/v2\/media\/3507"}],"wp:attachment":[{"href":"https:\/\/miraserra.org.br\/index.php\/wp-json\/wp\/v2\/media?parent=3495"}],"wp:term":[{"taxonomy":"category","embeddable":true,"href":"https:\/\/miraserra.org.br\/index.php\/wp-json\/wp\/v2\/categories?post=3495"},{"taxonomy":"post_tag","embeddable":true,"href":"https:\/\/miraserra.org.br\/index.php\/wp-json\/wp\/v2\/tags?post=3495"}],"curies":[{"name":"wp","href":"https:\/\/api.w.org\/{rel}","templated":true}]}}