{"id":3520,"date":"2021-10-15T21:14:57","date_gmt":"2021-10-16T00:14:57","guid":{"rendered":"http:\/\/miraserra.org.br\/?p=3520"},"modified":"2022-09-06T13:21:19","modified_gmt":"2022-09-06T16:21:19","slug":"saude-ambiental","status":"publish","type":"post","link":"https:\/\/miraserra.org.br\/index.php\/2021\/10\/15\/saude-ambiental\/","title":{"rendered":"SA\u00daDE AMBIENTAL"},"content":{"rendered":"\n<p>\u00c9 o tema do dia 16\/10, no espa\u00e7o Bosque da Mem\u00f3ria MIRA-SERRA do Parque Natural Municipal MonteGrappa,  em alus\u00e3o ao evento comemorativo &#8220;\u00c1reas Protegidas&#8221; da Am\u00e9rica Latina e do Caribe <\/p>\n\n\n\n<figure class=\"wp-block-image size-large\"><img loading=\"lazy\" decoding=\"async\" width=\"1024\" height=\"574\" src=\"http:\/\/miraserra.org.br\/wp-content\/uploads\/2021\/10\/Screenshot_20211012-173331_Gallery-1024x574.jpg\" alt=\"\" class=\"wp-image-3521\" srcset=\"https:\/\/miraserra.org.br\/wp-content\/uploads\/2021\/10\/Screenshot_20211012-173331_Gallery-1024x574.jpg 1024w, https:\/\/miraserra.org.br\/wp-content\/uploads\/2021\/10\/Screenshot_20211012-173331_Gallery-300x168.jpg 300w, https:\/\/miraserra.org.br\/wp-content\/uploads\/2021\/10\/Screenshot_20211012-173331_Gallery-768x430.jpg 768w, https:\/\/miraserra.org.br\/wp-content\/uploads\/2021\/10\/Screenshot_20211012-173331_Gallery-1536x860.jpg 1536w, https:\/\/miraserra.org.br\/wp-content\/uploads\/2021\/10\/Screenshot_20211012-173331_Gallery.jpg 1923w\" sizes=\"auto, (max-width: 1024px) 100vw, 1024px\" \/><figcaption>Biodiversidade \u00e9 qualidade de vida!<\/figcaption><\/figure>\n\n\n\n<figure class=\"wp-block-image size-large\"><img loading=\"lazy\" decoding=\"async\" width=\"735\" height=\"1024\" src=\"http:\/\/miraserra.org.br\/wp-content\/uploads\/2021\/10\/Screenshot_20211012-174905_Gallery-735x1024.jpg\" alt=\"\" class=\"wp-image-3522\" srcset=\"https:\/\/miraserra.org.br\/wp-content\/uploads\/2021\/10\/Screenshot_20211012-174905_Gallery-735x1024.jpg 735w, https:\/\/miraserra.org.br\/wp-content\/uploads\/2021\/10\/Screenshot_20211012-174905_Gallery-215x300.jpg 215w, https:\/\/miraserra.org.br\/wp-content\/uploads\/2021\/10\/Screenshot_20211012-174905_Gallery-768x1070.jpg 768w, https:\/\/miraserra.org.br\/wp-content\/uploads\/2021\/10\/Screenshot_20211012-174905_Gallery.jpg 1080w\" sizes=\"auto, (max-width: 735px) 100vw, 735px\" \/><\/figure>\n\n\n\n<p>Saiba mais: <a href=\"https:\/\/www.google.com\/maps\/d\/u\/0\/edit?mid=1KIFYMmqfs7A5I6vDiH3Xvs4SidJiUV0J&amp;ll=-4.060292298623992%2C-65.56610627209622&amp;z=3\" data-type=\"URL\" data-id=\"https:\/\/www.google.com\/maps\/d\/u\/0\/edit?mid=1KIFYMmqfs7A5I6vDiH3Xvs4SidJiUV0J&amp;ll=-4.060292298623992%2C-65.56610627209622&amp;z=3\">https:\/\/www.google.com\/maps\/d\/u\/0\/edit?mid=1KIFYMmqfs7A5I6vDiH3Xvs4SidJiUV0J&amp;ll=-4.060292298623992%2C-65.56610627209622&amp;z=3<\/a><\/p>\n\n\n\n<figure class=\"wp-block-image size-full\"><img loading=\"lazy\" decoding=\"async\" width=\"326\" height=\"447\" src=\"http:\/\/miraserra.org.br\/wp-content\/uploads\/2021\/10\/Screenshot_20211015-210218_Acrobat-for-Samsung-2.jpg\" alt=\"\" class=\"wp-image-3530\" srcset=\"https:\/\/miraserra.org.br\/wp-content\/uploads\/2021\/10\/Screenshot_20211015-210218_Acrobat-for-Samsung-2.jpg 326w, https:\/\/miraserra.org.br\/wp-content\/uploads\/2021\/10\/Screenshot_20211015-210218_Acrobat-for-Samsung-2-219x300.jpg 219w\" sizes=\"auto, (max-width: 326px) 100vw, 326px\" \/><figcaption>Fonte: Di\u00e1rio de Santa Maria (14\/10\/2021)<\/figcaption><\/figure>\n\n\n\n<p><\/p>\n","protected":false},"excerpt":{"rendered":"<p>\u00c9 o tema do dia 16\/10, no espa\u00e7o Bosque da Mem\u00f3ria MIRA-SERRA do Parque Natural Municipal MonteGrappa, em alus\u00e3o ao<\/p>\n","protected":false},"author":1,"featured_media":3524,"comment_status":"closed","ping_status":"closed","sticky":false,"template":"","format":"standard","meta":{"colormag_page_container_layout":"default_layout","colormag_page_sidebar_layout":"default_layout","_themeisle_gutenberg_block_has_review":false,"footnotes":""},"categories":[338],"tags":[294,316,319,317,288,179,318],"class_list":["post-3520","post","type-post","status-publish","format-standard","has-post-thumbnail","hentry","category-bosque-da-memoria","tag-areas-protegidas","tag-bosques-da-memoria","tag-ivora","tag-neap","tag-posto-avancado","tag-rma","tag-ufsm"],"_links":{"self":[{"href":"https:\/\/miraserra.org.br\/index.php\/wp-json\/wp\/v2\/posts\/3520","targetHints":{"allow":["GET"]}}],"collection":[{"href":"https:\/\/miraserra.org.br\/index.php\/wp-json\/wp\/v2\/posts"}],"about":[{"href":"https:\/\/miraserra.org.br\/index.php\/wp-json\/wp\/v2\/types\/post"}],"author":[{"embeddable":true,"href":"https:\/\/miraserra.org.br\/index.php\/wp-json\/wp\/v2\/users\/1"}],"replies":[{"embeddable":true,"href":"https:\/\/miraserra.org.br\/index.php\/wp-json\/wp\/v2\/comments?post=3520"}],"version-history":[{"count":4,"href":"https:\/\/miraserra.org.br\/index.php\/wp-json\/wp\/v2\/posts\/3520\/revisions"}],"predecessor-version":[{"id":3532,"href":"https:\/\/miraserra.org.br\/index.php\/wp-json\/wp\/v2\/posts\/3520\/revisions\/3532"}],"wp:featuredmedia":[{"embeddable":true,"href":"https:\/\/miraserra.org.br\/index.php\/wp-json\/wp\/v2\/media\/3524"}],"wp:attachment":[{"href":"https:\/\/miraserra.org.br\/index.php\/wp-json\/wp\/v2\/media?parent=3520"}],"wp:term":[{"taxonomy":"category","embeddable":true,"href":"https:\/\/miraserra.org.br\/index.php\/wp-json\/wp\/v2\/categories?post=3520"},{"taxonomy":"post_tag","embeddable":true,"href":"https:\/\/miraserra.org.br\/index.php\/wp-json\/wp\/v2\/tags?post=3520"}],"curies":[{"name":"wp","href":"https:\/\/api.w.org\/{rel}","templated":true}]}}