{"id":3587,"date":"2021-10-18T21:00:06","date_gmt":"2021-10-19T00:00:06","guid":{"rendered":"http:\/\/miraserra.org.br\/?p=3587"},"modified":"2021-12-05T23:17:37","modified_gmt":"2021-12-06T02:17:37","slug":"campanha-ganhadores","status":"publish","type":"post","link":"https:\/\/miraserra.org.br\/index.php\/2021\/10\/18\/campanha-ganhadores\/","title":{"rendered":"CAMPANHA &#038; GANHADORES"},"content":{"rendered":"\n<p class=\"has-vivid-red-color has-text-color has-large-font-size\"><strong>Colabore, compartilhe, veja a cole\u00e7\u00e3o!<\/strong><\/p>\n\n\n\n<p class=\"has-luminous-vivid-amber-background-color has-background has-large-font-size\">C<strong>AMPANHA: doe e concorra a lindas camisetas!<\/strong><\/p>\n\n\n\n<p class=\"has-drop-cap has-large-font-size\">O Instituto MIRA-SERRA atua pelo voluntariado, ou seja, sua fonte de recursos se baseia nas doa\u00e7\u00f5es dos associados, de editais p\u00fablicos (cada vez mais raros) e de campanhas como a do S\u00cdTIO DO BEM &#8211; que trabalha, tamb\u00e9m, com a <a href=\"http:\/\/miraserra.org.br\/index.php\/category\/loja-mira-serra\/\" data-type=\"URL\" data-id=\"http:\/\/miraserra.org.br\/index.php\/category\/loja-mira-serra\/\">cole\u00e7\u00e3o de camisetas <\/a>da MIRA-SERRA.<\/p>\n\n\n\n<p class=\"has-vivid-red-color has-text-color has-large-font-size\"><strong>Compartilhe! <\/strong><\/p>\n\n\n\n<figure class=\"wp-block-gallery columns-2 is-cropped wp-block-gallery-1 is-layout-flex wp-block-gallery-is-layout-flex\"><ul class=\"blocks-gallery-grid\"><li class=\"blocks-gallery-item\"><figure><img loading=\"lazy\" decoding=\"async\" width=\"485\" height=\"1024\" src=\"http:\/\/miraserra.org.br\/wp-content\/uploads\/2021\/10\/246665909_6260872660650640_2771246758744663236_n-485x1024.jpg\" alt=\"\" data-id=\"3588\" class=\"wp-image-3588\" srcset=\"https:\/\/miraserra.org.br\/wp-content\/uploads\/2021\/10\/246665909_6260872660650640_2771246758744663236_n-485x1024.jpg 485w, https:\/\/miraserra.org.br\/wp-content\/uploads\/2021\/10\/246665909_6260872660650640_2771246758744663236_n-142x300.jpg 142w, https:\/\/miraserra.org.br\/wp-content\/uploads\/2021\/10\/246665909_6260872660650640_2771246758744663236_n.jpg 640w\" sizes=\"auto, (max-width: 485px) 100vw, 485px\" \/><\/figure><\/li><li class=\"blocks-gallery-item\"><figure><img loading=\"lazy\" decoding=\"async\" width=\"466\" height=\"1024\" src=\"http:\/\/miraserra.org.br\/wp-content\/uploads\/2021\/10\/246439937_6260905500647356_2633931399173750313_n-466x1024.jpg\" alt=\"\" data-id=\"3589\" data-full-url=\"http:\/\/miraserra.org.br\/wp-content\/uploads\/2021\/10\/246439937_6260905500647356_2633931399173750313_n.jpg\" data-link=\"http:\/\/miraserra.org.br\/?attachment_id=3589\" class=\"wp-image-3589\" srcset=\"https:\/\/miraserra.org.br\/wp-content\/uploads\/2021\/10\/246439937_6260905500647356_2633931399173750313_n-466x1024.jpg 466w, https:\/\/miraserra.org.br\/wp-content\/uploads\/2021\/10\/246439937_6260905500647356_2633931399173750313_n-137x300.jpg 137w, https:\/\/miraserra.org.br\/wp-content\/uploads\/2021\/10\/246439937_6260905500647356_2633931399173750313_n.jpg 640w\" sizes=\"auto, (max-width: 466px) 100vw, 466px\" \/><\/figure><\/li><\/ul><\/figure>\n\n\n\n<p class=\"has-black-color has-luminous-vivid-amber-background-color has-text-color has-background has-large-font-size\"><strong>GANHADORES DOS BRINDES DE SETEMBRO\/2021<\/strong><\/p>\n\n\n\n<p class=\"has-large-font-size\">&#8211; m\u00e1scara da Confec\u00e7\u00e3o Arte no Pano: Ganhadora Stel Figueiredo (Doa\u00e7\u00e3o n\u00famero 81) <\/p>\n\n\n\n<p class=\"has-large-font-size\">&#8211; m\u00e1scara da Confec\u00e7\u00e3o Arte no Pano: Ganhadora Suyan Andrade &#8211; (Doa\u00e7\u00e3o n\u00famero 10)<\/p>\n\n\n\n<p class=\"has-vivid-red-color has-text-color has-large-font-size\"><em>Observa\u00e7\u00e3o: em ambientes fechados, utilize a m\u00e1cara cir\u00fargica sob a bela m\u00e1scara de pano<\/em>. <em>Impe\u00e7a a circula\u00e7\u00e3o do novo Coronav\u00edrus.<\/em><\/p>\n","protected":false},"excerpt":{"rendered":"<p>Colabore, compartilhe, veja a cole\u00e7\u00e3o! CAMPANHA: doe e concorra a lindas camisetas! O Instituto MIRA-SERRA atua pelo voluntariado, ou seja,<\/p>\n","protected":false},"author":1,"featured_media":3590,"comment_status":"closed","ping_status":"closed","sticky":false,"template":"","format":"standard","meta":{"colormag_page_container_layout":"default_layout","colormag_page_sidebar_layout":"default_layout","_themeisle_gutenberg_block_has_review":false,"footnotes":""},"categories":[161],"tags":[283,180,183,181,350],"class_list":["post-3587","post","type-post","status-publish","format-standard","has-post-thumbnail","hentry","category-loja-mira-serra","tag-brindes","tag-camisetas","tag-mira-serra","tag-sitio-do-bem-2","tag-sorteio"],"_links":{"self":[{"href":"https:\/\/miraserra.org.br\/index.php\/wp-json\/wp\/v2\/posts\/3587","targetHints":{"allow":["GET"]}}],"collection":[{"href":"https:\/\/miraserra.org.br\/index.php\/wp-json\/wp\/v2\/posts"}],"about":[{"href":"https:\/\/miraserra.org.br\/index.php\/wp-json\/wp\/v2\/types\/post"}],"author":[{"embeddable":true,"href":"https:\/\/miraserra.org.br\/index.php\/wp-json\/wp\/v2\/users\/1"}],"replies":[{"embeddable":true,"href":"https:\/\/miraserra.org.br\/index.php\/wp-json\/wp\/v2\/comments?post=3587"}],"version-history":[{"count":3,"href":"https:\/\/miraserra.org.br\/index.php\/wp-json\/wp\/v2\/posts\/3587\/revisions"}],"predecessor-version":[{"id":3595,"href":"https:\/\/miraserra.org.br\/index.php\/wp-json\/wp\/v2\/posts\/3587\/revisions\/3595"}],"wp:featuredmedia":[{"embeddable":true,"href":"https:\/\/miraserra.org.br\/index.php\/wp-json\/wp\/v2\/media\/3590"}],"wp:attachment":[{"href":"https:\/\/miraserra.org.br\/index.php\/wp-json\/wp\/v2\/media?parent=3587"}],"wp:term":[{"taxonomy":"category","embeddable":true,"href":"https:\/\/miraserra.org.br\/index.php\/wp-json\/wp\/v2\/categories?post=3587"},{"taxonomy":"post_tag","embeddable":true,"href":"https:\/\/miraserra.org.br\/index.php\/wp-json\/wp\/v2\/tags?post=3587"}],"curies":[{"name":"wp","href":"https:\/\/api.w.org\/{rel}","templated":true}]}}