{"id":3674,"date":"2022-02-06T23:02:24","date_gmt":"2022-02-07T02:02:24","guid":{"rendered":"http:\/\/miraserra.org.br\/?p=3674"},"modified":"2022-04-21T00:13:31","modified_gmt":"2022-04-21T03:13:31","slug":"chamada-para-municipios-da-bacia-hidrografica-do-rio-cai","status":"publish","type":"post","link":"https:\/\/miraserra.org.br\/index.php\/2022\/02\/06\/chamada-para-municipios-da-bacia-hidrografica-do-rio-cai\/","title":{"rendered":"CHAMADA PARA MUNIC\u00cdPIOS DA BACIA HIDROGR\u00c1FICA DO RIO CA\u00cd"},"content":{"rendered":"\n<h2 class=\"has-text-align-center has-vivid-green-cyan-color has-text-color wp-block-heading\">PROJETO IN\u00c9DITO QUER INTEGRAR PLANO DE BACIA HIDROGR\u00c1FICA COM PLANOS MUNICIPAIS &amp; REGIONAL DE CONSERVA\u00c7\u00c3O E RECUPERA\u00c7\u00c3O DA MATA ATL\u00c2NTICA<\/h2>\n\n\n\n<p class=\"has-text-align-center has-medium-font-size\"><strong>41 munic\u00edpios ter\u00e3o oportunidade \u00fanica para elaborar seus PMMAs atrav\u00e9s da parceria<\/strong> <strong>e, ainda, se capacitarem para o monitoramento e as atualiza\u00e7\u00f5es!<\/strong><\/p>\n\n\n\n<p class=\"has-text-align-center has-vivid-red-color has-text-color\"><strong>PRAZO PARA INSCRI\u00c7\u00d5ES ENCERRA NO FINAL DE FEVEREIRO!<\/strong><\/p>\n\n\n\n<p class=\"has-text-align-center has-vivid-red-color has-text-color has-large-font-size\"><strong>PRAZO PRORROGADO. <a href=\"http:\/\/miraserra.org.br\/index.php\/2022\/04\/21\/prazo-para-adesoes-foi-prorrogado\/\">Veja aqui!<\/a><\/strong><\/p>\n\n\n\n<p><\/p>\n\n\n\n<figure class=\"wp-block-gallery has-nested-images columns-default is-cropped wp-block-gallery-1 is-layout-flex wp-block-gallery-is-layout-flex\">\n<figure class=\"wp-block-image size-full\"><img loading=\"lazy\" decoding=\"async\" width=\"960\" height=\"607\" data-id=\"3679\" src=\"http:\/\/miraserra.org.br\/wp-content\/uploads\/2022\/02\/244474881_5002825809731534_8703372692626083407_n.jpg\" alt=\"\" class=\"wp-image-3679\" srcset=\"https:\/\/miraserra.org.br\/wp-content\/uploads\/2022\/02\/244474881_5002825809731534_8703372692626083407_n.jpg 960w, https:\/\/miraserra.org.br\/wp-content\/uploads\/2022\/02\/244474881_5002825809731534_8703372692626083407_n-300x190.jpg 300w, https:\/\/miraserra.org.br\/wp-content\/uploads\/2022\/02\/244474881_5002825809731534_8703372692626083407_n-768x486.jpg 768w\" sizes=\"auto, (max-width: 960px) 100vw, 960px\" \/><\/figure>\n<figcaption class=\"blocks-gallery-caption\"><a href=\"http:\/\/<iframe src=&quot;https:\/\/www.facebook.com\/plugins\/post.php?href=https%3A%2F%2Fwww.facebook.com%2FONGMiraSerra%2Fposts%2F5002826163064832&amp;show_text=true&amp;width=500&quot; width=&quot;500&quot; height=&quot;818&quot; style=&quot;border:none;overflow:hidden&quot; scrolling=&quot;no&quot; frameborder=&quot;0&quot; allowfullscreen=&quot;true&quot; allow=&quot;autoplay; clipboard-write; encrypted-media; picture-in-picture; web-share&quot;><\/iframe>&#8220;><strong>VEJA MAIS SOBRE A ASSINATURA DO TERMO DE COOPERA\u00c7\u00c3O<\/strong><\/a><br><br><br><\/figcaption><\/figure>\n\n\n\n<figure class=\"wp-block-gallery aligncenter has-nested-images columns-default is-cropped wp-block-gallery-2 is-layout-flex wp-block-gallery-is-layout-flex\">\n<figure class=\"wp-block-image size-full\"><img loading=\"lazy\" decoding=\"async\" width=\"816\" height=\"586\" data-id=\"3678\" src=\"http:\/\/miraserra.org.br\/wp-content\/uploads\/2022\/02\/of-cai.jpg\" alt=\"\" class=\"wp-image-3678\" srcset=\"https:\/\/miraserra.org.br\/wp-content\/uploads\/2022\/02\/of-cai.jpg 816w, https:\/\/miraserra.org.br\/wp-content\/uploads\/2022\/02\/of-cai-300x215.jpg 300w, https:\/\/miraserra.org.br\/wp-content\/uploads\/2022\/02\/of-cai-768x552.jpg 768w\" sizes=\"auto, (max-width: 816px) 100vw, 816px\" \/><\/figure>\n<\/figure>\n\n\n\n<p class=\"has-text-align-center has-large-font-size\">LEIA<a href=\"http:\/\/miraserra.org.br\/wp-content\/uploads\/2022\/02\/Oficio_Circular_01-2022_Todos-Prefeitos-Bacia_Planos-Mata-Atlantica_com-anexo.pdf\"><strong> A \u00cdNTEGRA DO OF\u00cdCIO<\/strong><\/a><\/p>\n\n\n\n<p class=\"has-text-align-right has-medium-font-size\"><strong> O hist\u00f3rico do Instituto MIRA-SERRA com PMMAs pode ser visto <\/strong><a href=\"http:\/\/miraserra.org.br\/index.php\/2021\/12\/09\/pmmas-2011-2012\/\"><strong><em>AQUI<\/em><\/strong><\/a><\/p>\n","protected":false},"excerpt":{"rendered":"<p>PROJETO IN\u00c9DITO QUER INTEGRAR PLANO DE BACIA HIDROGR\u00c1FICA COM PLANOS MUNICIPAIS &amp; REGIONAL DE CONSERVA\u00c7\u00c3O E RECUPERA\u00c7\u00c3O DA MATA ATL\u00c2NTICA<\/p>\n","protected":false},"author":1,"featured_media":3678,"comment_status":"closed","ping_status":"closed","sticky":false,"template":"","format":"standard","meta":{"colormag_page_container_layout":"default_layout","colormag_page_sidebar_layout":"default_layout","_themeisle_gutenberg_block_has_review":false,"footnotes":""},"categories":[31,59,37,1,44,73],"tags":[223,178,183,356,355],"class_list":["post-3674","post","type-post","status-publish","format-standard","has-post-thumbnail","hentry","category-plano-de-mata-atlantica","category-comites-de-bacia-hidrografica","category-mata-atlantica","category-menu","category-mp","category-noticias","tag-comite-cai","tag-ministerio-publico","tag-mira-serra","tag-plano-de-bacia-hidrografica","tag-pmma"],"_links":{"self":[{"href":"https:\/\/miraserra.org.br\/index.php\/wp-json\/wp\/v2\/posts\/3674","targetHints":{"allow":["GET"]}}],"collection":[{"href":"https:\/\/miraserra.org.br\/index.php\/wp-json\/wp\/v2\/posts"}],"about":[{"href":"https:\/\/miraserra.org.br\/index.php\/wp-json\/wp\/v2\/types\/post"}],"author":[{"embeddable":true,"href":"https:\/\/miraserra.org.br\/index.php\/wp-json\/wp\/v2\/users\/1"}],"replies":[{"embeddable":true,"href":"https:\/\/miraserra.org.br\/index.php\/wp-json\/wp\/v2\/comments?post=3674"}],"version-history":[{"count":6,"href":"https:\/\/miraserra.org.br\/index.php\/wp-json\/wp\/v2\/posts\/3674\/revisions"}],"predecessor-version":[{"id":3779,"href":"https:\/\/miraserra.org.br\/index.php\/wp-json\/wp\/v2\/posts\/3674\/revisions\/3779"}],"wp:featuredmedia":[{"embeddable":true,"href":"https:\/\/miraserra.org.br\/index.php\/wp-json\/wp\/v2\/media\/3678"}],"wp:attachment":[{"href":"https:\/\/miraserra.org.br\/index.php\/wp-json\/wp\/v2\/media?parent=3674"}],"wp:term":[{"taxonomy":"category","embeddable":true,"href":"https:\/\/miraserra.org.br\/index.php\/wp-json\/wp\/v2\/categories?post=3674"},{"taxonomy":"post_tag","embeddable":true,"href":"https:\/\/miraserra.org.br\/index.php\/wp-json\/wp\/v2\/tags?post=3674"}],"curies":[{"name":"wp","href":"https:\/\/api.w.org\/{rel}","templated":true}]}}