{"id":3706,"date":"2022-03-13T17:45:36","date_gmt":"2022-03-13T20:45:36","guid":{"rendered":"http:\/\/miraserra.org.br\/?p=3706"},"modified":"2022-04-03T20:50:13","modified_gmt":"2022-04-03T23:50:13","slug":"mira-serra-atua-sem-tregua","status":"publish","type":"post","link":"https:\/\/miraserra.org.br\/index.php\/2022\/03\/13\/mira-serra-atua-sem-tregua\/","title":{"rendered":"MIRA-SERRA atua sem tr\u00e9gua"},"content":{"rendered":"\n<p class=\"has-black-color has-text-color has-medium-font-size\"><strong>Para o Instituto MIRA-SERRA n\u00e3o existem f\u00e9rias, feriados ou finais de semana! <\/strong><\/p>\n\n\n\n<p class=\"has-text-align-center has-light-green-cyan-background-color has-background has-medium-font-size\"><strong>O Instituto MIRA-SERRA participa de 18 grupos de discuss\u00e3o ambiental e integra 6 coletivos e 13 colegiados. <\/strong><\/p>\n\n\n\n<p class=\"has-text-align-center has-light-green-cyan-background-color has-background has-medium-font-size\"><strong> Atualmente, desenvolve 4 projetos.<\/strong><\/p>\n\n\n\n<p class=\"has-text-align-center has-light-green-cyan-background-color has-background has-medium-font-size\"><strong> A elabora\u00e7\u00e3o\/ acompanhamento de representa\u00e7\u00f5es se constitui em outra vertente que absorve o tempo da ONG. S\u00e3o mais de 20 a\u00e7\u00f5es tramitando no executivo estadual e no judici\u00e1rio estadual \/ federal. <\/strong><\/p>\n\n\n\n<p class=\"has-text-align-center has-light-green-cyan-background-color has-background has-medium-font-size\"><strong>O trabalho totalmente volunt\u00e1rio e, independente de setores econ\u00f4micos e pol\u00edtico-partid\u00e1rios, tem conquistado a confian\u00e7a de v\u00e1rios segmentos da sociedade e, com isto, <\/strong><br><strong>tem demandas espec\u00edficas em 8 munic\u00edpios. <\/strong><\/p>\n\n\n\n<p class=\"has-text-align-center has-medium-font-size\"><strong>Portanto, a atualiza\u00e7\u00e3o constante desta p\u00e1gina (e  m\u00eddias sociais oficiais da MIRA-SERRA) nem sempre \u00e9 poss\u00edvel, como se comprova pelos primeiros dez dias de mar\u00e7o:<\/strong><\/p>\n\n\n\n<p class=\"has-medium-font-size\"><strong>feriado de carnaval<\/strong>&#8211; avalia\u00e7\u00e3o de estrat\u00e9gias para duas novas den\u00fancias (S\u00e3o Francisco de Paula) e defini\u00e7\u00e3o das provas documentais\/testemunhais a serem encaminhadas ao TJ em a\u00e7\u00e3o da MIRA-SERRA (referente ao NGI Aparados da Serra Geral).<\/p>\n\n\n\n<div class=\"wp-block-image\"><figure class=\"alignleft size-full\"><img loading=\"lazy\" decoding=\"async\" width=\"313\" height=\"479\" src=\"http:\/\/miraserra.org.br\/wp-content\/uploads\/2022\/03\/Captura-de-Tela-1869.png\" alt=\"\" class=\"wp-image-3713\" srcset=\"https:\/\/miraserra.org.br\/wp-content\/uploads\/2022\/03\/Captura-de-Tela-1869.png 313w, https:\/\/miraserra.org.br\/wp-content\/uploads\/2022\/03\/Captura-de-Tela-1869-196x300.png 196w\" sizes=\"auto, (max-width: 313px) 100vw, 313px\" \/><\/figure><\/div>\n\n\n\n<p class=\"has-medium-font-size\"><strong>Dia 3 &#8211; <\/strong> <strong><a href=\"http:\/\/miraserra.org.br\/index.php\/2022\/03\/04\/ctcb-atende-demandas-do-cerbma-rs\/\" data-type=\"URL\" data-id=\"http:\/\/miraserra.org.br\/index.php\/2022\/03\/04\/ctcb-atende-demandas-do-cerbma-rs\/\">reuni\u00e3o da C\u00e2mara T\u00e9cnica &#8220;Conserva\u00e7\u00e3o da Biodiversidade&#8221; (CTCB)<\/a> <\/strong>&#8211; an\u00e1lise e parecer para manifesta\u00e7\u00e3o do Comit\u00ea Estadual da Reserva da Biosfera da Mata Atl\u00e2ntica (CERBMA-RS) junto ao Minist\u00e9rio P\u00fablico relativo ao Inqu\u00e9rito Civil,  resultante da representa\u00e7\u00e3o da MIRA-SERRA sobre a delega\u00e7\u00e3o de compet\u00eancia Estado-Munic\u00edpio neste Bioma. <\/p>\n\n\n\n<div class=\"wp-block-image\"><figure class=\"alignright size-full is-resized\"><img loading=\"lazy\" decoding=\"async\" src=\"http:\/\/miraserra.org.br\/wp-content\/uploads\/2022\/03\/Captura-de-Tela-1868.png\" alt=\"\" class=\"wp-image-3712\" width=\"222\" height=\"426\" srcset=\"https:\/\/miraserra.org.br\/wp-content\/uploads\/2022\/03\/Captura-de-Tela-1868.png 203w, https:\/\/miraserra.org.br\/wp-content\/uploads\/2022\/03\/Captura-de-Tela-1868-157x300.png 157w\" sizes=\"auto, (max-width: 222px) 100vw, 222px\" \/><\/figure><\/div>\n\n\n\n<p><\/p>\n\n\n\n<p class=\"has-medium-font-size\"><strong>Dia 5<\/strong> &#8211; reuni\u00e3o da APEDeMA-RS para elei\u00e7\u00e3o de entidades candidatas a ocuparem as vagas ambientalistas no <a href=\"https:\/\/www.sema.rs.gov.br\/apedema-realiza-eleicao-para-compor-conselho-estadual-do-meio-ambiente\" data-type=\"URL\" data-id=\"https:\/\/www.sema.rs.gov.br\/apedema-realiza-eleicao-para-compor-conselho-estadual-do-meio-ambiente\"><strong>Conselho Estadual do Meio Ambiente-RS<\/strong>. <\/a><strong>Foram reconduzidas MIRA-SERRA, AGRUPA e UPAN.  ING\u00e1 foi a quarta entidade a integrar as 4 cadeiras pela <a href=\"https:\/\/apedemars.wordpress.com\/2022\/03\/09\/escolhidas-entidades-para-o-consema\/\" data-type=\"URL\" data-id=\"https:\/\/apedemars.wordpress.com\/2022\/03\/09\/escolhidas-entidades-para-o-consema\/\">APEDeMA-RS.<\/a><\/strong><\/p>\n\n\n\n<p><\/p>\n\n\n\n<p><\/p>\n\n\n\n<p><\/p>\n\n\n\n<p class=\"has-medium-font-size\"><strong>Dia 8<\/strong> &#8211;<br><strong>(manh\u00e3)<\/strong> plen\u00e1ria do Comit\u00ea de Gerenciamento da Bacia Hidrogr\u00e1fica do Rio Ca\u00ed<\/p>\n\n\n\n<div class=\"wp-block-image\"><figure class=\"aligncenter size-large is-resized\"><img loading=\"lazy\" decoding=\"async\" src=\"http:\/\/miraserra.org.br\/wp-content\/uploads\/2022\/03\/Captura-de-Tela-1830-1024x576.png\" alt=\"\" class=\"wp-image-3710\" width=\"1024\" height=\"576\" srcset=\"https:\/\/miraserra.org.br\/wp-content\/uploads\/2022\/03\/Captura-de-Tela-1830-1024x576.png 1024w, https:\/\/miraserra.org.br\/wp-content\/uploads\/2022\/03\/Captura-de-Tela-1830-300x169.png 300w, https:\/\/miraserra.org.br\/wp-content\/uploads\/2022\/03\/Captura-de-Tela-1830-768x432.png 768w, https:\/\/miraserra.org.br\/wp-content\/uploads\/2022\/03\/Captura-de-Tela-1830.png 1366w\" sizes=\"auto, (max-width: 1024px) 100vw, 1024px\" \/><\/figure><\/div>\n\n\n\n<p class=\"has-medium-font-size\"><br><strong>(tarde) <\/strong>plen\u00e1ria do Comit\u00ea Estadual da Reserva da Biosfera da Mata Atl\u00e2ntica, com itens de pauta sugeridos pela MIRA-SERRA. Pareceres da CTCB foram aprovados (casos &#8220;Passo Fundo&#8221; e o de &#8220;delega\u00e7\u00e3o de compet\u00eancia Estado-Munic\u00edpio&#8221;). Outro item que tem sido pedido pela MIRA-SERRA foi atendido com a participa\u00e7\u00e3o do Minist\u00e9rio do Meio Ambiente, que tentou explicar a altera\u00e7\u00e3o violenta nas poligonais das \u00c1reas Priorit\u00e1rias para Conserva\u00e7\u00e3o da Biodiversidade. O CERBMA-RS mostrou suas cr\u00edticas com veem\u00eancia, visto que prejudicou  &#8211; de um modo ou de outro &#8211; todos os setores da sociedade ga\u00facha. O Instituto MIRA-SERRA destacou que a reclama\u00e7\u00e3o n\u00e3o \u00e9 s\u00f3 do RS (conforme fala do MMA) e, portanto, o modelo adotado nesta atualiza\u00e7\u00e3o deve ser repensado.<\/p>\n\n\n\n<div class=\"wp-block-image\"><figure class=\"aligncenter size-large\"><img loading=\"lazy\" decoding=\"async\" width=\"1024\" height=\"576\" src=\"http:\/\/miraserra.org.br\/wp-content\/uploads\/2022\/03\/Captura-de-Tela-1845-1024x576.png\" alt=\"\" class=\"wp-image-3709\" srcset=\"https:\/\/miraserra.org.br\/wp-content\/uploads\/2022\/03\/Captura-de-Tela-1845-1024x576.png 1024w, https:\/\/miraserra.org.br\/wp-content\/uploads\/2022\/03\/Captura-de-Tela-1845-300x169.png 300w, https:\/\/miraserra.org.br\/wp-content\/uploads\/2022\/03\/Captura-de-Tela-1845-768x432.png 768w, https:\/\/miraserra.org.br\/wp-content\/uploads\/2022\/03\/Captura-de-Tela-1845.png 1366w\" sizes=\"auto, (max-width: 1024px) 100vw, 1024px\" \/><\/figure><\/div>\n\n\n\n<p class=\"has-medium-font-size\"><strong>Dia 9 &#8211; <\/strong>participa\u00e7\u00e3o ativa na audi\u00eancia p\u00fablica &#8220;Plano de Conserva\u00e7\u00e3o e Recupera\u00e7\u00e3o da Mata Atl\u00e2ntica de Porto Alegre&#8221;<\/p>\n\n\n\n<div class=\"wp-block-image\"><figure class=\"aligncenter size-full\"><img loading=\"lazy\" decoding=\"async\" width=\"927\" height=\"296\" src=\"http:\/\/miraserra.org.br\/wp-content\/uploads\/2022\/03\/Captura-de-Tela-1866.png\" alt=\"\" class=\"wp-image-3711\" srcset=\"https:\/\/miraserra.org.br\/wp-content\/uploads\/2022\/03\/Captura-de-Tela-1866.png 927w, https:\/\/miraserra.org.br\/wp-content\/uploads\/2022\/03\/Captura-de-Tela-1866-300x96.png 300w, https:\/\/miraserra.org.br\/wp-content\/uploads\/2022\/03\/Captura-de-Tela-1866-768x245.png 768w\" sizes=\"auto, (max-width: 927px) 100vw, 927px\" \/><\/figure><\/div>\n\n\n\n<p><\/p>\n\n\n\n<p class=\"has-medium-font-size\"><strong>Dia 10 &#8211; <\/strong><a href=\"https:\/\/www.youtube.com\/watch?v=IzJej3OeVkA&amp;t=1397s\" data-type=\"URL\" data-id=\"https:\/\/www.youtube.com\/watch?v=IzJej3OeVkA&amp;t=1397s\"><strong>plen\u00e1ria do CONSEMA-RS<\/strong><\/a>, com pedido de vista da MIRA-SERRA das duas minutas de novas Resolu\u00e7\u00f5es (&#8220;<em>Aquicultura<\/em>&#8221; e &#8220;<em>Uso de lodo gerado em esta\u00e7\u00f5es de tratamento de \u00e1gua e seus produtos derivados em solos<\/em>&#8220;) bem como da altera\u00e7\u00e3o da Resolu\u00e7\u00e3o 372\/2018 referente \u00e0 minuta sobre aquicultura.<\/p>\n\n\n\n<div class=\"wp-block-image\"><figure class=\"aligncenter size-large\"><img loading=\"lazy\" decoding=\"async\" width=\"1024\" height=\"576\" src=\"http:\/\/miraserra.org.br\/wp-content\/uploads\/2022\/03\/Captura-de-Tela-1865-1024x576.png\" alt=\"\" class=\"wp-image-3708\" srcset=\"https:\/\/miraserra.org.br\/wp-content\/uploads\/2022\/03\/Captura-de-Tela-1865-1024x576.png 1024w, https:\/\/miraserra.org.br\/wp-content\/uploads\/2022\/03\/Captura-de-Tela-1865-300x169.png 300w, https:\/\/miraserra.org.br\/wp-content\/uploads\/2022\/03\/Captura-de-Tela-1865-768x432.png 768w, https:\/\/miraserra.org.br\/wp-content\/uploads\/2022\/03\/Captura-de-Tela-1865.png 1366w\" sizes=\"auto, (max-width: 1024px) 100vw, 1024px\" \/><\/figure><\/div>\n\n\n\n<p><\/p>\n\n\n\n<p><\/p>\n\n\n\n<p><\/p>\n\n\n\n<p><\/p>\n\n\n\n<p><\/p>\n","protected":false},"excerpt":{"rendered":"<p>Para o Instituto MIRA-SERRA n\u00e3o existem f\u00e9rias, feriados ou finais de semana! O Instituto MIRA-SERRA participa de 18 grupos de<\/p>\n","protected":false},"author":1,"featured_media":147,"comment_status":"closed","ping_status":"closed","sticky":false,"template":"","format":"standard","meta":{"colormag_page_container_layout":"default_layout","colormag_page_sidebar_layout":"default_layout","_themeisle_gutenberg_block_has_review":false,"footnotes":""},"categories":[50,55,59,58,73],"tags":[177,362,361,333,223,149,359,363,292,355,360,108],"class_list":["post-3706","post","type-post","status-publish","format-standard","has-post-thumbnail","hentry","category-cerbma","category-colegiados","category-comites-de-bacia-hidrografica","category-consema-rs","category-noticias","tag-apedema-rs","tag-aquicultura","tag-areas-prioritarias","tag-cerbma-rs","tag-comite-cai","tag-consema","tag-ct-conservacao-da-biodiversidade","tag-lodo","tag-mata-atantica","tag-pmma","tag-porto-alegre","tag-sao-francisco-de-paula"],"_links":{"self":[{"href":"https:\/\/miraserra.org.br\/index.php\/wp-json\/wp\/v2\/posts\/3706","targetHints":{"allow":["GET"]}}],"collection":[{"href":"https:\/\/miraserra.org.br\/index.php\/wp-json\/wp\/v2\/posts"}],"about":[{"href":"https:\/\/miraserra.org.br\/index.php\/wp-json\/wp\/v2\/types\/post"}],"author":[{"embeddable":true,"href":"https:\/\/miraserra.org.br\/index.php\/wp-json\/wp\/v2\/users\/1"}],"replies":[{"embeddable":true,"href":"https:\/\/miraserra.org.br\/index.php\/wp-json\/wp\/v2\/comments?post=3706"}],"version-history":[{"count":3,"href":"https:\/\/miraserra.org.br\/index.php\/wp-json\/wp\/v2\/posts\/3706\/revisions"}],"predecessor-version":[{"id":3717,"href":"https:\/\/miraserra.org.br\/index.php\/wp-json\/wp\/v2\/posts\/3706\/revisions\/3717"}],"wp:featuredmedia":[{"embeddable":true,"href":"https:\/\/miraserra.org.br\/index.php\/wp-json\/wp\/v2\/media\/147"}],"wp:attachment":[{"href":"https:\/\/miraserra.org.br\/index.php\/wp-json\/wp\/v2\/media?parent=3706"}],"wp:term":[{"taxonomy":"category","embeddable":true,"href":"https:\/\/miraserra.org.br\/index.php\/wp-json\/wp\/v2\/categories?post=3706"},{"taxonomy":"post_tag","embeddable":true,"href":"https:\/\/miraserra.org.br\/index.php\/wp-json\/wp\/v2\/tags?post=3706"}],"curies":[{"name":"wp","href":"https:\/\/api.w.org\/{rel}","templated":true}]}}