{"id":3736,"date":"2022-04-04T23:50:10","date_gmt":"2022-04-05T02:50:10","guid":{"rendered":"http:\/\/miraserra.org.br\/?p=3736"},"modified":"2022-04-07T09:52:59","modified_gmt":"2022-04-07T12:52:59","slug":"memoravel","status":"publish","type":"post","link":"https:\/\/miraserra.org.br\/index.php\/2022\/04\/04\/memoravel\/","title":{"rendered":"Memor\u00e1vel"},"content":{"rendered":"\n<p>Instituto MIRA-SERRA teve a honra de prestigiar importante, e hist\u00f3rico, evento do Comando Ambiental da Brigada Militar &#8211; realizado ontem na sua sede \u00e0 beira do Gua\u00edba.<\/p>\n\n\n\n<figure class=\"wp-block-image size-large\"><img loading=\"lazy\" decoding=\"async\" width=\"1024\" height=\"698\" src=\"http:\/\/miraserra.org.br\/wp-content\/uploads\/2022\/04\/Screenshot_20220406-002222_WhatsApp-1024x698.jpg\" alt=\"\" class=\"wp-image-3737\" srcset=\"https:\/\/miraserra.org.br\/wp-content\/uploads\/2022\/04\/Screenshot_20220406-002222_WhatsApp-1024x698.jpg 1024w, https:\/\/miraserra.org.br\/wp-content\/uploads\/2022\/04\/Screenshot_20220406-002222_WhatsApp-300x205.jpg 300w, https:\/\/miraserra.org.br\/wp-content\/uploads\/2022\/04\/Screenshot_20220406-002222_WhatsApp-768x524.jpg 768w, https:\/\/miraserra.org.br\/wp-content\/uploads\/2022\/04\/Screenshot_20220406-002222_WhatsApp-130x90.jpg 130w, https:\/\/miraserra.org.br\/wp-content\/uploads\/2022\/04\/Screenshot_20220406-002222_WhatsApp.jpg 1078w\" sizes=\"auto, (max-width: 1024px) 100vw, 1024px\" \/><\/figure>\n\n\n\n<figure class=\"wp-block-image size-large is-resized\"><img loading=\"lazy\" decoding=\"async\" src=\"http:\/\/miraserra.org.br\/wp-content\/uploads\/2022\/04\/20220404_192436-661x1024.jpg\" alt=\"\" class=\"wp-image-3738\" width=\"304\" height=\"470\" srcset=\"https:\/\/miraserra.org.br\/wp-content\/uploads\/2022\/04\/20220404_192436-661x1024.jpg 661w, https:\/\/miraserra.org.br\/wp-content\/uploads\/2022\/04\/20220404_192436-194x300.jpg 194w, https:\/\/miraserra.org.br\/wp-content\/uploads\/2022\/04\/20220404_192436-768x1191.jpg 768w, https:\/\/miraserra.org.br\/wp-content\/uploads\/2022\/04\/20220404_192436-991x1536.jpg 991w, https:\/\/miraserra.org.br\/wp-content\/uploads\/2022\/04\/20220404_192436-1321x2048.jpg 1321w, https:\/\/miraserra.org.br\/wp-content\/uploads\/2022\/04\/20220404_192436-scaled.jpg 1651w\" sizes=\"auto, (max-width: 304px) 100vw, 304px\" \/><figcaption>Coordenadora-presidente da MIRA-SERRA com oTenente-coronel Rodrigo (novo comandante do CABM) e Major Jo\u00e3o: ocasi\u00e3o memor\u00e1vel destes 13 anos ap\u00f3s a primeira e prof\u00edcua reuni\u00e3o na sede anterior, na Bento Gon\u00e7alves.<\/figcaption><\/figure>\n\n\n\n<figure class=\"wp-block-image size-full\"><img loading=\"lazy\" decoding=\"async\" width=\"1015\" height=\"522\" src=\"http:\/\/miraserra.org.br\/wp-content\/uploads\/2022\/04\/Screenshot_20220407-093413_Facebook.jpg\" alt=\"\" class=\"wp-image-3741\" srcset=\"https:\/\/miraserra.org.br\/wp-content\/uploads\/2022\/04\/Screenshot_20220407-093413_Facebook.jpg 1015w, https:\/\/miraserra.org.br\/wp-content\/uploads\/2022\/04\/Screenshot_20220407-093413_Facebook-300x154.jpg 300w, https:\/\/miraserra.org.br\/wp-content\/uploads\/2022\/04\/Screenshot_20220407-093413_Facebook-768x395.jpg 768w\" sizes=\"auto, (max-width: 1015px) 100vw, 1015px\" \/><figcaption>Nova sede com o Complexo de Policiamento Ostensivo Ambiental da Brigada Militar &#8211; inaugurado e aben\u00e7oado nesta data<\/figcaption><\/figure>\n\n\n\n<figure class=\"wp-block-image size-large\"><img loading=\"lazy\" decoding=\"async\" width=\"523\" height=\"1024\" src=\"http:\/\/miraserra.org.br\/wp-content\/uploads\/2022\/04\/Screenshot_20220407-093433_Facebook-523x1024.jpg\" alt=\"\" class=\"wp-image-3742\" srcset=\"https:\/\/miraserra.org.br\/wp-content\/uploads\/2022\/04\/Screenshot_20220407-093433_Facebook-523x1024.jpg 523w, https:\/\/miraserra.org.br\/wp-content\/uploads\/2022\/04\/Screenshot_20220407-093433_Facebook-153x300.jpg 153w, https:\/\/miraserra.org.br\/wp-content\/uploads\/2022\/04\/Screenshot_20220407-093433_Facebook-768x1505.jpg 768w, https:\/\/miraserra.org.br\/wp-content\/uploads\/2022\/04\/Screenshot_20220407-093433_Facebook-784x1536.jpg 784w, https:\/\/miraserra.org.br\/wp-content\/uploads\/2022\/04\/Screenshot_20220407-093433_Facebook-1045x2048.jpg 1045w, https:\/\/miraserra.org.br\/wp-content\/uploads\/2022\/04\/Screenshot_20220407-093433_Facebook.jpg 1079w\" sizes=\"auto, (max-width: 523px) 100vw, 523px\" \/><figcaption>Passagem de comando: cerim\u00f4nia rica em detalhes<\/figcaption><\/figure>\n\n\n\n<figure class=\"wp-block-image size-large\"><img loading=\"lazy\" decoding=\"async\" width=\"611\" height=\"1024\" src=\"http:\/\/miraserra.org.br\/wp-content\/uploads\/2022\/04\/20220404_193213-611x1024.jpg\" alt=\"\" class=\"wp-image-3739\" srcset=\"https:\/\/miraserra.org.br\/wp-content\/uploads\/2022\/04\/20220404_193213-611x1024.jpg 611w, https:\/\/miraserra.org.br\/wp-content\/uploads\/2022\/04\/20220404_193213-179x300.jpg 179w, https:\/\/miraserra.org.br\/wp-content\/uploads\/2022\/04\/20220404_193213-768x1288.jpg 768w, https:\/\/miraserra.org.br\/wp-content\/uploads\/2022\/04\/20220404_193213-916x1536.jpg 916w, https:\/\/miraserra.org.br\/wp-content\/uploads\/2022\/04\/20220404_193213-1222x2048.jpg 1222w, https:\/\/miraserra.org.br\/wp-content\/uploads\/2022\/04\/20220404_193213-scaled.jpg 1527w\" sizes=\"auto, (max-width: 611px) 100vw, 611px\" \/><figcaption>Dificilmente haveria melhor local e momento para entregar, pessoalmente, a homenagem do Instituto MIRA-SERRA ao Mj. Jo\u00e3o &#8211; virtualmente realizada em outubro\/2021.<br>https:\/\/www.facebook.com\/401044756576352\/posts\/5084258411588273\/<\/figcaption><\/figure>\n\n\n\n<figure class=\"wp-block-image size-full\"><img decoding=\"async\" src=\"http:\/\/miraserra.org.br\/wp-content\/uploads\/2022\/04\/20220404_172216.heic\" alt=\"\" class=\"wp-image-3740\"\/><\/figure>\n","protected":false},"excerpt":{"rendered":"<p>Instituto MIRA-SERRA teve a honra de prestigiar importante, e hist\u00f3rico, evento do Comando Ambiental da Brigada Militar &#8211; realizado ontem<\/p>\n","protected":false},"author":2,"featured_media":3741,"comment_status":"closed","ping_status":"closed","sticky":false,"template":"","format":"standard","meta":{"colormag_page_container_layout":"default_layout","colormag_page_sidebar_layout":"default_layout","_themeisle_gutenberg_block_has_review":false,"footnotes":""},"categories":[1,73],"tags":[105,143],"class_list":["post-3736","post","type-post","status-publish","format-standard","has-post-thumbnail","hentry","category-menu","category-noticias","tag-cabm","tag-meio-ambiente"],"_links":{"self":[{"href":"https:\/\/miraserra.org.br\/index.php\/wp-json\/wp\/v2\/posts\/3736","targetHints":{"allow":["GET"]}}],"collection":[{"href":"https:\/\/miraserra.org.br\/index.php\/wp-json\/wp\/v2\/posts"}],"about":[{"href":"https:\/\/miraserra.org.br\/index.php\/wp-json\/wp\/v2\/types\/post"}],"author":[{"embeddable":true,"href":"https:\/\/miraserra.org.br\/index.php\/wp-json\/wp\/v2\/users\/2"}],"replies":[{"embeddable":true,"href":"https:\/\/miraserra.org.br\/index.php\/wp-json\/wp\/v2\/comments?post=3736"}],"version-history":[{"count":1,"href":"https:\/\/miraserra.org.br\/index.php\/wp-json\/wp\/v2\/posts\/3736\/revisions"}],"predecessor-version":[{"id":3743,"href":"https:\/\/miraserra.org.br\/index.php\/wp-json\/wp\/v2\/posts\/3736\/revisions\/3743"}],"wp:featuredmedia":[{"embeddable":true,"href":"https:\/\/miraserra.org.br\/index.php\/wp-json\/wp\/v2\/media\/3741"}],"wp:attachment":[{"href":"https:\/\/miraserra.org.br\/index.php\/wp-json\/wp\/v2\/media?parent=3736"}],"wp:term":[{"taxonomy":"category","embeddable":true,"href":"https:\/\/miraserra.org.br\/index.php\/wp-json\/wp\/v2\/categories?post=3736"},{"taxonomy":"post_tag","embeddable":true,"href":"https:\/\/miraserra.org.br\/index.php\/wp-json\/wp\/v2\/tags?post=3736"}],"curies":[{"name":"wp","href":"https:\/\/api.w.org\/{rel}","templated":true}]}}