{"id":3752,"date":"2022-04-12T17:57:48","date_gmt":"2022-04-12T20:57:48","guid":{"rendered":"http:\/\/miraserra.org.br\/?p=3752"},"modified":"2022-04-17T18:16:56","modified_gmt":"2022-04-17T21:16:56","slug":"cpa-cai-de-abril","status":"publish","type":"post","link":"https:\/\/miraserra.org.br\/index.php\/2022\/04\/12\/cpa-cai-de-abril\/","title":{"rendered":"CPA CA\u00cd de abril"},"content":{"rendered":"\n<p class=\"has-text-align-center has-pale-cyan-blue-background-color has-background has-medium-font-size\">A Comiss\u00e3o de Assessoramento (CPA Ca\u00ed) do Comit\u00ea de Gerenciamento da Bacia Hidrogr\u00e1fica do Rio Ca\u00ed esteve reunida no dia 12, para discutira a seguinte pauta que ser\u00e1 levada para delibera\u00e7\u00e3o na Assembleia Geral:<\/p>\n\n\n\n<p class=\"has-text-align-center has-medium-font-size\">Calend\u00e1rio de reuni\u00f5es da CPA e das plen\u00e1rias at\u00e9 fevereiro\/2024<br>Nominata par compor a CPA<br>Cria\u00e7\u00e3o e composi\u00e7\u00e3o de GT &#8220;\u00e1gua subterr\u00e2nea&#8221;<br>Plano de Gest\u00e3o para o bi\u00eanio<br>Situa\u00e7\u00e3o das ades\u00f5es dos munic\u00edpios ao <a href=\"http:\/\/miraserra.org.br\/index.php\/2022\/02\/06\/chamada-para-municipios-da-bacia-hidrografica-do-rio-cai\/\">Termo de Coopera\u00e7\u00e3o entre o Instituto MIRA-SERRA, Comit\u00ea Ca\u00ed e Minist\u00e9rio P\u00fablico\/Regional Ca\u00ed<\/a><br>Semin\u00e1rio Tem\u00e1tico &#8221; Seguran\u00e7a H\u00eddrica da Bacia em Contexto de Mudan\u00e7as Clim\u00e1ticas&#8221; (eixos: abastecimento humano, agricultura e ind\u00fastria)<br>Site<br>Informes: Oficinas Plano Estadual de Recursos H\u00eddricos<\/p>\n\n\n\n<figure class=\"wp-block-image size-large is-resized\"><img loading=\"lazy\" decoding=\"async\" src=\"http:\/\/miraserra.org.br\/wp-content\/uploads\/2022\/04\/Captura-de-Tela-1972-1024x576.png\" alt=\"\" class=\"wp-image-3753\" width=\"1136\" height=\"639\" srcset=\"https:\/\/miraserra.org.br\/wp-content\/uploads\/2022\/04\/Captura-de-Tela-1972-1024x576.png 1024w, https:\/\/miraserra.org.br\/wp-content\/uploads\/2022\/04\/Captura-de-Tela-1972-300x169.png 300w, https:\/\/miraserra.org.br\/wp-content\/uploads\/2022\/04\/Captura-de-Tela-1972-768x432.png 768w, https:\/\/miraserra.org.br\/wp-content\/uploads\/2022\/04\/Captura-de-Tela-1972.png 1366w\" sizes=\"auto, (max-width: 1136px) 100vw, 1136px\" \/><\/figure>\n\n\n\n<p><a href=\"http:\/\/miraserra.org.br\/index.php\/2022\/02\/06\/chamada-para-municipios-da-bacia-hidrografica-do-rio-cai\/\"><br><\/a><\/p>\n\n\n\n<p><a href=\"http:\/\/miraserra.org.br\/index.php\/2022\/02\/06\/chamada-para-municipios-da-bacia-hidrografica-do-rio-cai\/\"><br><\/a><\/p>\n","protected":false},"excerpt":{"rendered":"<p>A Comiss\u00e3o de Assessoramento (CPA Ca\u00ed) do Comit\u00ea de Gerenciamento da Bacia Hidrogr\u00e1fica do Rio Ca\u00ed esteve reunida no dia<\/p>\n","protected":false},"author":1,"featured_media":3756,"comment_status":"closed","ping_status":"closed","sticky":false,"template":"","format":"standard","meta":{"colormag_page_container_layout":"default_layout","colormag_page_sidebar_layout":"default_layout","_themeisle_gutenberg_block_has_review":false,"footnotes":""},"categories":[31,55,59,37,1,73],"tags":[367,223,259,157],"class_list":["post-3752","post","type-post","status-publish","format-standard","has-post-thumbnail","hentry","category-plano-de-mata-atlantica","category-colegiados","category-comites-de-bacia-hidrografica","category-mata-atlantica","category-menu","category-noticias","tag-agua-subterranea","tag-comite-cai","tag-cpa","tag-plano-de-mata-atlantica"],"_links":{"self":[{"href":"https:\/\/miraserra.org.br\/index.php\/wp-json\/wp\/v2\/posts\/3752","targetHints":{"allow":["GET"]}}],"collection":[{"href":"https:\/\/miraserra.org.br\/index.php\/wp-json\/wp\/v2\/posts"}],"about":[{"href":"https:\/\/miraserra.org.br\/index.php\/wp-json\/wp\/v2\/types\/post"}],"author":[{"embeddable":true,"href":"https:\/\/miraserra.org.br\/index.php\/wp-json\/wp\/v2\/users\/1"}],"replies":[{"embeddable":true,"href":"https:\/\/miraserra.org.br\/index.php\/wp-json\/wp\/v2\/comments?post=3752"}],"version-history":[{"count":1,"href":"https:\/\/miraserra.org.br\/index.php\/wp-json\/wp\/v2\/posts\/3752\/revisions"}],"predecessor-version":[{"id":3757,"href":"https:\/\/miraserra.org.br\/index.php\/wp-json\/wp\/v2\/posts\/3752\/revisions\/3757"}],"wp:featuredmedia":[{"embeddable":true,"href":"https:\/\/miraserra.org.br\/index.php\/wp-json\/wp\/v2\/media\/3756"}],"wp:attachment":[{"href":"https:\/\/miraserra.org.br\/index.php\/wp-json\/wp\/v2\/media?parent=3752"}],"wp:term":[{"taxonomy":"category","embeddable":true,"href":"https:\/\/miraserra.org.br\/index.php\/wp-json\/wp\/v2\/categories?post=3752"},{"taxonomy":"post_tag","embeddable":true,"href":"https:\/\/miraserra.org.br\/index.php\/wp-json\/wp\/v2\/tags?post=3752"}],"curies":[{"name":"wp","href":"https:\/\/api.w.org\/{rel}","templated":true}]}}