{"id":3764,"date":"2022-04-20T23:48:13","date_gmt":"2022-04-21T02:48:13","guid":{"rendered":"http:\/\/miraserra.org.br\/?p=3764"},"modified":"2022-04-20T23:49:01","modified_gmt":"2022-04-21T02:49:01","slug":"justica-e-tonica-na-semana","status":"publish","type":"post","link":"https:\/\/miraserra.org.br\/index.php\/2022\/04\/20\/justica-e-tonica-na-semana\/","title":{"rendered":"Justi\u00e7a \u00e9 t\u00f4nica da semana"},"content":{"rendered":"\n<p class=\"has-text-align-center has-medium-font-size\">Na manh\u00e3 de 19\/4\/2022 foi realizada <strong>reuni\u00e3o  virtual com o Promotor respons\u00e1vel pela regional Ca\u00ed para dar seguimento ao <a href=\"http:\/\/miraserra.org.br\/index.php\/2022\/02\/06\/chamada-para-municipios-da-bacia-hidrografica-do-rio-cai\/\">Termo de Coopera\u00e7\u00e3o com  o Comit\u00ea de Gerenciamento da Bacia Hidrogr\u00e1fica do Rio Ca\u00ed e o Instituto MIRA-SERRA<\/a><\/strong>. Al\u00e9m do Promotor P\u00fablico de S\u00e3o Francisco de Paula, participaram o presidente do Comit\u00ea Ca\u00ed , <br>a coordenadora-presidente e a coordenadora executiva da MIRA-SERRA.<\/p>\n\n\n\n<figure class=\"wp-block-image size-large is-style-rounded\"><img loading=\"lazy\" decoding=\"async\" width=\"1024\" height=\"576\" src=\"http:\/\/miraserra.org.br\/wp-content\/uploads\/2022\/04\/Captura-de-Tela-2011-1-1024x576.png\" alt=\"\" class=\"wp-image-3769\" srcset=\"https:\/\/miraserra.org.br\/wp-content\/uploads\/2022\/04\/Captura-de-Tela-2011-1-1024x576.png 1024w, https:\/\/miraserra.org.br\/wp-content\/uploads\/2022\/04\/Captura-de-Tela-2011-1-300x169.png 300w, https:\/\/miraserra.org.br\/wp-content\/uploads\/2022\/04\/Captura-de-Tela-2011-1-768x432.png 768w, https:\/\/miraserra.org.br\/wp-content\/uploads\/2022\/04\/Captura-de-Tela-2011-1.png 1366w\" sizes=\"auto, (max-width: 1024px) 100vw, 1024px\" \/><\/figure>\n\n\n\n<p class=\"has-text-align-center has-medium-font-size\">Na mesma data, o Instituto MIRA-SERRA compareceu ao<a href=\"https:\/\/www.facebook.com\/401044756576352\/posts\/5656301247717317\/\"> <strong>F\u00f3rum do munic\u00edpio de Feliz para audi\u00eancia relativa \u00e0 A\u00e7\u00e3o Civil P\u00fablica<\/strong> <\/a>promovida pela ONG. A adv. Cl\u00e1udia Guichard e a bi\u00f3l. Lisiane Becker representaram a entidade ambientalista que, tamb\u00e9m, contou com depoimentos de dois mun\u00edcipes.<\/p>\n\n\n\n<figure class=\"wp-block-image is-style-rounded\"><img decoding=\"async\" src=\"https:\/\/scontent.fpoa4-1.fna.fbcdn.net\/v\/t39.30808-6\/278909160_5656193117728130_2793060845695155944_n.jpg?_nc_cat=100&amp;ccb=1-5&amp;_nc_sid=8bfeb9&amp;_nc_eui2=AeGsRoyIsXxTNRGrAt5l_dMqvsUagv7We_6-xRqC_tZ7_jC9v0GsHeKk0zFLXgsDnBDB4uN03Gjfa1IyvyDiqSNn&amp;_nc_ohc=L2OdzRBkkokAX-0ECVv&amp;_nc_ht=scontent.fpoa4-1.fna&amp;oh=00_AT-lVSkRkE31orbLf4YmduDz8KDVUjtKzzIHN-fIoBwozQ&amp;oe=6265A306\" alt=\"Pode ser uma imagem de texto que diz &quot;FORUM&quot;\"\/><\/figure>\n\n\n\n<p class=\"has-text-align-center has-medium-font-size\"><strong>A audi\u00eancia na Promotoria P\u00fablica de Porto Alegre<\/strong> ocorreu virtualmente na manh\u00e3 do dia 20. O <strong>Inqu\u00e9rito Civil trata do Conv\u00eanio Estado-Munic\u00edpio na delega\u00e7\u00e3o de compet\u00eancia para gest\u00e3o da flora nativa no Bioma Mata Atl\u00e2ntica<\/strong>. <br>Presente ambas as coordenadoras executivas e a coordenadora-presidente do Instituto MIRA-SERRA. <br>Devido aos problemas na comunica\u00e7\u00e3o, a  ONG  poder\u00e1 ter melhor exposi\u00e7\u00e3o na audi\u00eancia presencial, <br>prevista para o dia 17\/maio.<\/p>\n\n\n\n<div class=\"wp-block-image is-style-default\"><figure class=\"aligncenter size-large is-resized\"><img loading=\"lazy\" decoding=\"async\" src=\"http:\/\/miraserra.org.br\/wp-content\/uploads\/2022\/04\/Captura-de-Tela-2019-1024x576.png\" alt=\"\" class=\"wp-image-3767\" width=\"1115\" height=\"628\" srcset=\"https:\/\/miraserra.org.br\/wp-content\/uploads\/2022\/04\/Captura-de-Tela-2019-1024x576.png 1024w, https:\/\/miraserra.org.br\/wp-content\/uploads\/2022\/04\/Captura-de-Tela-2019-300x169.png 300w, https:\/\/miraserra.org.br\/wp-content\/uploads\/2022\/04\/Captura-de-Tela-2019-768x432.png 768w, https:\/\/miraserra.org.br\/wp-content\/uploads\/2022\/04\/Captura-de-Tela-2019.png 1366w\" sizes=\"auto, (max-width: 1115px) 100vw, 1115px\" \/><\/figure><\/div>\n","protected":false},"excerpt":{"rendered":"<p>Na manh\u00e3 de 19\/4\/2022 foi realizada reuni\u00e3o virtual com o Promotor respons\u00e1vel pela regional Ca\u00ed para dar seguimento ao Termo<\/p>\n","protected":false},"author":1,"featured_media":3772,"comment_status":"closed","ping_status":"closed","sticky":false,"template":"","format":"standard","meta":{"colormag_page_container_layout":"default_layout","colormag_page_sidebar_layout":"default_layout","_themeisle_gutenberg_block_has_review":false,"footnotes":""},"categories":[37,1,44,73],"tags":[370,202,223,371,178,183,354],"class_list":["post-3764","post","type-post","status-publish","format-standard","has-post-thumbnail","hentry","category-mata-atlantica","category-menu","category-mp","category-noticias","tag-acp","tag-alto-feliz","tag-comite-cai","tag-ic","tag-ministerio-publico","tag-mira-serra","tag-planos-de-mata-atlantica"],"_links":{"self":[{"href":"https:\/\/miraserra.org.br\/index.php\/wp-json\/wp\/v2\/posts\/3764","targetHints":{"allow":["GET"]}}],"collection":[{"href":"https:\/\/miraserra.org.br\/index.php\/wp-json\/wp\/v2\/posts"}],"about":[{"href":"https:\/\/miraserra.org.br\/index.php\/wp-json\/wp\/v2\/types\/post"}],"author":[{"embeddable":true,"href":"https:\/\/miraserra.org.br\/index.php\/wp-json\/wp\/v2\/users\/1"}],"replies":[{"embeddable":true,"href":"https:\/\/miraserra.org.br\/index.php\/wp-json\/wp\/v2\/comments?post=3764"}],"version-history":[{"count":4,"href":"https:\/\/miraserra.org.br\/index.php\/wp-json\/wp\/v2\/posts\/3764\/revisions"}],"predecessor-version":[{"id":3774,"href":"https:\/\/miraserra.org.br\/index.php\/wp-json\/wp\/v2\/posts\/3764\/revisions\/3774"}],"wp:featuredmedia":[{"embeddable":true,"href":"https:\/\/miraserra.org.br\/index.php\/wp-json\/wp\/v2\/media\/3772"}],"wp:attachment":[{"href":"https:\/\/miraserra.org.br\/index.php\/wp-json\/wp\/v2\/media?parent=3764"}],"wp:term":[{"taxonomy":"category","embeddable":true,"href":"https:\/\/miraserra.org.br\/index.php\/wp-json\/wp\/v2\/categories?post=3764"},{"taxonomy":"post_tag","embeddable":true,"href":"https:\/\/miraserra.org.br\/index.php\/wp-json\/wp\/v2\/tags?post=3764"}],"curies":[{"name":"wp","href":"https:\/\/api.w.org\/{rel}","templated":true}]}}