{"id":3775,"date":"2022-04-21T00:08:29","date_gmt":"2022-04-21T03:08:29","guid":{"rendered":"http:\/\/miraserra.org.br\/?p=3775"},"modified":"2022-04-21T00:10:29","modified_gmt":"2022-04-21T03:10:29","slug":"prazo-para-adesoes-foi-prorrogado","status":"publish","type":"post","link":"https:\/\/miraserra.org.br\/index.php\/2022\/04\/21\/prazo-para-adesoes-foi-prorrogado\/","title":{"rendered":"PRAZO PARA ADES\u00d5ES FOI PRORROGADO"},"content":{"rendered":"\n<p class=\"has-pale-cyan-blue-background-color has-background has-medium-font-size\"><strong>A prorroga\u00e7\u00e3o se deve ao fato de v\u00e1rios munic\u00edpios n\u00e3o terem tido conhecimento desta oportunidade \u00fanica!<\/strong><\/p>\n\n\n\n<div class=\"wp-block-image\"><figure class=\"aligncenter size-large is-resized\"><img loading=\"lazy\" decoding=\"async\" src=\"http:\/\/miraserra.org.br\/wp-content\/uploads\/2022\/04\/photo_2022-04-20_23-57-24-782x1024.jpg\" alt=\"\" class=\"wp-image-3776\" width=\"782\" height=\"1024\" srcset=\"https:\/\/miraserra.org.br\/wp-content\/uploads\/2022\/04\/photo_2022-04-20_23-57-24-782x1024.jpg 782w, https:\/\/miraserra.org.br\/wp-content\/uploads\/2022\/04\/photo_2022-04-20_23-57-24-229x300.jpg 229w, https:\/\/miraserra.org.br\/wp-content\/uploads\/2022\/04\/photo_2022-04-20_23-57-24-768x1006.jpg 768w, https:\/\/miraserra.org.br\/wp-content\/uploads\/2022\/04\/photo_2022-04-20_23-57-24.jpg 977w\" sizes=\"auto, (max-width: 782px) 100vw, 782px\" \/><figcaption><a href=\"http:\/\/miraserra.org.br\/index.php\/2022\/02\/06\/chamada-para-municipios-da-bacia-hidrografica-do-rio-cai\/\">SAIBA MAIS<\/a><\/figcaption><\/figure><\/div>\n","protected":false},"excerpt":{"rendered":"<p>A prorroga\u00e7\u00e3o se deve ao fato de v\u00e1rios munic\u00edpios n\u00e3o terem tido conhecimento desta oportunidade \u00fanica!<\/p>\n","protected":false},"author":1,"featured_media":2921,"comment_status":"closed","ping_status":"closed","sticky":false,"template":"","format":"standard","meta":{"colormag_page_container_layout":"default_layout","colormag_page_sidebar_layout":"default_layout","_themeisle_gutenberg_block_has_review":false,"footnotes":""},"categories":[37,1,73],"tags":[223,183,372,354],"class_list":["post-3775","post","type-post","status-publish","format-standard","has-post-thumbnail","hentry","category-mata-atlantica","category-menu","category-noticias","tag-comite-cai","tag-mira-serra","tag-plano-regional","tag-planos-de-mata-atlantica"],"_links":{"self":[{"href":"https:\/\/miraserra.org.br\/index.php\/wp-json\/wp\/v2\/posts\/3775","targetHints":{"allow":["GET"]}}],"collection":[{"href":"https:\/\/miraserra.org.br\/index.php\/wp-json\/wp\/v2\/posts"}],"about":[{"href":"https:\/\/miraserra.org.br\/index.php\/wp-json\/wp\/v2\/types\/post"}],"author":[{"embeddable":true,"href":"https:\/\/miraserra.org.br\/index.php\/wp-json\/wp\/v2\/users\/1"}],"replies":[{"embeddable":true,"href":"https:\/\/miraserra.org.br\/index.php\/wp-json\/wp\/v2\/comments?post=3775"}],"version-history":[{"count":1,"href":"https:\/\/miraserra.org.br\/index.php\/wp-json\/wp\/v2\/posts\/3775\/revisions"}],"predecessor-version":[{"id":3777,"href":"https:\/\/miraserra.org.br\/index.php\/wp-json\/wp\/v2\/posts\/3775\/revisions\/3777"}],"wp:featuredmedia":[{"embeddable":true,"href":"https:\/\/miraserra.org.br\/index.php\/wp-json\/wp\/v2\/media\/2921"}],"wp:attachment":[{"href":"https:\/\/miraserra.org.br\/index.php\/wp-json\/wp\/v2\/media?parent=3775"}],"wp:term":[{"taxonomy":"category","embeddable":true,"href":"https:\/\/miraserra.org.br\/index.php\/wp-json\/wp\/v2\/categories?post=3775"},{"taxonomy":"post_tag","embeddable":true,"href":"https:\/\/miraserra.org.br\/index.php\/wp-json\/wp\/v2\/tags?post=3775"}],"curies":[{"name":"wp","href":"https:\/\/api.w.org\/{rel}","templated":true}]}}