{"id":3806,"date":"2022-05-18T20:08:07","date_gmt":"2022-05-18T23:08:07","guid":{"rendered":"http:\/\/miraserra.org.br\/?p=3806"},"modified":"2022-05-22T20:10:53","modified_gmt":"2022-05-22T23:10:53","slug":"sem-descanso","status":"publish","type":"post","link":"https:\/\/miraserra.org.br\/index.php\/2022\/05\/18\/sem-descanso\/","title":{"rendered":"Sem descanso!"},"content":{"rendered":"\n<p class=\"has-drop-cap has-black-color has-light-green-cyan-background-color has-text-color has-background has-medium-font-size\">S<strong>aldo do per\u00edodo:<br> 6 reuni\u00f5es (2 de coordena\u00e7\u00e3o, 1 regionais, 1 estadual, 1 nacional), muito trabalho de &#8220;bastidores&#8221;, uma palestra e uma audi\u00eancia no Minist\u00e9rio P\u00fablico. <\/strong><br><strong>Tudo muito produtivo!<\/strong><\/p>\n\n\n\n<figure class=\"wp-block-image size-full is-style-rounded\"><img loading=\"lazy\" decoding=\"async\" width=\"960\" height=\"720\" src=\"http:\/\/miraserra.org.br\/wp-content\/uploads\/2022\/05\/281755255_5737064119641029_5462623509710583938_n.jpg\" alt=\"\" class=\"wp-image-3807\" srcset=\"https:\/\/miraserra.org.br\/wp-content\/uploads\/2022\/05\/281755255_5737064119641029_5462623509710583938_n.jpg 960w, https:\/\/miraserra.org.br\/wp-content\/uploads\/2022\/05\/281755255_5737064119641029_5462623509710583938_n-300x225.jpg 300w, https:\/\/miraserra.org.br\/wp-content\/uploads\/2022\/05\/281755255_5737064119641029_5462623509710583938_n-768x576.jpg 768w\" sizes=\"auto, (max-width: 960px) 100vw, 960px\" \/><figcaption>Final da audi\u00eancia relativa \u00e0 Mata Atl\u00e2ntica. Coordena\u00e7\u00e3o da MIRA-SERRA com a Promotora P\u00fablica(ao centro, com uma das publica\u00e7\u00f5es levadas pela ONG).<\/figcaption><\/figure>\n\n\n\n<div class=\"wp-block-group is-layout-flow wp-block-group-is-layout-flow\">\n<div class=\"wp-block-group is-layout-flow wp-block-group-is-layout-flow\">\n<div class=\"wp-block-group is-layout-flow wp-block-group-is-layout-flow\">\n<div class=\"wp-block-group is-layout-flow wp-block-group-is-layout-flow\">\n<div class=\"wp-block-group is-layout-flow wp-block-group-is-layout-flow\">\n<div class=\"wp-block-image is-style-rounded\"><figure class=\"aligncenter size-full\"><img loading=\"lazy\" decoding=\"async\" width=\"420\" height=\"406\" src=\"http:\/\/miraserra.org.br\/wp-content\/uploads\/2022\/05\/281992775_5737064152974359_3241439389971758057_n.jpg\" alt=\"\" class=\"wp-image-3808\" srcset=\"https:\/\/miraserra.org.br\/wp-content\/uploads\/2022\/05\/281992775_5737064152974359_3241439389971758057_n.jpg 420w, https:\/\/miraserra.org.br\/wp-content\/uploads\/2022\/05\/281992775_5737064152974359_3241439389971758057_n-300x290.jpg 300w\" sizes=\"auto, (max-width: 420px) 100vw, 420px\" \/><figcaption>MIRA-SERRA entrega publica\u00e7\u00f5es ao MPRS na tem\u00e1tica ambiental<\/figcaption><\/figure><\/div>\n<\/div>\n<\/div>\n<\/div>\n<\/div>\n<\/div>\n","protected":false},"excerpt":{"rendered":"<p>Saldo do per\u00edodo: 6 reuni\u00f5es (2 de coordena\u00e7\u00e3o, 1 regionais, 1 estadual, 1 nacional), muito trabalho de &#8220;bastidores&#8221;, uma palestra<\/p>\n","protected":false},"author":1,"featured_media":3809,"comment_status":"closed","ping_status":"closed","sticky":false,"template":"","format":"standard","meta":{"colormag_page_container_layout":"default_layout","colormag_page_sidebar_layout":"default_layout","_themeisle_gutenberg_block_has_review":false,"footnotes":""},"categories":[37,44,73,60],"tags":[125,292,178,355],"class_list":["post-3806","post","type-post","status-publish","format-standard","has-post-thumbnail","hentry","category-mata-atlantica","category-mp","category-noticias","category-principais","tag-licenciamento-ambinetal","tag-mata-atantica","tag-ministerio-publico","tag-pmma"],"_links":{"self":[{"href":"https:\/\/miraserra.org.br\/index.php\/wp-json\/wp\/v2\/posts\/3806","targetHints":{"allow":["GET"]}}],"collection":[{"href":"https:\/\/miraserra.org.br\/index.php\/wp-json\/wp\/v2\/posts"}],"about":[{"href":"https:\/\/miraserra.org.br\/index.php\/wp-json\/wp\/v2\/types\/post"}],"author":[{"embeddable":true,"href":"https:\/\/miraserra.org.br\/index.php\/wp-json\/wp\/v2\/users\/1"}],"replies":[{"embeddable":true,"href":"https:\/\/miraserra.org.br\/index.php\/wp-json\/wp\/v2\/comments?post=3806"}],"version-history":[{"count":2,"href":"https:\/\/miraserra.org.br\/index.php\/wp-json\/wp\/v2\/posts\/3806\/revisions"}],"predecessor-version":[{"id":3811,"href":"https:\/\/miraserra.org.br\/index.php\/wp-json\/wp\/v2\/posts\/3806\/revisions\/3811"}],"wp:featuredmedia":[{"embeddable":true,"href":"https:\/\/miraserra.org.br\/index.php\/wp-json\/wp\/v2\/media\/3809"}],"wp:attachment":[{"href":"https:\/\/miraserra.org.br\/index.php\/wp-json\/wp\/v2\/media?parent=3806"}],"wp:term":[{"taxonomy":"category","embeddable":true,"href":"https:\/\/miraserra.org.br\/index.php\/wp-json\/wp\/v2\/categories?post=3806"},{"taxonomy":"post_tag","embeddable":true,"href":"https:\/\/miraserra.org.br\/index.php\/wp-json\/wp\/v2\/tags?post=3806"}],"curies":[{"name":"wp","href":"https:\/\/api.w.org\/{rel}","templated":true}]}}