{"id":3812,"date":"2022-05-19T20:34:38","date_gmt":"2022-05-19T23:34:38","guid":{"rendered":"http:\/\/miraserra.org.br\/?p=3812"},"modified":"2022-05-22T20:40:54","modified_gmt":"2022-05-22T23:40:54","slug":"contrastes-do-dia-consema-rs-e-anamma","status":"publish","type":"post","link":"https:\/\/miraserra.org.br\/index.php\/2022\/05\/19\/contrastes-do-dia-consema-rs-e-anamma\/","title":{"rendered":"CONTRASTES DO DIA: CONSEMA-RS e ANAMMA"},"content":{"rendered":"\n<p class=\"has-text-align-center has-medium-font-size\"><strong>Apesar de especialistas apontarem graves lacunas, que podem comprometer a sa\u00fade humana e a ambiental, foi votada e aprovada nova Resolu\u00e7\u00e3o! <\/strong><\/p>\n\n\n\n<p class=\"has-text-align-center has-medium-font-size\"><strong>As justificativas para o atropelo n\u00e3o se sustentam t\u00e9cnica e legalmente. <\/strong><\/p>\n\n\n\n<p class=\"has-text-align-center has-medium-font-size\"><strong>Instituto MIRA-SERRA, tamb\u00e9m, fez parecer evidenciando essas quest\u00f5es, al\u00e9m de adequa\u00e7\u00f5es \u00e0 t\u00e9cnica Legislativa na reda\u00e7\u00e3o. <a rel=\"noreferrer noopener\" href=\"https:\/\/sema.rs.gov.br\/consema-debate-oito-pautas-durante-250-reuniao-ordinaria?fbclid=IwAR0bdWG7N0d2e3Tba_jKjuSqsIPlu-1S-3-iopXeLk4_exLjDZqKIG8gNOQ\" target=\"_blank\">https:\/\/sema.rs.gov.br\/consema-debate-oito-pautas-durante..<\/a><\/strong><a rel=\"noreferrer noopener\" href=\"https:\/\/sema.rs.gov.br\/consema-debate-oito-pautas-durante-250-reuniao-ordinaria?fbclid=IwAR0bdWG7N0d2e3Tba_jKjuSqsIPlu-1S-3-iopXeLk4_exLjDZqKIG8gNOQ\" target=\"_blank\">.<\/a><\/p>\n\n\n\n<div class=\"wp-block-image is-style-rounded\"><figure class=\"aligncenter size-full\"><img loading=\"lazy\" decoding=\"async\" width=\"569\" height=\"600\" src=\"http:\/\/miraserra.org.br\/wp-content\/uploads\/2022\/05\/281570030_5739949632685811_7503879013009435566_n.jpg\" alt=\"\" class=\"wp-image-3813\" srcset=\"https:\/\/miraserra.org.br\/wp-content\/uploads\/2022\/05\/281570030_5739949632685811_7503879013009435566_n.jpg 569w, https:\/\/miraserra.org.br\/wp-content\/uploads\/2022\/05\/281570030_5739949632685811_7503879013009435566_n-285x300.jpg 285w\" sizes=\"auto, (max-width: 569px) 100vw, 569px\" \/><figcaption>O resultado da vota\u00e7\u00e3o demonstra que a mat\u00e9ria n\u00e3o foi bem entendida, <br>visto que dos 24 votos menos da metade aprovou.<\/figcaption><\/figure><\/div>\n\n\n\n<p class=\"has-text-align-center has-medium-font-size\"><strong>Por outro lado, o <em>webinar <\/em>da ANAMMA e CNM foi de uma qualidade impressionante. Que diferen\u00e7a na percep\u00e7\u00e3o do meio ambiente em gest\u00e3o municipal! <a rel=\"noreferrer noopener\" href=\"https:\/\/youtu.be\/g_dz3PcXmUs?fbclid=IwAR1FW3_eNFU3Fd52liSO5YsgPB47zD04fhnUgX-GtjxDfiIBEVYKV3mnB9o\" target=\"_blank\">https:\/\/youtu.be\/g_dz3PcXmUs<\/a><\/strong><\/p>\n\n\n\n<div class=\"wp-block-image\"><figure class=\"aligncenter size-full\"><img loading=\"lazy\" decoding=\"async\" width=\"960\" height=\"729\" src=\"http:\/\/miraserra.org.br\/wp-content\/uploads\/2022\/05\/281822447_5739949672685807_3179507068137367493_n.jpg\" alt=\"\" class=\"wp-image-3814\" srcset=\"https:\/\/miraserra.org.br\/wp-content\/uploads\/2022\/05\/281822447_5739949672685807_3179507068137367493_n.jpg 960w, https:\/\/miraserra.org.br\/wp-content\/uploads\/2022\/05\/281822447_5739949672685807_3179507068137367493_n-300x228.jpg 300w, https:\/\/miraserra.org.br\/wp-content\/uploads\/2022\/05\/281822447_5739949672685807_3179507068137367493_n-768x583.jpg 768w\" sizes=\"auto, (max-width: 960px) 100vw, 960px\" \/><\/figure><\/div>\n","protected":false},"excerpt":{"rendered":"<p>Apesar de especialistas apontarem graves lacunas, que podem comprometer a sa\u00fade humana e a ambiental, foi votada e aprovada nova<\/p>\n","protected":false},"author":1,"featured_media":3817,"comment_status":"closed","ping_status":"closed","sticky":false,"template":"","format":"standard","meta":{"colormag_page_container_layout":"default_layout","colormag_page_sidebar_layout":"default_layout","_themeisle_gutenberg_block_has_review":false,"footnotes":""},"categories":[58,73,60],"tags":[373,374,149,363],"class_list":["post-3812","post","type-post","status-publish","format-standard","has-post-thumbnail","hentry","category-consema-rs","category-noticias","category-principais","tag-apps","tag-areas-de-preservacao-permanente","tag-consema","tag-lodo"],"_links":{"self":[{"href":"https:\/\/miraserra.org.br\/index.php\/wp-json\/wp\/v2\/posts\/3812","targetHints":{"allow":["GET"]}}],"collection":[{"href":"https:\/\/miraserra.org.br\/index.php\/wp-json\/wp\/v2\/posts"}],"about":[{"href":"https:\/\/miraserra.org.br\/index.php\/wp-json\/wp\/v2\/types\/post"}],"author":[{"embeddable":true,"href":"https:\/\/miraserra.org.br\/index.php\/wp-json\/wp\/v2\/users\/1"}],"replies":[{"embeddable":true,"href":"https:\/\/miraserra.org.br\/index.php\/wp-json\/wp\/v2\/comments?post=3812"}],"version-history":[{"count":2,"href":"https:\/\/miraserra.org.br\/index.php\/wp-json\/wp\/v2\/posts\/3812\/revisions"}],"predecessor-version":[{"id":3816,"href":"https:\/\/miraserra.org.br\/index.php\/wp-json\/wp\/v2\/posts\/3812\/revisions\/3816"}],"wp:featuredmedia":[{"embeddable":true,"href":"https:\/\/miraserra.org.br\/index.php\/wp-json\/wp\/v2\/media\/3817"}],"wp:attachment":[{"href":"https:\/\/miraserra.org.br\/index.php\/wp-json\/wp\/v2\/media?parent=3812"}],"wp:term":[{"taxonomy":"category","embeddable":true,"href":"https:\/\/miraserra.org.br\/index.php\/wp-json\/wp\/v2\/categories?post=3812"},{"taxonomy":"post_tag","embeddable":true,"href":"https:\/\/miraserra.org.br\/index.php\/wp-json\/wp\/v2\/tags?post=3812"}],"curies":[{"name":"wp","href":"https:\/\/api.w.org\/{rel}","templated":true}]}}