{"id":3926,"date":"2022-06-22T21:07:31","date_gmt":"2022-06-23T00:07:31","guid":{"rendered":"http:\/\/miraserra.org.br\/?p=3926"},"modified":"2022-09-06T12:55:39","modified_gmt":"2022-09-06T15:55:39","slug":"acao-civil-publica-contra-maior-termeletrica-do-rs","status":"publish","type":"post","link":"https:\/\/miraserra.org.br\/index.php\/2022\/06\/22\/acao-civil-publica-contra-maior-termeletrica-do-rs\/","title":{"rendered":"A\u00e7\u00e3o Civil P\u00fablica contra maior termel\u00e9trica do RS"},"content":{"rendered":"\n<p class=\"has-medium-font-size\"><strong>Ent\u00e3o&#8230;mais uma vit\u00f3ria do coletivo pela qualidade de vida! <\/strong><\/p>\n\n\n\n<p class=\"has-medium-font-size\">O Instituto MIRA-SERRA, integrante do Comit\u00ea de Combate \u00e0 Megaminera\u00e7\u00e3o, enviou parecer ao IBAMA apontando falhas e inconsist\u00eancias no EIA\/RIMA do empreendimento NOVA SEIVAL, principalmente, nos estudos de fauna.<\/p>\n\n\n\n<p class=\"has-medium-font-size\">Leia mais  sobre &#8220;<em>A\u00e7\u00e3o Civil P\u00fablica quer evitar constru\u00e7\u00e3o da maior termel\u00e9trica do RS em uma regi\u00e3o que sofre com a estiagem e efeitos das mudan\u00e7as clim\u00e1ticas<\/em>&#8221;  que trata da  <a href=\"https:\/\/l.facebook.com\/l.php?u=https%3A%2F%2Fsul21.com.br%2Fnoticias%2Fmeio-ambiente%2F2022%2F06%2Fjustica-federal-mantem-suspenso-licenciamento-ambiental-da-usina-termeletrica-nova-seival%2F%3Ffbclid%3DIwAR2FEob9fLcMiDo_zSIM7vSqDPCbAy91tRMBiXYk3BvsVnR3ulMbycFHa_s&amp;h=AT2NsifqVLJmKUd2Z-OxUCSQJcwTSE29aWbfygfiGIJ4H9Zo3S6iOLYwcQM2AcF5rkuBN7H9hZAHUoSIgQXfXYlG0oXft-FSwP46QuAGnH7UwfxZWI6BfKSSa38OomyBaQkrzzJyE39JObfkgv5M&amp;__tn__=-UK-R&amp;c[0]=AT3ienK33Mf6hRv8kVQxiQ_1qWYo9O3fKyTu7uNeTLsNAbHxFOgkHC2CDuphst7I1fd-gRq3mBkDIQ_AFvBlYZcB0aHATODYsxIWp-MFTp-NL50Nh0-sLuT906CkZpOrFsUujJcRAcMVkrWSxnhMAOS4AqDJ7Ysyojc0Alw0p8KPkMjUGHFh_ZhvY72kagE3ynAdHAca7UUVnb2ohnDw80gqyMpkySLGLow\" data-type=\"URL\" data-id=\"https:\/\/l.facebook.com\/l.php?u=https%3A%2F%2Fsul21.com.br%2Fnoticias%2Fmeio-ambiente%2F2022%2F06%2Fjustica-federal-mantem-suspenso-licenciamento-ambiental-da-usina-termeletrica-nova-seival%2F%3Ffbclid%3DIwAR2FEob9fLcMiDo_zSIM7vSqDPCbAy91tRMBiXYk3BvsVnR3ulMbycFHa_s&amp;h=AT2NsifqVLJmKUd2Z-OxUCSQJcwTSE29aWbfygfiGIJ4H9Zo3S6iOLYwcQM2AcF5rkuBN7H9hZAHUoSIgQXfXYlG0oXft-FSwP46QuAGnH7UwfxZWI6BfKSSa38OomyBaQkrzzJyE39JObfkgv5M&amp;__tn__=-UK-R&amp;c[0]=AT3ienK33Mf6hRv8kVQxiQ_1qWYo9O3fKyTu7uNeTLsNAbHxFOgkHC2CDuphst7I1fd-gRq3mBkDIQ_AFvBlYZcB0aHATODYsxIWp-MFTp-NL50Nh0-sLuT906CkZpOrFsUujJcRAcMVkrWSxnhMAOS4AqDJ7Ysyojc0Alw0p8KPkMjUGHFh_ZhvY72kagE3ynAdHAca7UUVnb2ohnDw80gqyMpkySLGLow\">NOVA SEIVAL <\/a> <\/p>\n\n\n\n<figure class=\"wp-block-gallery has-nested-images columns-default is-cropped wp-block-gallery-1 is-layout-flex wp-block-gallery-is-layout-flex\">\n<figure class=\"wp-block-image size-full\"><img loading=\"lazy\" decoding=\"async\" width=\"960\" height=\"940\" data-id=\"3927\" src=\"http:\/\/miraserra.org.br\/wp-content\/uploads\/2022\/08\/289613757_5842295699117870_749728428983800821_n.jpg\" alt=\"\" class=\"wp-image-3927\" srcset=\"https:\/\/miraserra.org.br\/wp-content\/uploads\/2022\/08\/289613757_5842295699117870_749728428983800821_n.jpg 960w, https:\/\/miraserra.org.br\/wp-content\/uploads\/2022\/08\/289613757_5842295699117870_749728428983800821_n-300x294.jpg 300w, https:\/\/miraserra.org.br\/wp-content\/uploads\/2022\/08\/289613757_5842295699117870_749728428983800821_n-768x752.jpg 768w\" sizes=\"auto, (max-width: 960px) 100vw, 960px\" \/><\/figure>\n<\/figure>\n\n\n\n<p class=\"has-medium-font-size\"> <a href=\"https:\/\/www.facebook.com\/100000975974914\/videos\/3053062744736228\/\">MINA GUA\u00cdBA<\/a>: veja <a href=\"https:\/\/www.facebook.com\/silvia.franzmarcuzzo?__tn__=-]C-R\">Silvia Marcuzzo<\/a> entrevistando\u00a0<a href=\"https:\/\/www.facebook.com\/lisiane.becker.33?__tn__=-]K-R\">Lisiane Becker<\/a>, da MIRA-SERRA, integrante da Rede de ONGs da Mata Atl\u00e2ntica e da Reserva da\u00a0Biosfera da Mata Atl\u00e2ntica e da APEDeMA-RS<\/p>\n\n\n\n<p class=\"has-medium-font-size\"><a href=\"https:\/\/www.facebook.com\/ONGMiraSerra\/posts\/pfbid02SQaB932pkL3DUajt5tH9hcSjpgaf1tiDRpyfDwAHZvBmhovzsbh1W2BMseU67b8Ll?__cft__[0]=AZXvFURFLXqp_xYWATpCHHx8Yn6eo0INcugyjZmzrET-WLcbKaLioH0kXPzGacM5ZUgGzluer3_01G1iE6ICBk-eS6ENj5GjqtWVW6Bv47thDALV4FLfjKy9I5iQWYqjTjBfcHoZIedqzDR2IFV5C8xzEsQUhVzLMAY6RZjPZbvPA4e-43t6OH9EAG8M_nCcl1hNieR_bdbpvckPS7QJe_ak&amp;__tn__=-UK-R\">E mais<\/a>: Processo de licenciamento ambiental da MINA GUA\u00cdBA foi, finalmente, ARQUIVADO pela Fepam. Desta hist\u00f3ria, o Instituto MIRA-SERRA fez parte ativa<\/p>\n\n\n\n<figure class=\"wp-block-gallery has-nested-images columns-default is-cropped wp-block-gallery-2 is-layout-flex wp-block-gallery-is-layout-flex\">\n<figure class=\"wp-block-image size-large\"><img loading=\"lazy\" decoding=\"async\" width=\"640\" height=\"1351\" data-id=\"3929\" src=\"http:\/\/miraserra.org.br\/wp-content\/uploads\/2022\/08\/289489022_5842295572451216_7104708711363652502_n.jpg\" alt=\"\" class=\"wp-image-3929\" srcset=\"https:\/\/miraserra.org.br\/wp-content\/uploads\/2022\/08\/289489022_5842295572451216_7104708711363652502_n.jpg 640w, https:\/\/miraserra.org.br\/wp-content\/uploads\/2022\/08\/289489022_5842295572451216_7104708711363652502_n-142x300.jpg 142w, https:\/\/miraserra.org.br\/wp-content\/uploads\/2022\/08\/289489022_5842295572451216_7104708711363652502_n-485x1024.jpg 485w\" sizes=\"auto, (max-width: 640px) 100vw, 640px\" \/><\/figure>\n\n\n\n<figure class=\"wp-block-image size-large\"><img loading=\"lazy\" decoding=\"async\" width=\"640\" height=\"1351\" data-id=\"3928\" src=\"http:\/\/miraserra.org.br\/wp-content\/uploads\/2022\/08\/289393309_5842295645784542_90418908573550367_n.jpg\" alt=\"\" class=\"wp-image-3928\" srcset=\"https:\/\/miraserra.org.br\/wp-content\/uploads\/2022\/08\/289393309_5842295645784542_90418908573550367_n.jpg 640w, https:\/\/miraserra.org.br\/wp-content\/uploads\/2022\/08\/289393309_5842295645784542_90418908573550367_n-142x300.jpg 142w, https:\/\/miraserra.org.br\/wp-content\/uploads\/2022\/08\/289393309_5842295645784542_90418908573550367_n-485x1024.jpg 485w\" sizes=\"auto, (max-width: 640px) 100vw, 640px\" \/><\/figure>\n<\/figure>\n","protected":false},"excerpt":{"rendered":"<p>Ent\u00e3o&#8230;mais uma vit\u00f3ria do coletivo pela qualidade de vida! O Instituto MIRA-SERRA, integrante do Comit\u00ea de Combate \u00e0 Megaminera\u00e7\u00e3o, enviou<\/p>\n","protected":false},"author":1,"featured_media":3929,"comment_status":"closed","ping_status":"closed","sticky":false,"template":"","format":"standard","meta":{"colormag_page_container_layout":"default_layout","colormag_page_sidebar_layout":"default_layout","_themeisle_gutenberg_block_has_review":false,"footnotes":""},"categories":[37,27,44,73,60],"tags":[153,154,133,178,393,395],"class_list":["post-3926","post","type-post","status-publish","format-standard","has-post-thumbnail","hentry","category-mata-atlantica","category-megamineracao","category-mp","category-noticias","category-principais","tag-fauna","tag-flora","tag-megamineracao","tag-ministerio-publico","tag-nova-seival","tag-termeletrica"],"_links":{"self":[{"href":"https:\/\/miraserra.org.br\/index.php\/wp-json\/wp\/v2\/posts\/3926","targetHints":{"allow":["GET"]}}],"collection":[{"href":"https:\/\/miraserra.org.br\/index.php\/wp-json\/wp\/v2\/posts"}],"about":[{"href":"https:\/\/miraserra.org.br\/index.php\/wp-json\/wp\/v2\/types\/post"}],"author":[{"embeddable":true,"href":"https:\/\/miraserra.org.br\/index.php\/wp-json\/wp\/v2\/users\/1"}],"replies":[{"embeddable":true,"href":"https:\/\/miraserra.org.br\/index.php\/wp-json\/wp\/v2\/comments?post=3926"}],"version-history":[{"count":1,"href":"https:\/\/miraserra.org.br\/index.php\/wp-json\/wp\/v2\/posts\/3926\/revisions"}],"predecessor-version":[{"id":3930,"href":"https:\/\/miraserra.org.br\/index.php\/wp-json\/wp\/v2\/posts\/3926\/revisions\/3930"}],"wp:featuredmedia":[{"embeddable":true,"href":"https:\/\/miraserra.org.br\/index.php\/wp-json\/wp\/v2\/media\/3929"}],"wp:attachment":[{"href":"https:\/\/miraserra.org.br\/index.php\/wp-json\/wp\/v2\/media?parent=3926"}],"wp:term":[{"taxonomy":"category","embeddable":true,"href":"https:\/\/miraserra.org.br\/index.php\/wp-json\/wp\/v2\/categories?post=3926"},{"taxonomy":"post_tag","embeddable":true,"href":"https:\/\/miraserra.org.br\/index.php\/wp-json\/wp\/v2\/tags?post=3926"}],"curies":[{"name":"wp","href":"https:\/\/api.w.org\/{rel}","templated":true}]}}