{"id":3931,"date":"2022-08-16T21:51:13","date_gmt":"2022-08-17T00:51:13","guid":{"rendered":"http:\/\/miraserra.org.br\/?p=3931"},"modified":"2023-10-12T21:13:20","modified_gmt":"2023-10-13T00:13:20","slug":"planos-municipais-e-plano-regional-de-conservacao-e-recuperacao-da-mata-atlantica-no-ambito-da-bacia-hidrografica-do-rio-cai","status":"publish","type":"post","link":"https:\/\/miraserra.org.br\/index.php\/2022\/08\/16\/planos-municipais-e-plano-regional-de-conservacao-e-recuperacao-da-mata-atlantica-no-ambito-da-bacia-hidrografica-do-rio-cai\/","title":{"rendered":"PLANOS MUNICIPAIS e PLANO REGIONAL de Conserva\u00e7\u00e3o e Recupera\u00e7\u00e3o da Mata Atl\u00e2ntica no \u00e2mbito da Bacia Hidrogr\u00e1fica do Rio Ca\u00ed"},"content":{"rendered":"\n<p class=\"has-medium-font-size\"><a href=\"http:\/\/<iframe src=&quot;https:\/\/www.facebook.com\/plugins\/post.php?href=https%3A%2F%2Fwww.facebook.com%2FONGMiraSerra%2Fposts%2Fpfbid0sXYbApDBicJhv2FGHCJ9tCho5YFZcQtuUsmRkdrTFYxKtdzJiTJqtv9EPiegm1XHl&amp;show_text=true&amp;width=500&quot; width=&quot;500&quot; height=&quot;878&quot; style=&quot;border:none;overflow:hidden&quot; scrolling=&quot;no&quot; frameborder=&quot;0&quot; allowfullscreen=&quot;true&quot; allow=&quot;autoplay; clipboard-write; encrypted-media; picture-in-picture; web-share&quot;><\/iframe>&#8220;>Iniciativa<\/a> do Instituto MIRA-SERRA foi incorporada pelo Comit\u00ea de Gerenciamento da Bacia Hidrogr\u00e1fica do Rio Ca\u00ed com a indispens\u00e1vel parceria do Minist\u00e9rio P\u00fablico- regional Ca\u00ed. <\/p>\n\n\n\n<p class=\"has-text-align-center has-medium-font-size\">A lista de colaboradores s\u00f3 aumenta!&nbsp;<img loading=\"lazy\" decoding=\"async\" height=\"16\" width=\"16\" src=\"https:\/\/static.xx.fbcdn.net\/images\/emoji.php\/v9\/t6c\/1\/16\/2764.png\" alt=\"\u2764\ufe0f\"><\/p>\n\n\n\n<figure class=\"wp-block-image aligncenter size-large\"><img loading=\"lazy\" decoding=\"async\" width=\"1024\" height=\"702\" src=\"http:\/\/miraserra.org.br\/wp-content\/uploads\/2022\/08\/291382228_5865912373422869_9110752652092769538_n-1024x702.jpg\" alt=\"\" class=\"wp-image-3941\" srcset=\"https:\/\/miraserra.org.br\/wp-content\/uploads\/2022\/08\/291382228_5865912373422869_9110752652092769538_n-1024x702.jpg 1024w, https:\/\/miraserra.org.br\/wp-content\/uploads\/2022\/08\/291382228_5865912373422869_9110752652092769538_n-300x206.jpg 300w, https:\/\/miraserra.org.br\/wp-content\/uploads\/2022\/08\/291382228_5865912373422869_9110752652092769538_n-768x526.jpg 768w, https:\/\/miraserra.org.br\/wp-content\/uploads\/2022\/08\/291382228_5865912373422869_9110752652092769538_n-130x90.jpg 130w, https:\/\/miraserra.org.br\/wp-content\/uploads\/2022\/08\/291382228_5865912373422869_9110752652092769538_n.jpg 1080w\" sizes=\"auto, (max-width: 1024px) 100vw, 1024px\" \/><\/figure>\n\n\n\n<p class=\"has-text-align-center has-medium-font-size\">Em 2\/7\/2022, ocorreu o vento inaugural do projeto que objetiva, como produto final, a elabora\u00e7\u00e3o do Plano Regional de Conserva\u00e7\u00e3o e Recupera\u00e7\u00e3o da Mata Atl\u00e2ntica na Bacia Hidrogr\u00e1fica do Rio Ca\u00ed.<\/p>\n\n\n\n<div class=\"wp-block-columns is-layout-flex wp-container-core-columns-is-layout-28f84493 wp-block-columns-is-layout-flex\">\n<div class=\"wp-block-column is-layout-flow wp-block-column-is-layout-flow\" style=\"flex-basis:100%\">\n<div class=\"wp-block-group is-layout-flow wp-block-group-is-layout-flow\">\n<figure class=\"wp-block-image aligncenter size-full is-resized\"><img loading=\"lazy\" decoding=\"async\" src=\"http:\/\/miraserra.org.br\/wp-content\/uploads\/2022\/08\/290723011_5874980815849358_8455773630266077633_n.jpg\" alt=\"\" class=\"wp-image-3932\" style=\"width:1140px;height:644px\" width=\"1140\" height=\"644\"\/><figcaption class=\"wp-element-caption\"><strong><em>O projeto est\u00e1 direcionado \u00e0s prefeituras inseridas na Bacia Hidrogr\u00e1fica do Rio Ca\u00ed, atrav\u00e9s de t\u00e9cnicos po<\/em><\/strong><\/figcaption><\/figure>\n\n\n\n<figure class=\"wp-block-image alignleft size-full is-resized\"><img loading=\"lazy\" decoding=\"async\" src=\"http:\/\/miraserra.org.br\/wp-content\/uploads\/2022\/08\/291169270_5874980749182698_3227173958482780152_n.jpg\" alt=\"\" class=\"wp-image-3933\" style=\"width:495px;height:691px\" width=\"495\" height=\"691\" srcset=\"https:\/\/miraserra.org.br\/wp-content\/uploads\/2022\/08\/291169270_5874980749182698_3227173958482780152_n.jpg 688w, https:\/\/miraserra.org.br\/wp-content\/uploads\/2022\/08\/291169270_5874980749182698_3227173958482780152_n-215x300.jpg 215w\" sizes=\"auto, (max-width: 495px) 100vw, 495px\" \/><figcaption class=\"wp-element-caption\"><strong><em>Repercuss\u00e3o imediata!<\/em><\/strong><\/figcaption><\/figure>\n<\/div>\n\n\n\n<figure class=\"wp-block-image size-full is-resized\"><img loading=\"lazy\" decoding=\"async\" src=\"http:\/\/miraserra.org.br\/wp-content\/uploads\/2022\/08\/291402295_5874981369182636_3853483225194732091_n.jpg\" alt=\"\" class=\"wp-image-3940\" style=\"width:564px;height:718px\" width=\"564\" height=\"718\" srcset=\"https:\/\/miraserra.org.br\/wp-content\/uploads\/2022\/08\/291402295_5874981369182636_3853483225194732091_n.jpg 754w, https:\/\/miraserra.org.br\/wp-content\/uploads\/2022\/08\/291402295_5874981369182636_3853483225194732091_n-236x300.jpg 236w\" sizes=\"auto, (max-width: 564px) 100vw, 564px\" \/><\/figure>\n<\/div>\n<\/div>\n\n\n\n<figure class=\"wp-block-gallery has-nested-images columns-default is-cropped wp-block-gallery-1 is-layout-flex wp-block-gallery-is-layout-flex\">\n<figure class=\"wp-block-image size-large\"><img loading=\"lazy\" decoding=\"async\" width=\"668\" height=\"622\" data-id=\"3936\" src=\"http:\/\/miraserra.org.br\/wp-content\/uploads\/2022\/08\/290786240_5874981029182670_6948098778270456741_n.jpg\" alt=\"\" class=\"wp-image-3936\" srcset=\"https:\/\/miraserra.org.br\/wp-content\/uploads\/2022\/08\/290786240_5874981029182670_6948098778270456741_n.jpg 668w, https:\/\/miraserra.org.br\/wp-content\/uploads\/2022\/08\/290786240_5874981029182670_6948098778270456741_n-300x279.jpg 300w\" sizes=\"auto, (max-width: 668px) 100vw, 668px\" \/><\/figure>\n\n\n\n<figure class=\"wp-block-image size-large\"><img loading=\"lazy\" decoding=\"async\" width=\"945\" height=\"601\" data-id=\"3935\" src=\"http:\/\/miraserra.org.br\/wp-content\/uploads\/2022\/08\/290914484_5874981109182662_4418036249322251811_n.jpg\" alt=\"\" class=\"wp-image-3935\" srcset=\"https:\/\/miraserra.org.br\/wp-content\/uploads\/2022\/08\/290914484_5874981109182662_4418036249322251811_n.jpg 945w, https:\/\/miraserra.org.br\/wp-content\/uploads\/2022\/08\/290914484_5874981109182662_4418036249322251811_n-300x191.jpg 300w, https:\/\/miraserra.org.br\/wp-content\/uploads\/2022\/08\/290914484_5874981109182662_4418036249322251811_n-768x488.jpg 768w\" sizes=\"auto, (max-width: 945px) 100vw, 945px\" \/><\/figure>\n\n\n\n<figure class=\"wp-block-image size-large\"><img loading=\"lazy\" decoding=\"async\" width=\"960\" height=\"591\" data-id=\"3934\" src=\"http:\/\/miraserra.org.br\/wp-content\/uploads\/2022\/08\/291730072_5874981309182642_5900861593535873017_n.jpg\" alt=\"\" class=\"wp-image-3934\" srcset=\"https:\/\/miraserra.org.br\/wp-content\/uploads\/2022\/08\/291730072_5874981309182642_5900861593535873017_n.jpg 960w, https:\/\/miraserra.org.br\/wp-content\/uploads\/2022\/08\/291730072_5874981309182642_5900861593535873017_n-300x185.jpg 300w, https:\/\/miraserra.org.br\/wp-content\/uploads\/2022\/08\/291730072_5874981309182642_5900861593535873017_n-768x473.jpg 768w\" sizes=\"auto, (max-width: 960px) 100vw, 960px\" \/><\/figure>\n\n\n\n<figure class=\"wp-block-image size-large\"><img loading=\"lazy\" decoding=\"async\" width=\"1024\" height=\"481\" data-id=\"3937\" src=\"http:\/\/miraserra.org.br\/wp-content\/uploads\/2022\/08\/291957484_5874980969182676_937803588234048807_n-1024x481.jpg\" alt=\"\" class=\"wp-image-3937\" srcset=\"https:\/\/miraserra.org.br\/wp-content\/uploads\/2022\/08\/291957484_5874980969182676_937803588234048807_n-1024x481.jpg 1024w, https:\/\/miraserra.org.br\/wp-content\/uploads\/2022\/08\/291957484_5874980969182676_937803588234048807_n-300x141.jpg 300w, https:\/\/miraserra.org.br\/wp-content\/uploads\/2022\/08\/291957484_5874980969182676_937803588234048807_n-768x361.jpg 768w, https:\/\/miraserra.org.br\/wp-content\/uploads\/2022\/08\/291957484_5874980969182676_937803588234048807_n.jpg 1297w\" sizes=\"auto, (max-width: 1024px) 100vw, 1024px\" \/><\/figure>\n\n\n\n<figure class=\"wp-block-image size-large\"><img loading=\"lazy\" decoding=\"async\" width=\"1024\" height=\"480\" data-id=\"3938\" src=\"http:\/\/miraserra.org.br\/wp-content\/uploads\/2022\/08\/291113682_5874980862516020_1162369692611144511_n-1024x480.jpg\" alt=\"\" class=\"wp-image-3938\" srcset=\"https:\/\/miraserra.org.br\/wp-content\/uploads\/2022\/08\/291113682_5874980862516020_1162369692611144511_n-1024x480.jpg 1024w, https:\/\/miraserra.org.br\/wp-content\/uploads\/2022\/08\/291113682_5874980862516020_1162369692611144511_n-300x141.jpg 300w, https:\/\/miraserra.org.br\/wp-content\/uploads\/2022\/08\/291113682_5874980862516020_1162369692611144511_n-768x360.jpg 768w, https:\/\/miraserra.org.br\/wp-content\/uploads\/2022\/08\/291113682_5874980862516020_1162369692611144511_n.jpg 1300w\" sizes=\"auto, (max-width: 1024px) 100vw, 1024px\" \/><\/figure>\n\n\n\n<figure class=\"wp-block-image size-large\"><img loading=\"lazy\" decoding=\"async\" width=\"1024\" height=\"507\" data-id=\"3939\" src=\"http:\/\/miraserra.org.br\/wp-content\/uploads\/2022\/08\/292048701_5874980909182682_7315636466897955483_n-1024x507.jpg\" alt=\"\" class=\"wp-image-3939\" srcset=\"https:\/\/miraserra.org.br\/wp-content\/uploads\/2022\/08\/292048701_5874980909182682_7315636466897955483_n-1024x507.jpg 1024w, https:\/\/miraserra.org.br\/wp-content\/uploads\/2022\/08\/292048701_5874980909182682_7315636466897955483_n-300x148.jpg 300w, https:\/\/miraserra.org.br\/wp-content\/uploads\/2022\/08\/292048701_5874980909182682_7315636466897955483_n-768x380.jpg 768w, https:\/\/miraserra.org.br\/wp-content\/uploads\/2022\/08\/292048701_5874980909182682_7315636466897955483_n.jpg 1168w\" sizes=\"auto, (max-width: 1024px) 100vw, 1024px\" \/><\/figure>\n<\/figure>\n\n\n\n<p class=\"has-medium-font-size\">Em 16\/8\/2022 ocorreu o segundo encontro, que finalizou a Oficina 1, com a palestra da Dra. Suzane Bevilacqua Marcuzzo, do NEAP\/Universidade Federal de Santa Maria &#8211; parceira do Instituto MIRA-SERRRA.<\/p>\n\n\n\n<figure class=\"wp-block-image aligncenter size-large\"><img loading=\"lazy\" decoding=\"async\" width=\"1024\" height=\"555\" src=\"http:\/\/miraserra.org.br\/wp-content\/uploads\/2022\/08\/Captura-de-Tela-2477-1024x555.png\" alt=\"\" class=\"wp-image-3942\" srcset=\"https:\/\/miraserra.org.br\/wp-content\/uploads\/2022\/08\/Captura-de-Tela-2477-1024x555.png 1024w, https:\/\/miraserra.org.br\/wp-content\/uploads\/2022\/08\/Captura-de-Tela-2477-300x163.png 300w, https:\/\/miraserra.org.br\/wp-content\/uploads\/2022\/08\/Captura-de-Tela-2477-768x417.png 768w, https:\/\/miraserra.org.br\/wp-content\/uploads\/2022\/08\/Captura-de-Tela-2477.png 1075w\" sizes=\"auto, (max-width: 1024px) 100vw, 1024px\" \/><figcaption class=\"wp-element-caption\">Neste encontro os t\u00e9cnicos foram instados a elaborar parte do Produto 1.2023<\/figcaption><\/figure>\n\n\n\n<p><strong>agosto\/2022<\/strong>&nbsp;<a href=\"http:\/\/miraserra.org.br\/index.php\/2022\/09\/01\/mais-atividades-presenciais-virtuais-em-agosto-2022\/\">http:\/\/miraserra.org.br\/index.php\/2022\/09\/01\/mais-atividades-presenciais-virtuais-em-agosto-2022\/<\/a><\/p>\n\n\n\n<p><strong>setembro\/2022<\/strong>&nbsp;<a href=\"http:\/\/miraserra.org.br\/index.php\/2022\/10\/06\/setembro-2022\/\">http:\/\/miraserra.org.br\/index.php\/2022\/10\/06\/setembro-2022\/<\/a><\/p>\n\n\n\n<p><strong>outubro, novembro, dezembro\/2022<\/strong>&nbsp;<a href=\"http:\/\/miraserra.org.br\/index.php\/2023\/01\/03\/resumao-do-ultimo-trimestre-2022\/\">http:\/\/miraserra.org.br\/index.php\/2023\/01\/03\/resumao-do-ultimo-trimestre-2022\/<\/a><\/p>\n\n\n\n<p class=\"has-x-large-font-size\"><strong>2023<\/strong><\/p>\n\n\n\n<figure class=\"wp-block-image size-large\"><img loading=\"lazy\" decoding=\"async\" width=\"1024\" height=\"530\" src=\"http:\/\/miraserra.org.br\/wp-content\/uploads\/2023\/01\/PRMA-jan2023-1-1024x530.png\" alt=\"\" class=\"wp-image-4110\" srcset=\"https:\/\/miraserra.org.br\/wp-content\/uploads\/2023\/01\/PRMA-jan2023-1-1024x530.png 1024w, https:\/\/miraserra.org.br\/wp-content\/uploads\/2023\/01\/PRMA-jan2023-1-300x155.png 300w, https:\/\/miraserra.org.br\/wp-content\/uploads\/2023\/01\/PRMA-jan2023-1-768x398.png 768w, https:\/\/miraserra.org.br\/wp-content\/uploads\/2023\/01\/PRMA-jan2023-1.png 1315w\" sizes=\"auto, (max-width: 1024px) 100vw, 1024px\" \/><\/figure>\n\n\n\n<p class=\"has-white-color has-vivid-cyan-blue-background-color has-text-color has-background\"><strong>Veja mais imagens de alguns dos encontros t\u00e9cnicos do PMMA\/PRMA-Ca\u00ed:<\/strong><\/p>\n\n\n\n<p><strong>janeiro\/2023<\/strong>\u00a0<a href=\"http:\/\/miraserra.org.br\/index.php\/2023\/01\/28\/janeiro-2023\/\">http:\/\/miraserra.org.br\/index.php\/2023\/01\/28\/janeiro-2023\/<\/a><\/p>\n\n\n\n<figure class=\"wp-block-embed is-type-wp-embed is-provider-mira-serra wp-block-embed-mira-serra\"><div class=\"wp-block-embed__wrapper\">\n<blockquote class=\"wp-embedded-content\" data-secret=\"q7i1aL5qJm\"><a href=\"https:\/\/miraserra.org.br\/index.php\/2023\/10\/12\/prma-prma-cai-segue-cronograma\/\">PRMA\/PRMA-Ca\u00ed segue cronograma<\/a><\/blockquote><iframe loading=\"lazy\" class=\"wp-embedded-content\" sandbox=\"allow-scripts\" security=\"restricted\" style=\"position: absolute; clip: rect(1px, 1px, 1px, 1px);\" title=\"&#8220;PRMA\/PRMA-Ca\u00ed segue cronograma&#8221; &#8212; Mira-Serra\" src=\"https:\/\/miraserra.org.br\/index.php\/2023\/10\/12\/prma-prma-cai-segue-cronograma\/embed\/#?secret=RdNwKabKKe#?secret=q7i1aL5qJm\" data-secret=\"q7i1aL5qJm\" width=\"600\" height=\"338\" frameborder=\"0\" marginwidth=\"0\" marginheight=\"0\" scrolling=\"no\"><\/iframe>\n<\/div><figcaption class=\"wp-element-caption\">agosto -setembro (2023)<\/figcaption><\/figure>\n\n\n\n<p><\/p>\n","protected":false},"excerpt":{"rendered":"","protected":false},"author":1,"featured_media":3942,"comment_status":"closed","ping_status":"closed","sticky":false,"template":"","format":"standard","meta":{"colormag_page_container_layout":"default_layout","colormag_page_sidebar_layout":"default_layout","_themeisle_gutenberg_block_has_review":false,"footnotes":""},"categories":[31,59,37,44,73,60],"tags":[223,380,379,355,385],"class_list":["post-3931","post","type-post","status-publish","format-standard","has-post-thumbnail","hentry","category-plano-de-mata-atlantica","category-comites-de-bacia-hidrografica","category-mata-atlantica","category-mp","category-noticias","category-principais","tag-comite-cai","tag-mp-regional-cai","tag-plano-regional-de-mata-atlantica","tag-pmma","tag-sul21"],"_links":{"self":[{"href":"https:\/\/miraserra.org.br\/index.php\/wp-json\/wp\/v2\/posts\/3931","targetHints":{"allow":["GET"]}}],"collection":[{"href":"https:\/\/miraserra.org.br\/index.php\/wp-json\/wp\/v2\/posts"}],"about":[{"href":"https:\/\/miraserra.org.br\/index.php\/wp-json\/wp\/v2\/types\/post"}],"author":[{"embeddable":true,"href":"https:\/\/miraserra.org.br\/index.php\/wp-json\/wp\/v2\/users\/1"}],"replies":[{"embeddable":true,"href":"https:\/\/miraserra.org.br\/index.php\/wp-json\/wp\/v2\/comments?post=3931"}],"version-history":[{"count":6,"href":"https:\/\/miraserra.org.br\/index.php\/wp-json\/wp\/v2\/posts\/3931\/revisions"}],"predecessor-version":[{"id":4301,"href":"https:\/\/miraserra.org.br\/index.php\/wp-json\/wp\/v2\/posts\/3931\/revisions\/4301"}],"wp:featuredmedia":[{"embeddable":true,"href":"https:\/\/miraserra.org.br\/index.php\/wp-json\/wp\/v2\/media\/3942"}],"wp:attachment":[{"href":"https:\/\/miraserra.org.br\/index.php\/wp-json\/wp\/v2\/media?parent=3931"}],"wp:term":[{"taxonomy":"category","embeddable":true,"href":"https:\/\/miraserra.org.br\/index.php\/wp-json\/wp\/v2\/categories?post=3931"},{"taxonomy":"post_tag","embeddable":true,"href":"https:\/\/miraserra.org.br\/index.php\/wp-json\/wp\/v2\/tags?post=3931"}],"curies":[{"name":"wp","href":"https:\/\/api.w.org\/{rel}","templated":true}]}}