{"id":3950,"date":"2022-07-31T23:40:11","date_gmt":"2022-08-01T02:40:11","guid":{"rendered":"http:\/\/miraserra.org.br\/?p=3950"},"modified":"2022-08-22T00:34:42","modified_gmt":"2022-08-22T03:34:42","slug":"resumao","status":"publish","type":"post","link":"https:\/\/miraserra.org.br\/index.php\/2022\/07\/31\/resumao\/","title":{"rendered":"Outras ATIVIDADES junho-julho\/2022"},"content":{"rendered":"\n<p class=\"has-medium-font-size\">Cerca de 21 reuni\u00f5es de colegiados\/coletivos\/coordena\u00e7\u00f5es, 2 reuni\u00f5es de assessoramento externo (gratuito, sempre) e 4 internas, execu\u00e7\u00e3o de 1 evento regional, v\u00e1rias manifesta\u00e7\u00f5es ao Minist\u00e9rio P\u00fablico, cursos para aperfei\u00e7oamento das atividades, engajamento em campanhas nacionais\/estaduais, articula\u00e7\u00f5es\/contatos&#8230; e muito trabalho, ainda, por fazer.<\/p>\n\n\n\n<figure class=\"wp-block-image aligncenter size-large\"><img loading=\"lazy\" decoding=\"async\" width=\"1024\" height=\"628\" src=\"http:\/\/miraserra.org.br\/wp-content\/uploads\/2022\/08\/294930935_5925049854175787_6857229329857439848_n-1024x628.jpg\" alt=\"\" class=\"wp-image-3951\" srcset=\"https:\/\/miraserra.org.br\/wp-content\/uploads\/2022\/08\/294930935_5925049854175787_6857229329857439848_n-1024x628.jpg 1024w, https:\/\/miraserra.org.br\/wp-content\/uploads\/2022\/08\/294930935_5925049854175787_6857229329857439848_n-300x184.jpg 300w, https:\/\/miraserra.org.br\/wp-content\/uploads\/2022\/08\/294930935_5925049854175787_6857229329857439848_n-768x471.jpg 768w, https:\/\/miraserra.org.br\/wp-content\/uploads\/2022\/08\/294930935_5925049854175787_6857229329857439848_n.jpg 1071w\" sizes=\"auto, (max-width: 1024px) 100vw, 1024px\" \/><\/figure>\n\n\n\n<div class=\"wp-block-group is-layout-flow wp-block-group-is-layout-flow\">\n<div class=\"wp-block-group is-layout-flow wp-block-group-is-layout-flow\">\n<div class=\"wp-block-group is-layout-flow wp-block-group-is-layout-flow\">\n<div class=\"wp-block-columns is-layout-flex wp-container-core-columns-is-layout-28f84493 wp-block-columns-is-layout-flex\">\n<div class=\"wp-block-column is-layout-flow wp-block-column-is-layout-flow\" style=\"flex-basis:100%\">\n<div class=\"wp-block-group is-layout-flow wp-block-group-is-layout-flow\">\n<div class=\"wp-block-group is-layout-flow wp-block-group-is-layout-flow\">\n<div class=\"wp-block-group is-layout-flow wp-block-group-is-layout-flow\">\n<div class=\"wp-block-group is-layout-flow wp-block-group-is-layout-flow\">\n<div class=\"wp-block-group is-layout-flow wp-block-group-is-layout-flow\">\n<figure class=\"wp-block-image alignleft size-large is-resized\"><img loading=\"lazy\" decoding=\"async\" src=\"http:\/\/miraserra.org.br\/wp-content\/uploads\/2022\/08\/294642907_5925049944175778_2883122549305760677_n-1024x532.jpg\" alt=\"\" class=\"wp-image-3953\" width=\"625\" height=\"325\" srcset=\"https:\/\/miraserra.org.br\/wp-content\/uploads\/2022\/08\/294642907_5925049944175778_2883122549305760677_n-1024x532.jpg 1024w, https:\/\/miraserra.org.br\/wp-content\/uploads\/2022\/08\/294642907_5925049944175778_2883122549305760677_n-300x156.jpg 300w, https:\/\/miraserra.org.br\/wp-content\/uploads\/2022\/08\/294642907_5925049944175778_2883122549305760677_n-768x399.jpg 768w, https:\/\/miraserra.org.br\/wp-content\/uploads\/2022\/08\/294642907_5925049944175778_2883122549305760677_n.jpg 1200w\" sizes=\"auto, (max-width: 625px) 100vw, 625px\" \/><\/figure>\n\n\n\n<figure class=\"wp-block-image size-full is-resized\"><img loading=\"lazy\" decoding=\"async\" src=\"http:\/\/miraserra.org.br\/wp-content\/uploads\/2022\/08\/294341605_5925048857509220_7081697963313949730_n.jpg\" alt=\"\" class=\"wp-image-3952\" width=\"493\" height=\"398\" srcset=\"https:\/\/miraserra.org.br\/wp-content\/uploads\/2022\/08\/294341605_5925048857509220_7081697963313949730_n.jpg 784w, https:\/\/miraserra.org.br\/wp-content\/uploads\/2022\/08\/294341605_5925048857509220_7081697963313949730_n-300x242.jpg 300w, https:\/\/miraserra.org.br\/wp-content\/uploads\/2022\/08\/294341605_5925048857509220_7081697963313949730_n-768x620.jpg 768w\" sizes=\"auto, (max-width: 493px) 100vw, 493px\" \/><figcaption><strong><em>Instituto MIRA-SERRA passa a integrar o Colegiado T\u00e9cnico Assessor do Conselho Nacional da Reserva da Biosfera da Mata Atl\u00e2ntica<\/em><\/strong><\/figcaption><\/figure>\n<\/div>\n<\/div>\n<\/div>\n<\/div>\n\n\n\n<figure class=\"wp-block-image aligncenter size-full is-resized\"><img loading=\"lazy\" decoding=\"async\" src=\"http:\/\/miraserra.org.br\/wp-content\/uploads\/2022\/08\/294369676_5925049044175868_6924345071183060274_n.jpg\" alt=\"\" class=\"wp-image-3954\" width=\"483\" height=\"217\" srcset=\"https:\/\/miraserra.org.br\/wp-content\/uploads\/2022\/08\/294369676_5925049044175868_6924345071183060274_n.jpg 976w, https:\/\/miraserra.org.br\/wp-content\/uploads\/2022\/08\/294369676_5925049044175868_6924345071183060274_n-300x135.jpg 300w, https:\/\/miraserra.org.br\/wp-content\/uploads\/2022\/08\/294369676_5925049044175868_6924345071183060274_n-768x345.jpg 768w\" sizes=\"auto, (max-width: 483px) 100vw, 483px\" \/><\/figure>\n\n\n\n<figure class=\"wp-block-image size-large is-resized\"><img loading=\"lazy\" decoding=\"async\" src=\"http:\/\/miraserra.org.br\/wp-content\/uploads\/2022\/08\/293927974_5925049117509194_3879282330710258916_n-1024x444.jpg\" alt=\"\" class=\"wp-image-3955\" width=\"1147\" height=\"498\" srcset=\"https:\/\/miraserra.org.br\/wp-content\/uploads\/2022\/08\/293927974_5925049117509194_3879282330710258916_n-1024x444.jpg 1024w, https:\/\/miraserra.org.br\/wp-content\/uploads\/2022\/08\/293927974_5925049117509194_3879282330710258916_n-300x130.jpg 300w, https:\/\/miraserra.org.br\/wp-content\/uploads\/2022\/08\/293927974_5925049117509194_3879282330710258916_n-768x333.jpg 768w, https:\/\/miraserra.org.br\/wp-content\/uploads\/2022\/08\/293927974_5925049117509194_3879282330710258916_n.jpg 1252w\" sizes=\"auto, (max-width: 1147px) 100vw, 1147px\" \/><figcaption><strong><em>Instituto MIRA-SERRA integra o Comit\u00ea Ca\u00ed e sua Comiss\u00e3o Permanente de Assessoramento<\/em><\/strong><\/figcaption><\/figure>\n<\/div>\n<\/div>\n<\/div>\n<\/div>\n<\/div>\n<\/div>\n\n\n\n<figure class=\"wp-block-image aligncenter size-large\"><img loading=\"lazy\" decoding=\"async\" width=\"1024\" height=\"235\" src=\"http:\/\/miraserra.org.br\/wp-content\/uploads\/2022\/08\/295775892_5953602901320482_4802774949458999197_n-1024x235.jpg\" alt=\"\" class=\"wp-image-3972\" srcset=\"https:\/\/miraserra.org.br\/wp-content\/uploads\/2022\/08\/295775892_5953602901320482_4802774949458999197_n-1024x235.jpg 1024w, https:\/\/miraserra.org.br\/wp-content\/uploads\/2022\/08\/295775892_5953602901320482_4802774949458999197_n-300x69.jpg 300w, https:\/\/miraserra.org.br\/wp-content\/uploads\/2022\/08\/295775892_5953602901320482_4802774949458999197_n-768x176.jpg 768w, https:\/\/miraserra.org.br\/wp-content\/uploads\/2022\/08\/295775892_5953602901320482_4802774949458999197_n.jpg 1060w\" sizes=\"auto, (max-width: 1024px) 100vw, 1024px\" \/><figcaption><strong><em>Quando o bom senso n\u00e3o prospera&#8230;<\/em><\/strong><\/figcaption><\/figure>\n\n\n\n<figure class=\"wp-block-image alignright size-large is-resized\"><img loading=\"lazy\" decoding=\"async\" src=\"http:\/\/miraserra.org.br\/wp-content\/uploads\/2022\/08\/294870897_5925050394175733_5677793317805160576_n-1024x674.jpg\" alt=\"\" class=\"wp-image-3959\" width=\"718\" height=\"472\" srcset=\"https:\/\/miraserra.org.br\/wp-content\/uploads\/2022\/08\/294870897_5925050394175733_5677793317805160576_n-1024x674.jpg 1024w, https:\/\/miraserra.org.br\/wp-content\/uploads\/2022\/08\/294870897_5925050394175733_5677793317805160576_n-300x197.jpg 300w, https:\/\/miraserra.org.br\/wp-content\/uploads\/2022\/08\/294870897_5925050394175733_5677793317805160576_n-768x506.jpg 768w, https:\/\/miraserra.org.br\/wp-content\/uploads\/2022\/08\/294870897_5925050394175733_5677793317805160576_n-1536x1011.jpg 1536w, https:\/\/miraserra.org.br\/wp-content\/uploads\/2022\/08\/294870897_5925050394175733_5677793317805160576_n.jpg 2048w\" sizes=\"auto, (max-width: 718px) 100vw, 718px\" \/><figcaption><strong><em>Coordenadora executiva do Instituto MIRA-SERRA substitui a coordenadora-presidente na reuni\u00e3o do CONSEMA-RS<\/em><\/strong><\/figcaption><\/figure>\n\n\n\n<figure class=\"wp-block-image alignleft size-large is-resized\"><img loading=\"lazy\" decoding=\"async\" src=\"http:\/\/miraserra.org.br\/wp-content\/uploads\/2022\/08\/279816669_5953603171320455_4964289663188026813_n-731x1024.jpg\" alt=\"\" class=\"wp-image-3974\" width=\"370\" height=\"518\" srcset=\"https:\/\/miraserra.org.br\/wp-content\/uploads\/2022\/08\/279816669_5953603171320455_4964289663188026813_n-731x1024.jpg 731w, https:\/\/miraserra.org.br\/wp-content\/uploads\/2022\/08\/279816669_5953603171320455_4964289663188026813_n-214x300.jpg 214w, https:\/\/miraserra.org.br\/wp-content\/uploads\/2022\/08\/279816669_5953603171320455_4964289663188026813_n-768x1075.jpg 768w, https:\/\/miraserra.org.br\/wp-content\/uploads\/2022\/08\/279816669_5953603171320455_4964289663188026813_n.jpg 792w\" sizes=\"auto, (max-width: 370px) 100vw, 370px\" \/><figcaption><strong><em>Reuni\u00e3o de grupo t\u00e9cnico, espec\u00edfico para avalia\u00e7\u00e3o de mais um projeto de Megaminera\u00e7\u00e3o<\/em><\/strong><\/figcaption><\/figure>\n\n\n\n<figure class=\"wp-block-image aligncenter size-full is-resized\"><img loading=\"lazy\" decoding=\"async\" src=\"http:\/\/miraserra.org.br\/wp-content\/uploads\/2022\/08\/296524150_5953602797987159_766871898900526678_n.jpg\" alt=\"\" class=\"wp-image-3967\" width=\"1072\" height=\"434\" srcset=\"https:\/\/miraserra.org.br\/wp-content\/uploads\/2022\/08\/296524150_5953602797987159_766871898900526678_n.jpg 902w, https:\/\/miraserra.org.br\/wp-content\/uploads\/2022\/08\/296524150_5953602797987159_766871898900526678_n-300x121.jpg 300w, https:\/\/miraserra.org.br\/wp-content\/uploads\/2022\/08\/296524150_5953602797987159_766871898900526678_n-768x311.jpg 768w\" sizes=\"auto, (max-width: 1072px) 100vw, 1072px\" \/><figcaption><strong><em>Prestigiando excepcional discuss\u00e3o: &#8220;ICMS ecol\u00f3gico: o que os gestores municipais precisam saber&#8221;, na p\u00e1gina oficial da ANAMMA NACIONAL<\/em><\/strong><\/figcaption><\/figure>\n\n\n\n<figure class=\"wp-block-image alignleft size-large is-resized\"><img loading=\"lazy\" decoding=\"async\" src=\"http:\/\/miraserra.org.br\/wp-content\/uploads\/2022\/08\/294646113_5925050314175741_8220315678949992656_n-691x1024.jpg\" alt=\"\" class=\"wp-image-3958\" width=\"488\" height=\"724\" srcset=\"https:\/\/miraserra.org.br\/wp-content\/uploads\/2022\/08\/294646113_5925050314175741_8220315678949992656_n-691x1024.jpg 691w, https:\/\/miraserra.org.br\/wp-content\/uploads\/2022\/08\/294646113_5925050314175741_8220315678949992656_n-202x300.jpg 202w, https:\/\/miraserra.org.br\/wp-content\/uploads\/2022\/08\/294646113_5925050314175741_8220315678949992656_n-768x1138.jpg 768w, https:\/\/miraserra.org.br\/wp-content\/uploads\/2022\/08\/294646113_5925050314175741_8220315678949992656_n-1036x1536.jpg 1036w, https:\/\/miraserra.org.br\/wp-content\/uploads\/2022\/08\/294646113_5925050314175741_8220315678949992656_n.jpg 1080w\" sizes=\"auto, (max-width: 488px) 100vw, 488px\" \/><figcaption><strong><em>Integrante (recente) do Instituto MIRA-SERRA, \u00e9 destaque<\/em><\/strong><\/figcaption><\/figure>\n\n\n\n<figure class=\"wp-block-image alignright size-full is-resized\"><img loading=\"lazy\" decoding=\"async\" src=\"http:\/\/miraserra.org.br\/wp-content\/uploads\/2022\/08\/294622448_5925049180842521_8315478296680221431_n.jpg\" alt=\"\" class=\"wp-image-3957\" width=\"388\" height=\"698\" srcset=\"https:\/\/miraserra.org.br\/wp-content\/uploads\/2022\/08\/294622448_5925049180842521_8315478296680221431_n.jpg 378w, https:\/\/miraserra.org.br\/wp-content\/uploads\/2022\/08\/294622448_5925049180842521_8315478296680221431_n-167x300.jpg 167w\" sizes=\"auto, (max-width: 388px) 100vw, 388px\" \/><figcaption><strong><em>Coordenadora-presidente do MIRA-SERRA \u00e9 vice-presid\u00eancia na CT Plano A\u00e7\u00e3o Clima\/ Conselho Municipal de Meio Ambiente de Porto Alegre<\/em><\/strong><\/figcaption><\/figure>\n\n\n\n<figure class=\"wp-block-image aligncenter size-full is-resized\"><img loading=\"lazy\" decoding=\"async\" src=\"http:\/\/miraserra.org.br\/wp-content\/uploads\/2022\/08\/296256235_5953602861320486_4579889258575700023_n.jpg\" alt=\"\" class=\"wp-image-3969\" width=\"768\" height=\"397\" srcset=\"https:\/\/miraserra.org.br\/wp-content\/uploads\/2022\/08\/296256235_5953602861320486_4579889258575700023_n.jpg 655w, https:\/\/miraserra.org.br\/wp-content\/uploads\/2022\/08\/296256235_5953602861320486_4579889258575700023_n-300x155.jpg 300w\" sizes=\"auto, (max-width: 768px) 100vw, 768px\" \/><figcaption><em>E se duas pr\u00f3ximas j\u00e1 est\u00e3o marcadas para agosto&#8230;<\/em><\/figcaption><\/figure>\n\n\n\n<figure class=\"wp-block-image aligncenter size-large\"><img loading=\"lazy\" decoding=\"async\" width=\"1024\" height=\"419\" src=\"http:\/\/miraserra.org.br\/wp-content\/uploads\/2022\/08\/294644688_5925049574175815_2273206723405535552_n-1024x419.jpg\" alt=\"\" class=\"wp-image-3956\" srcset=\"https:\/\/miraserra.org.br\/wp-content\/uploads\/2022\/08\/294644688_5925049574175815_2273206723405535552_n-1024x419.jpg 1024w, https:\/\/miraserra.org.br\/wp-content\/uploads\/2022\/08\/294644688_5925049574175815_2273206723405535552_n-300x123.jpg 300w, https:\/\/miraserra.org.br\/wp-content\/uploads\/2022\/08\/294644688_5925049574175815_2273206723405535552_n-768x314.jpg 768w, https:\/\/miraserra.org.br\/wp-content\/uploads\/2022\/08\/294644688_5925049574175815_2273206723405535552_n.jpg 1079w\" sizes=\"auto, (max-width: 1024px) 100vw, 1024px\" \/><figcaption><em>Atua\u00e7\u00e3o ativa no Comit\u00ea Estadual da Reserva da Biosfera da Mata Atl\u00e2ntica-RS<\/em><\/figcaption><\/figure>\n\n\n\n<figure class=\"wp-block-image alignleft size-full is-resized\"><img loading=\"lazy\" decoding=\"async\" src=\"http:\/\/miraserra.org.br\/wp-content\/uploads\/2022\/08\/295706766_5953602561320516_7365955436705154392_n.jpg\" alt=\"\" class=\"wp-image-3971\" width=\"410\" height=\"547\" srcset=\"https:\/\/miraserra.org.br\/wp-content\/uploads\/2022\/08\/295706766_5953602561320516_7365955436705154392_n.jpg 720w, https:\/\/miraserra.org.br\/wp-content\/uploads\/2022\/08\/295706766_5953602561320516_7365955436705154392_n-225x300.jpg 225w\" sizes=\"auto, (max-width: 410px) 100vw, 410px\" \/><figcaption><strong><em>Atualiza\u00e7\u00e3o necess\u00e1ria para idealizar novos projetos do Instituto MIRA-SERRA<\/em><\/strong><\/figcaption><\/figure>\n\n\n\n<figure class=\"wp-block-image size-full is-resized\"><img loading=\"lazy\" decoding=\"async\" src=\"http:\/\/miraserra.org.br\/wp-content\/uploads\/2022\/08\/296439966_5953602691320503_4985001014907821129_n.jpg\" alt=\"\" class=\"wp-image-3973\" width=\"702\" height=\"396\" srcset=\"https:\/\/miraserra.org.br\/wp-content\/uploads\/2022\/08\/296439966_5953602691320503_4985001014907821129_n.jpg 789w, https:\/\/miraserra.org.br\/wp-content\/uploads\/2022\/08\/296439966_5953602691320503_4985001014907821129_n-300x169.jpg 300w, https:\/\/miraserra.org.br\/wp-content\/uploads\/2022\/08\/296439966_5953602691320503_4985001014907821129_n-768x433.jpg 768w\" sizes=\"auto, (max-width: 702px) 100vw, 702px\" \/><figcaption><strong><em>Climate Reality Leadership Corps &#8211; inscri\u00e7\u00e3o para o treinamento virtual\/Brasi<\/em><\/strong>l<\/figcaption><\/figure>\n\n\n\n<figure class=\"wp-block-image alignright size-full\"><img loading=\"lazy\" decoding=\"async\" width=\"889\" height=\"412\" src=\"http:\/\/miraserra.org.br\/wp-content\/uploads\/2022\/08\/295932749_5953602751320497_8962795249748159608_n.jpg\" alt=\"\" class=\"wp-image-3970\" srcset=\"https:\/\/miraserra.org.br\/wp-content\/uploads\/2022\/08\/295932749_5953602751320497_8962795249748159608_n.jpg 889w, https:\/\/miraserra.org.br\/wp-content\/uploads\/2022\/08\/295932749_5953602751320497_8962795249748159608_n-300x139.jpg 300w, https:\/\/miraserra.org.br\/wp-content\/uploads\/2022\/08\/295932749_5953602751320497_8962795249748159608_n-768x356.jpg 768w\" sizes=\"auto, (max-width: 889px) 100vw, 889px\" \/><figcaption><strong><em>Atualiza\u00e7\u00e3o em Quir\u00f3pteros (morcegos): importantes informa\u00e7\u00f5es para entidades ambientalistas<\/em><\/strong><\/figcaption><\/figure>\n","protected":false},"excerpt":{"rendered":"<p>Cerca de 21 reuni\u00f5es de colegiados\/coletivos\/coordena\u00e7\u00f5es, 2 reuni\u00f5es de assessoramento externo (gratuito, sempre) e 4 internas, execu\u00e7\u00e3o de 1 evento<\/p>\n","protected":false},"author":1,"featured_media":3969,"comment_status":"closed","ping_status":"closed","sticky":false,"template":"","format":"standard","meta":{"colormag_page_container_layout":"default_layout","colormag_page_sidebar_layout":"default_layout","_themeisle_gutenberg_block_has_review":false,"footnotes":""},"categories":[50,32,59,58,37,60],"tags":[333,376,386,223,149,387],"class_list":["post-3950","post","type-post","status-publish","format-standard","has-post-thumbnail","hentry","category-cerbma","category-cn-rbma","category-comites-de-bacia-hidrografica","category-consema-rs","category-mata-atlantica","category-principais","tag-cerbma-rs","tag-cn-rbma","tag-comam","tag-comite-cai","tag-consema","tag-plano-clima"],"_links":{"self":[{"href":"https:\/\/miraserra.org.br\/index.php\/wp-json\/wp\/v2\/posts\/3950","targetHints":{"allow":["GET"]}}],"collection":[{"href":"https:\/\/miraserra.org.br\/index.php\/wp-json\/wp\/v2\/posts"}],"about":[{"href":"https:\/\/miraserra.org.br\/index.php\/wp-json\/wp\/v2\/types\/post"}],"author":[{"embeddable":true,"href":"https:\/\/miraserra.org.br\/index.php\/wp-json\/wp\/v2\/users\/1"}],"replies":[{"embeddable":true,"href":"https:\/\/miraserra.org.br\/index.php\/wp-json\/wp\/v2\/comments?post=3950"}],"version-history":[{"count":7,"href":"https:\/\/miraserra.org.br\/index.php\/wp-json\/wp\/v2\/posts\/3950\/revisions"}],"predecessor-version":[{"id":3980,"href":"https:\/\/miraserra.org.br\/index.php\/wp-json\/wp\/v2\/posts\/3950\/revisions\/3980"}],"wp:featuredmedia":[{"embeddable":true,"href":"https:\/\/miraserra.org.br\/index.php\/wp-json\/wp\/v2\/media\/3969"}],"wp:attachment":[{"href":"https:\/\/miraserra.org.br\/index.php\/wp-json\/wp\/v2\/media?parent=3950"}],"wp:term":[{"taxonomy":"category","embeddable":true,"href":"https:\/\/miraserra.org.br\/index.php\/wp-json\/wp\/v2\/categories?post=3950"},{"taxonomy":"post_tag","embeddable":true,"href":"https:\/\/miraserra.org.br\/index.php\/wp-json\/wp\/v2\/tags?post=3950"}],"curies":[{"name":"wp","href":"https:\/\/api.w.org\/{rel}","templated":true}]}}