{"id":3995,"date":"2022-09-01T17:52:41","date_gmt":"2022-09-01T20:52:41","guid":{"rendered":"http:\/\/miraserra.org.br\/?p=3995"},"modified":"2022-09-06T18:28:13","modified_gmt":"2022-09-06T21:28:13","slug":"mais-atividades-presenciais-virtuais-em-agosto-2022","status":"publish","type":"post","link":"https:\/\/miraserra.org.br\/index.php\/2022\/09\/01\/mais-atividades-presenciais-virtuais-em-agosto-2022\/","title":{"rendered":"MAIS ATIVIDADES PRESENCIAIS &#038; VIRTUAIS em agosto\/2022"},"content":{"rendered":"\n<div class=\"wp-block-group is-layout-flow wp-block-group-is-layout-flow\">\n<figure class=\"wp-block-gallery has-nested-images columns-default is-cropped wp-block-gallery-1 is-layout-flex wp-block-gallery-is-layout-flex\">\n<figure class=\"wp-block-image size-large\"><img loading=\"lazy\" decoding=\"async\" width=\"954\" height=\"952\" data-id=\"4012\" src=\"http:\/\/miraserra.org.br\/wp-content\/uploads\/2022\/09\/298221454_5973696019311170_1366770067566273027_n.jpg\" alt=\"\" class=\"wp-image-4012\" srcset=\"https:\/\/miraserra.org.br\/wp-content\/uploads\/2022\/09\/298221454_5973696019311170_1366770067566273027_n.jpg 954w, https:\/\/miraserra.org.br\/wp-content\/uploads\/2022\/09\/298221454_5973696019311170_1366770067566273027_n-300x300.jpg 300w, https:\/\/miraserra.org.br\/wp-content\/uploads\/2022\/09\/298221454_5973696019311170_1366770067566273027_n-150x150.jpg 150w, https:\/\/miraserra.org.br\/wp-content\/uploads\/2022\/09\/298221454_5973696019311170_1366770067566273027_n-768x766.jpg 768w\" sizes=\"auto, (max-width: 954px) 100vw, 954px\" \/><\/figure>\n\n\n\n<figure class=\"wp-block-image size-large\"><img loading=\"lazy\" decoding=\"async\" width=\"944\" height=\"2016\" data-id=\"4018\" src=\"http:\/\/miraserra.org.br\/wp-content\/uploads\/2022\/09\/297239702_5973696235977815_6341436214363936873_n-3.jpg\" alt=\"\" class=\"wp-image-4018\" srcset=\"https:\/\/miraserra.org.br\/wp-content\/uploads\/2022\/09\/297239702_5973696235977815_6341436214363936873_n-3.jpg 944w, https:\/\/miraserra.org.br\/wp-content\/uploads\/2022\/09\/297239702_5973696235977815_6341436214363936873_n-3-140x300.jpg 140w, https:\/\/miraserra.org.br\/wp-content\/uploads\/2022\/09\/297239702_5973696235977815_6341436214363936873_n-3-479x1024.jpg 479w, https:\/\/miraserra.org.br\/wp-content\/uploads\/2022\/09\/297239702_5973696235977815_6341436214363936873_n-3-768x1640.jpg 768w, https:\/\/miraserra.org.br\/wp-content\/uploads\/2022\/09\/297239702_5973696235977815_6341436214363936873_n-3-719x1536.jpg 719w\" sizes=\"auto, (max-width: 944px) 100vw, 944px\" \/><\/figure>\n\n\n\n<figure class=\"wp-block-image size-large\"><img loading=\"lazy\" decoding=\"async\" width=\"577\" height=\"923\" data-id=\"4019\" src=\"http:\/\/miraserra.org.br\/wp-content\/uploads\/2022\/09\/298208500_5973697865977652_8863505959097689487_n-edited.jpg\" alt=\"\" class=\"wp-image-4019\" srcset=\"https:\/\/miraserra.org.br\/wp-content\/uploads\/2022\/09\/298208500_5973697865977652_8863505959097689487_n-edited.jpg 577w, https:\/\/miraserra.org.br\/wp-content\/uploads\/2022\/09\/298208500_5973697865977652_8863505959097689487_n-edited-188x300.jpg 188w\" sizes=\"auto, (max-width: 577px) 100vw, 577px\" \/><\/figure>\n\n\n\n<figure class=\"wp-block-image size-large\"><img loading=\"lazy\" decoding=\"async\" width=\"1212\" height=\"2560\" data-id=\"4015\" src=\"http:\/\/miraserra.org.br\/wp-content\/uploads\/2022\/09\/297853890_5973697555977683_7580690623210640403_n-scaled.jpg\" alt=\"\" class=\"wp-image-4015\" srcset=\"https:\/\/miraserra.org.br\/wp-content\/uploads\/2022\/09\/297853890_5973697555977683_7580690623210640403_n-scaled.jpg 1212w, https:\/\/miraserra.org.br\/wp-content\/uploads\/2022\/09\/297853890_5973697555977683_7580690623210640403_n-142x300.jpg 142w, https:\/\/miraserra.org.br\/wp-content\/uploads\/2022\/09\/297853890_5973697555977683_7580690623210640403_n-485x1024.jpg 485w, https:\/\/miraserra.org.br\/wp-content\/uploads\/2022\/09\/297853890_5973697555977683_7580690623210640403_n-768x1623.jpg 768w, https:\/\/miraserra.org.br\/wp-content\/uploads\/2022\/09\/297853890_5973697555977683_7580690623210640403_n-727x1536.jpg 727w, https:\/\/miraserra.org.br\/wp-content\/uploads\/2022\/09\/297853890_5973697555977683_7580690623210640403_n-969x2048.jpg 969w\" sizes=\"auto, (max-width: 1212px) 100vw, 1212px\" \/><\/figure>\n\n\n\n<figure class=\"wp-block-image size-large\"><img loading=\"lazy\" decoding=\"async\" width=\"1536\" height=\"2048\" data-id=\"4014\" src=\"http:\/\/miraserra.org.br\/wp-content\/uploads\/2022\/09\/298190917_5973697399311032_7888250783047018837_n.jpg\" alt=\"\" class=\"wp-image-4014\" srcset=\"https:\/\/miraserra.org.br\/wp-content\/uploads\/2022\/09\/298190917_5973697399311032_7888250783047018837_n.jpg 1536w, https:\/\/miraserra.org.br\/wp-content\/uploads\/2022\/09\/298190917_5973697399311032_7888250783047018837_n-225x300.jpg 225w, https:\/\/miraserra.org.br\/wp-content\/uploads\/2022\/09\/298190917_5973697399311032_7888250783047018837_n-768x1024.jpg 768w, https:\/\/miraserra.org.br\/wp-content\/uploads\/2022\/09\/298190917_5973697399311032_7888250783047018837_n-1152x1536.jpg 1152w\" sizes=\"auto, (max-width: 1536px) 100vw, 1536px\" \/><\/figure>\n\n\n\n<figure class=\"wp-block-image size-large\"><img loading=\"lazy\" decoding=\"async\" width=\"944\" height=\"2016\" data-id=\"4017\" src=\"http:\/\/miraserra.org.br\/wp-content\/uploads\/2022\/09\/297513892_5973696125977826_3528113171691451376_n.jpg\" alt=\"\" class=\"wp-image-4017\" srcset=\"https:\/\/miraserra.org.br\/wp-content\/uploads\/2022\/09\/297513892_5973696125977826_3528113171691451376_n.jpg 944w, https:\/\/miraserra.org.br\/wp-content\/uploads\/2022\/09\/297513892_5973696125977826_3528113171691451376_n-140x300.jpg 140w, https:\/\/miraserra.org.br\/wp-content\/uploads\/2022\/09\/297513892_5973696125977826_3528113171691451376_n-479x1024.jpg 479w, https:\/\/miraserra.org.br\/wp-content\/uploads\/2022\/09\/297513892_5973696125977826_3528113171691451376_n-768x1640.jpg 768w, https:\/\/miraserra.org.br\/wp-content\/uploads\/2022\/09\/297513892_5973696125977826_3528113171691451376_n-719x1536.jpg 719w\" sizes=\"auto, (max-width: 944px) 100vw, 944px\" \/><\/figure>\n<figcaption class=\"blocks-gallery-caption\">Atividades em Alto Feliz, decorrentes de ACP da MIRA-SERRA na Promotoria P\u00fablica de Feliz<\/figcaption><\/figure>\n<\/div>\n\n\n\n<div class=\"wp-block-group is-layout-flow wp-block-group-is-layout-flow\">\n<figure class=\"wp-block-gallery has-nested-images columns-default is-cropped wp-block-gallery-2 is-layout-flex wp-block-gallery-is-layout-flex\">\n<figure class=\"wp-block-image size-full\"><img loading=\"lazy\" decoding=\"async\" width=\"960\" height=\"720\" data-id=\"4011\" src=\"http:\/\/miraserra.org.br\/wp-content\/uploads\/2022\/09\/298292192_5985057471508358_8961511490698688105_n.jpg\" alt=\"\" class=\"wp-image-4011\" srcset=\"https:\/\/miraserra.org.br\/wp-content\/uploads\/2022\/09\/298292192_5985057471508358_8961511490698688105_n.jpg 960w, https:\/\/miraserra.org.br\/wp-content\/uploads\/2022\/09\/298292192_5985057471508358_8961511490698688105_n-300x225.jpg 300w, https:\/\/miraserra.org.br\/wp-content\/uploads\/2022\/09\/298292192_5985057471508358_8961511490698688105_n-768x576.jpg 768w\" sizes=\"auto, (max-width: 960px) 100vw, 960px\" \/><\/figure>\n\n\n\n<figure class=\"wp-block-image size-large\"><img loading=\"lazy\" decoding=\"async\" width=\"812\" height=\"558\" data-id=\"4009\" src=\"http:\/\/miraserra.org.br\/wp-content\/uploads\/2022\/09\/298419302_5985057594841679_4485266915242369973_n.jpg\" alt=\"\" class=\"wp-image-4009\" srcset=\"https:\/\/miraserra.org.br\/wp-content\/uploads\/2022\/09\/298419302_5985057594841679_4485266915242369973_n.jpg 812w, https:\/\/miraserra.org.br\/wp-content\/uploads\/2022\/09\/298419302_5985057594841679_4485266915242369973_n-300x206.jpg 300w, https:\/\/miraserra.org.br\/wp-content\/uploads\/2022\/09\/298419302_5985057594841679_4485266915242369973_n-768x528.jpg 768w, https:\/\/miraserra.org.br\/wp-content\/uploads\/2022\/09\/298419302_5985057594841679_4485266915242369973_n-130x90.jpg 130w\" sizes=\"auto, (max-width: 812px) 100vw, 812px\" \/><\/figure>\n\n\n\n<figure class=\"wp-block-image size-large\"><img loading=\"lazy\" decoding=\"async\" width=\"803\" height=\"562\" data-id=\"4016\" src=\"http:\/\/miraserra.org.br\/wp-content\/uploads\/2022\/09\/297616907_5985057541508351_3791890968146043360_n.jpg\" alt=\"\" class=\"wp-image-4016\" srcset=\"https:\/\/miraserra.org.br\/wp-content\/uploads\/2022\/09\/297616907_5985057541508351_3791890968146043360_n.jpg 803w, https:\/\/miraserra.org.br\/wp-content\/uploads\/2022\/09\/297616907_5985057541508351_3791890968146043360_n-300x210.jpg 300w, https:\/\/miraserra.org.br\/wp-content\/uploads\/2022\/09\/297616907_5985057541508351_3791890968146043360_n-768x538.jpg 768w, https:\/\/miraserra.org.br\/wp-content\/uploads\/2022\/09\/297616907_5985057541508351_3791890968146043360_n-130x90.jpg 130w\" sizes=\"auto, (max-width: 803px) 100vw, 803px\" \/><\/figure>\n<figcaption class=\"blocks-gallery-caption\">Continuidade de uma das v\u00e1rias a\u00e7\u00f5es impetradas pelo Instituto MIRA-SERRA. No caso, uma ACP no TJ.<\/figcaption><\/figure>\n<\/div>\n\n\n\n<p><\/p>\n\n\n\n<figure class=\"wp-block-gallery has-nested-images columns-default is-cropped wp-block-gallery-3 is-layout-flex wp-block-gallery-is-layout-flex\">\n<figure class=\"wp-block-image size-large\"><img loading=\"lazy\" decoding=\"async\" width=\"2048\" height=\"970\" data-id=\"4002\" src=\"http:\/\/miraserra.org.br\/wp-content\/uploads\/2022\/09\/298753320_5985060131508092_7452233567323789192_n.jpg\" alt=\"\" class=\"wp-image-4002\" srcset=\"https:\/\/miraserra.org.br\/wp-content\/uploads\/2022\/09\/298753320_5985060131508092_7452233567323789192_n.jpg 2048w, https:\/\/miraserra.org.br\/wp-content\/uploads\/2022\/09\/298753320_5985060131508092_7452233567323789192_n-300x142.jpg 300w, https:\/\/miraserra.org.br\/wp-content\/uploads\/2022\/09\/298753320_5985060131508092_7452233567323789192_n-1024x485.jpg 1024w, https:\/\/miraserra.org.br\/wp-content\/uploads\/2022\/09\/298753320_5985060131508092_7452233567323789192_n-768x364.jpg 768w, https:\/\/miraserra.org.br\/wp-content\/uploads\/2022\/09\/298753320_5985060131508092_7452233567323789192_n-1536x728.jpg 1536w\" sizes=\"auto, (max-width: 2048px) 100vw, 2048px\" \/><\/figure>\n\n\n\n<figure class=\"wp-block-image size-large\"><img loading=\"lazy\" decoding=\"async\" width=\"2048\" height=\"970\" data-id=\"4001\" src=\"http:\/\/miraserra.org.br\/wp-content\/uploads\/2022\/09\/299089681_5985060288174743_2616336820727252515_n-2.jpg\" alt=\"\" class=\"wp-image-4001\" srcset=\"https:\/\/miraserra.org.br\/wp-content\/uploads\/2022\/09\/299089681_5985060288174743_2616336820727252515_n-2.jpg 2048w, https:\/\/miraserra.org.br\/wp-content\/uploads\/2022\/09\/299089681_5985060288174743_2616336820727252515_n-2-300x142.jpg 300w, https:\/\/miraserra.org.br\/wp-content\/uploads\/2022\/09\/299089681_5985060288174743_2616336820727252515_n-2-1024x485.jpg 1024w, https:\/\/miraserra.org.br\/wp-content\/uploads\/2022\/09\/299089681_5985060288174743_2616336820727252515_n-2-768x364.jpg 768w, https:\/\/miraserra.org.br\/wp-content\/uploads\/2022\/09\/299089681_5985060288174743_2616336820727252515_n-2-1536x728.jpg 1536w\" sizes=\"auto, (max-width: 2048px) 100vw, 2048px\" \/><figcaption><br><br><br><\/figcaption><\/figure>\n<figcaption class=\"blocks-gallery-caption\"><strong>Maratona de reuni\u00f5es no Conselho Nacional da Reserva da Biosfera da Mata Atl\u00e2ntica<\/strong><\/figcaption><\/figure>\n\n\n\n<figure class=\"wp-block-gallery has-nested-images columns-default is-cropped wp-block-gallery-4 is-layout-flex wp-block-gallery-is-layout-flex\">\n<figure class=\"wp-block-image size-large\"><img loading=\"lazy\" decoding=\"async\" width=\"1080\" height=\"691\" data-id=\"4004\" src=\"http:\/\/miraserra.org.br\/wp-content\/uploads\/2022\/09\/299006352_5985060398174732_6767415365414108839_n.jpg\" alt=\"\" class=\"wp-image-4004\" srcset=\"https:\/\/miraserra.org.br\/wp-content\/uploads\/2022\/09\/299006352_5985060398174732_6767415365414108839_n.jpg 1080w, https:\/\/miraserra.org.br\/wp-content\/uploads\/2022\/09\/299006352_5985060398174732_6767415365414108839_n-300x192.jpg 300w, https:\/\/miraserra.org.br\/wp-content\/uploads\/2022\/09\/299006352_5985060398174732_6767415365414108839_n-1024x655.jpg 1024w, https:\/\/miraserra.org.br\/wp-content\/uploads\/2022\/09\/299006352_5985060398174732_6767415365414108839_n-768x491.jpg 768w\" sizes=\"auto, (max-width: 1080px) 100vw, 1080px\" \/><\/figure>\n\n\n\n<figure class=\"wp-block-image size-large\"><img loading=\"lazy\" decoding=\"async\" width=\"1064\" height=\"1201\" data-id=\"4008\" src=\"http:\/\/miraserra.org.br\/wp-content\/uploads\/2022\/09\/298571981_5985069458173826_2124188911919512925_n.jpg\" alt=\"\" class=\"wp-image-4008\" srcset=\"https:\/\/miraserra.org.br\/wp-content\/uploads\/2022\/09\/298571981_5985069458173826_2124188911919512925_n.jpg 1064w, https:\/\/miraserra.org.br\/wp-content\/uploads\/2022\/09\/298571981_5985069458173826_2124188911919512925_n-266x300.jpg 266w, https:\/\/miraserra.org.br\/wp-content\/uploads\/2022\/09\/298571981_5985069458173826_2124188911919512925_n-907x1024.jpg 907w, https:\/\/miraserra.org.br\/wp-content\/uploads\/2022\/09\/298571981_5985069458173826_2124188911919512925_n-768x867.jpg 768w\" sizes=\"auto, (max-width: 1064px) 100vw, 1064px\" \/><\/figure>\n<figcaption class=\"blocks-gallery-caption\"><strong>Discutindo sobre nota conceitual sobre Pampa X silvicultura<\/strong><\/figcaption><\/figure>\n\n\n\n<figure class=\"wp-block-image size-large is-resized\"><img loading=\"lazy\" decoding=\"async\" src=\"http:\/\/miraserra.org.br\/wp-content\/uploads\/2022\/09\/298583026_5985057731508332_983389399902092154_n-1024x368.jpg\" alt=\"\" class=\"wp-image-4007\" width=\"1142\" height=\"411\" srcset=\"https:\/\/miraserra.org.br\/wp-content\/uploads\/2022\/09\/298583026_5985057731508332_983389399902092154_n-1024x368.jpg 1024w, https:\/\/miraserra.org.br\/wp-content\/uploads\/2022\/09\/298583026_5985057731508332_983389399902092154_n-300x108.jpg 300w, https:\/\/miraserra.org.br\/wp-content\/uploads\/2022\/09\/298583026_5985057731508332_983389399902092154_n-768x276.jpg 768w, https:\/\/miraserra.org.br\/wp-content\/uploads\/2022\/09\/298583026_5985057731508332_983389399902092154_n-1536x552.jpg 1536w, https:\/\/miraserra.org.br\/wp-content\/uploads\/2022\/09\/298583026_5985057731508332_983389399902092154_n.jpg 1601w\" sizes=\"auto, (max-width: 1142px) 100vw, 1142px\" \/><figcaption><strong>Contestando metodologia, e sugerindo estrat\u00e9gias consolidadas na literatura espec\u00edfica, para a elabora\u00e7\u00e3o do Plano de Conserva\u00e7\u00e3o e Recupera\u00e7\u00e3o da Mata Atl\u00e2ntica de Porto Alegre<\/strong><\/figcaption><\/figure>\n\n\n\n<figure class=\"wp-block-image aligncenter size-large\"><img loading=\"lazy\" decoding=\"async\" width=\"1024\" height=\"576\" src=\"http:\/\/miraserra.org.br\/wp-content\/uploads\/2022\/09\/Captura-de-Tela-2550-1024x576.png\" alt=\"\" class=\"wp-image-4023\" srcset=\"https:\/\/miraserra.org.br\/wp-content\/uploads\/2022\/09\/Captura-de-Tela-2550-1024x576.png 1024w, https:\/\/miraserra.org.br\/wp-content\/uploads\/2022\/09\/Captura-de-Tela-2550-300x169.png 300w, https:\/\/miraserra.org.br\/wp-content\/uploads\/2022\/09\/Captura-de-Tela-2550-768x432.png 768w, https:\/\/miraserra.org.br\/wp-content\/uploads\/2022\/09\/Captura-de-Tela-2550.png 1366w\" sizes=\"auto, (max-width: 1024px) 100vw, 1024px\" \/><figcaption><strong><a href=\"https:\/\/www.youtube.com\/watch?v=2JcDBgC8Ikg\">Reuni\u00e3o do Conselho de Meio Ambiente de Porto Alegre<\/a><\/strong><\/figcaption><\/figure>\n\n\n\n<figure class=\"wp-block-image aligncenter size-full is-resized\"><img loading=\"lazy\" decoding=\"async\" src=\"http:\/\/miraserra.org.br\/wp-content\/uploads\/2022\/09\/Captura-de-Tela-2538.png\" alt=\"\" class=\"wp-image-4022\" width=\"842\" height=\"404\" srcset=\"https:\/\/miraserra.org.br\/wp-content\/uploads\/2022\/09\/Captura-de-Tela-2538.png 705w, https:\/\/miraserra.org.br\/wp-content\/uploads\/2022\/09\/Captura-de-Tela-2538-300x144.png 300w\" sizes=\"auto, (max-width: 842px) 100vw, 842px\" \/><figcaption><strong>Sauda\u00e7\u00f5es do Instituto MIRA-SERRA no<a href=\"http:\/\/www.proam.org.br\/acontecimento.asp?ID=210\"> OGAm-S\u00e3o Paulo<\/a><\/strong><\/figcaption><\/figure>\n\n\n\n<div class=\"wp-block-group is-layout-flow wp-block-group-is-layout-flow\">\n<figure class=\"wp-block-gallery has-nested-images columns-default is-cropped wp-block-gallery-5 is-layout-flex wp-block-gallery-is-layout-flex\">\n<figure class=\"wp-block-image size-large\"><img loading=\"lazy\" decoding=\"async\" width=\"1366\" height=\"768\" data-id=\"4032\" src=\"http:\/\/miraserra.org.br\/wp-content\/uploads\/2022\/09\/Captura-de-Tela-2570.png\" alt=\"\" class=\"wp-image-4032\" srcset=\"https:\/\/miraserra.org.br\/wp-content\/uploads\/2022\/09\/Captura-de-Tela-2570.png 1366w, https:\/\/miraserra.org.br\/wp-content\/uploads\/2022\/09\/Captura-de-Tela-2570-300x169.png 300w, https:\/\/miraserra.org.br\/wp-content\/uploads\/2022\/09\/Captura-de-Tela-2570-1024x576.png 1024w, https:\/\/miraserra.org.br\/wp-content\/uploads\/2022\/09\/Captura-de-Tela-2570-768x432.png 768w\" sizes=\"auto, (max-width: 1366px) 100vw, 1366px\" \/><\/figure>\n\n\n\n<figure class=\"wp-block-image size-large\"><img loading=\"lazy\" decoding=\"async\" width=\"1366\" height=\"768\" data-id=\"4025\" src=\"http:\/\/miraserra.org.br\/wp-content\/uploads\/2022\/09\/Captura-de-Tela-2575.png\" alt=\"\" class=\"wp-image-4025\" srcset=\"https:\/\/miraserra.org.br\/wp-content\/uploads\/2022\/09\/Captura-de-Tela-2575.png 1366w, https:\/\/miraserra.org.br\/wp-content\/uploads\/2022\/09\/Captura-de-Tela-2575-300x169.png 300w, https:\/\/miraserra.org.br\/wp-content\/uploads\/2022\/09\/Captura-de-Tela-2575-1024x576.png 1024w, https:\/\/miraserra.org.br\/wp-content\/uploads\/2022\/09\/Captura-de-Tela-2575-768x432.png 768w\" sizes=\"auto, (max-width: 1366px) 100vw, 1366px\" \/><\/figure>\n<\/figure>\n<\/div>\n\n\n\n<p class=\"has-text-align-center\"><strong>Oficina de contextualiza\u00e7\u00e3o dos Planos Municipais de Mata Atl\u00e2ntica, dentro do Programa de elabora\u00e7\u00e3o do Plano Regional de Conserva\u00e7\u00e3o e Recupera\u00e7\u00e3o da Mata Atl\u00e2ntica da Bacia Hidrogr\u00e1fica do Rio Ca\u00ed<\/strong><\/p>\n\n\n\n<figure class=\"wp-block-image aligncenter size-large\"><img loading=\"lazy\" decoding=\"async\" width=\"1024\" height=\"576\" src=\"http:\/\/miraserra.org.br\/wp-content\/uploads\/2022\/09\/Captura-de-Tela-2580-1024x576.png\" alt=\"\" class=\"wp-image-4036\" srcset=\"https:\/\/miraserra.org.br\/wp-content\/uploads\/2022\/09\/Captura-de-Tela-2580-1024x576.png 1024w, https:\/\/miraserra.org.br\/wp-content\/uploads\/2022\/09\/Captura-de-Tela-2580-300x169.png 300w, https:\/\/miraserra.org.br\/wp-content\/uploads\/2022\/09\/Captura-de-Tela-2580-768x432.png 768w, https:\/\/miraserra.org.br\/wp-content\/uploads\/2022\/09\/Captura-de-Tela-2580.png 1366w\" sizes=\"auto, (max-width: 1024px) 100vw, 1024px\" \/><figcaption><a href=\"https:\/\/www.youtube.com\/watch?v=kKG4LPfQb0Y\">Reuni\u00e3o do Conselho Estadual do Meio Ambiente -RS <\/a>contou com a participa\u00e7\u00e3o das conselheiras do Instituto MIRA-SERRA: Iara Ximenes e Lisiane Becker<\/figcaption><\/figure>\n\n\n\n<figure class=\"wp-block-image aligncenter size-large is-resized\"><img loading=\"lazy\" decoding=\"async\" src=\"http:\/\/miraserra.org.br\/wp-content\/uploads\/2022\/09\/photo_2022-09-06_16-41-01-2-485x1024.jpg\" alt=\"\" class=\"wp-image-4020\" width=\"324\" height=\"684\" srcset=\"https:\/\/miraserra.org.br\/wp-content\/uploads\/2022\/09\/photo_2022-09-06_16-41-01-2-485x1024.jpg 485w, https:\/\/miraserra.org.br\/wp-content\/uploads\/2022\/09\/photo_2022-09-06_16-41-01-2-142x300.jpg 142w, https:\/\/miraserra.org.br\/wp-content\/uploads\/2022\/09\/photo_2022-09-06_16-41-01-2.jpg 606w\" sizes=\"auto, (max-width: 324px) 100vw, 324px\" \/><figcaption><strong>Assembleia Geral do Conselho dos Parques Nacionais Aparados da Serra e Serra Geral<\/strong><\/figcaption><\/figure>\n","protected":false},"excerpt":{"rendered":"<p>Oficina de contextualiza\u00e7\u00e3o dos Planos Municipais de Mata Atl\u00e2ntica, dentro do Programa de elabora\u00e7\u00e3o do Plano Regional de Conserva\u00e7\u00e3o e<\/p>\n","protected":false},"author":1,"featured_media":4032,"comment_status":"closed","ping_status":"closed","sticky":false,"template":"","format":"standard","meta":{"colormag_page_container_layout":"default_layout","colormag_page_sidebar_layout":"default_layout","_themeisle_gutenberg_block_has_review":false,"footnotes":""},"categories":[31,50,32,55,59,58,37,1,389,35],"tags":[],"class_list":["post-3995","post","type-post","status-publish","format-standard","has-post-thumbnail","hentry","category-plano-de-mata-atlantica","category-cerbma","category-cn-rbma","category-colegiados","category-comites-de-bacia-hidrografica","category-consema-rs","category-mata-atlantica","category-menu","category-ogam-brasil","category-parnas"],"_links":{"self":[{"href":"https:\/\/miraserra.org.br\/index.php\/wp-json\/wp\/v2\/posts\/3995","targetHints":{"allow":["GET"]}}],"collection":[{"href":"https:\/\/miraserra.org.br\/index.php\/wp-json\/wp\/v2\/posts"}],"about":[{"href":"https:\/\/miraserra.org.br\/index.php\/wp-json\/wp\/v2\/types\/post"}],"author":[{"embeddable":true,"href":"https:\/\/miraserra.org.br\/index.php\/wp-json\/wp\/v2\/users\/1"}],"replies":[{"embeddable":true,"href":"https:\/\/miraserra.org.br\/index.php\/wp-json\/wp\/v2\/comments?post=3995"}],"version-history":[{"count":3,"href":"https:\/\/miraserra.org.br\/index.php\/wp-json\/wp\/v2\/posts\/3995\/revisions"}],"predecessor-version":[{"id":4038,"href":"https:\/\/miraserra.org.br\/index.php\/wp-json\/wp\/v2\/posts\/3995\/revisions\/4038"}],"wp:featuredmedia":[{"embeddable":true,"href":"https:\/\/miraserra.org.br\/index.php\/wp-json\/wp\/v2\/media\/4032"}],"wp:attachment":[{"href":"https:\/\/miraserra.org.br\/index.php\/wp-json\/wp\/v2\/media?parent=3995"}],"wp:term":[{"taxonomy":"category","embeddable":true,"href":"https:\/\/miraserra.org.br\/index.php\/wp-json\/wp\/v2\/categories?post=3995"},{"taxonomy":"post_tag","embeddable":true,"href":"https:\/\/miraserra.org.br\/index.php\/wp-json\/wp\/v2\/tags?post=3995"}],"curies":[{"name":"wp","href":"https:\/\/api.w.org\/{rel}","templated":true}]}}