{"id":4041,"date":"2022-10-06T22:10:19","date_gmt":"2022-10-07T01:10:19","guid":{"rendered":"http:\/\/miraserra.org.br\/?p=4041"},"modified":"2022-10-06T22:22:48","modified_gmt":"2022-10-07T01:22:48","slug":"setembro-2022","status":"publish","type":"post","link":"https:\/\/miraserra.org.br\/index.php\/2022\/10\/06\/setembro-2022\/","title":{"rendered":"SETEMBRO\/2022"},"content":{"rendered":"\n<p class=\"has-text-align-center has-pale-cyan-blue-background-color has-background has-medium-font-size\"><strong>As atividades do Instituto MIRA-SERRA tem sido constantes e requerem preparo \/ articula\u00e7\u00f5es pret\u00e9ritas, bem como demandam a\u00e7\u00f5es posteriores. Com tempo ex\u00edguo, nosso setembro fica registrado somente em fotos\/<em>links<\/em>:<\/strong><\/p>\n\n\n\n<figure class=\"wp-block-image aligncenter size-large\"><img loading=\"lazy\" decoding=\"async\" width=\"1024\" height=\"576\" src=\"http:\/\/miraserra.org.br\/wp-content\/uploads\/2022\/10\/Captura-de-Tela-2834-1024x576.png\" alt=\"\" class=\"wp-image-4058\" srcset=\"https:\/\/miraserra.org.br\/wp-content\/uploads\/2022\/10\/Captura-de-Tela-2834-1024x576.png 1024w, https:\/\/miraserra.org.br\/wp-content\/uploads\/2022\/10\/Captura-de-Tela-2834-300x169.png 300w, https:\/\/miraserra.org.br\/wp-content\/uploads\/2022\/10\/Captura-de-Tela-2834-768x432.png 768w, https:\/\/miraserra.org.br\/wp-content\/uploads\/2022\/10\/Captura-de-Tela-2834.png 1366w\" sizes=\"auto, (max-width: 1024px) 100vw, 1024px\" \/><figcaption><a href=\"https:\/\/www.youtube.com\/watch?v=3jBaClE97JM\"><strong>Reuni\u00e3o do Conselho Estadual do Meio Ambiente (CONSEMA-RS), em 8\/9\/2022<\/strong><\/a><\/figcaption><\/figure>\n\n\n\n<figure class=\"wp-block-image aligncenter size-large is-resized\"><img loading=\"lazy\" decoding=\"async\" src=\"http:\/\/miraserra.org.br\/wp-content\/uploads\/2022\/10\/photo_2022-10-06_19-36-36-1024x600.jpg\" alt=\"\" class=\"wp-image-4049\" width=\"1024\" height=\"600\" srcset=\"https:\/\/miraserra.org.br\/wp-content\/uploads\/2022\/10\/photo_2022-10-06_19-36-36-1024x600.jpg 1024w, https:\/\/miraserra.org.br\/wp-content\/uploads\/2022\/10\/photo_2022-10-06_19-36-36-300x176.jpg 300w, https:\/\/miraserra.org.br\/wp-content\/uploads\/2022\/10\/photo_2022-10-06_19-36-36-768x450.jpg 768w, https:\/\/miraserra.org.br\/wp-content\/uploads\/2022\/10\/photo_2022-10-06_19-36-36.jpg 1280w\" sizes=\"auto, (max-width: 1024px) 100vw, 1024px\" \/><figcaption><strong>Reuni\u00e3o para indica\u00e7\u00e3o de entidades ambientalistas da APEDeMA-RS, entre as candidatas \u00e0s tr\u00eas vagas  no Comit\u00ea Estadual da Reserva da Biosfera da Mata Atl\u00e2ntica (CERBMA-RS<\/strong>).<strong> Foram indicadas o Instituto MIRA-SERRA (recondu\u00e7\u00e3o), o Instituto Curicaca (recondu\u00e7\u00e3o) e IGR\u00c9.<\/strong><\/figcaption><\/figure>\n\n\n\n<figure class=\"wp-block-image aligncenter size-full is-resized is-style-default\"><img loading=\"lazy\" decoding=\"async\" src=\"http:\/\/miraserra.org.br\/wp-content\/uploads\/2022\/10\/banner-NUCEA-MIRASERRA.jpg\" alt=\"\" class=\"wp-image-4063\" width=\"292\" height=\"650\" srcset=\"https:\/\/miraserra.org.br\/wp-content\/uploads\/2022\/10\/banner-NUCEA-MIRASERRA.jpg 249w, https:\/\/miraserra.org.br\/wp-content\/uploads\/2022\/10\/banner-NUCEA-MIRASERRA-135x300.jpg 135w\" sizes=\"auto, (max-width: 292px) 100vw, 292px\" \/><figcaption><strong>Na reuni\u00e3o de 13\/9\/2022, o Comit\u00ea Estadual da Reserva da Biosfera da Mata Atl\u00e2ntica (CERBMA-RS) aprova relat\u00f3rio do Posto Avan\u00e7ado da RBMA,  a ser encaminhado para renova\u00e7\u00e3o do t\u00edtulo na reuni\u00e3o do Conselho Nacional da RBMA <\/strong><\/figcaption><\/figure>\n\n\n\n<figure class=\"wp-block-image aligncenter size-large is-style-rounded\"><img loading=\"lazy\" decoding=\"async\" width=\"1024\" height=\"485\" src=\"http:\/\/miraserra.org.br\/wp-content\/uploads\/2022\/10\/photo_2022-10-06_19-37-10-1-1024x485.jpg\" alt=\"\" class=\"wp-image-4059\" srcset=\"https:\/\/miraserra.org.br\/wp-content\/uploads\/2022\/10\/photo_2022-10-06_19-37-10-1-1024x485.jpg 1024w, https:\/\/miraserra.org.br\/wp-content\/uploads\/2022\/10\/photo_2022-10-06_19-37-10-1-300x142.jpg 300w, https:\/\/miraserra.org.br\/wp-content\/uploads\/2022\/10\/photo_2022-10-06_19-37-10-1-768x364.jpg 768w, https:\/\/miraserra.org.br\/wp-content\/uploads\/2022\/10\/photo_2022-10-06_19-37-10-1.jpg 1280w\" sizes=\"auto, (max-width: 1024px) 100vw, 1024px\" \/><figcaption><strong>4\u00aa e 5\u00aa CTA da Presid\u00eancia do Conselho Nacional da Reserva da Biosfera da Mata Atl\u00e2ntica (CN RBMA), dias 1 e 2\/9\/2022<\/strong><\/figcaption><\/figure>\n\n\n\n<figure class=\"wp-block-image aligncenter size-full is-resized is-style-rounded\"><img loading=\"lazy\" decoding=\"async\" src=\"http:\/\/miraserra.org.br\/wp-content\/uploads\/2022\/10\/Screenshot_20220915-151448_Meet-original-1.jpg\" alt=\"\" class=\"wp-image-4062\" width=\"601\" height=\"570\" srcset=\"https:\/\/miraserra.org.br\/wp-content\/uploads\/2022\/10\/Screenshot_20220915-151448_Meet-original-1.jpg 999w, https:\/\/miraserra.org.br\/wp-content\/uploads\/2022\/10\/Screenshot_20220915-151448_Meet-original-1-300x284.jpg 300w, https:\/\/miraserra.org.br\/wp-content\/uploads\/2022\/10\/Screenshot_20220915-151448_Meet-original-1-768x728.jpg 768w\" sizes=\"auto, (max-width: 601px) 100vw, 601px\" \/><figcaption><strong>6\u00aa CTA da Presid\u00eancia do Conselho Nacional da Reserva da Biosfera da Mata Atl\u00e2ntica (CN RBMA), dias 9\/9\/2022<\/strong><\/figcaption><\/figure>\n\n\n\n<figure class=\"wp-block-image aligncenter size-large is-resized is-style-rounded\"><img loading=\"lazy\" decoding=\"async\" src=\"http:\/\/miraserra.org.br\/wp-content\/uploads\/2022\/10\/photo_2022-10-06_19-36-16-1024x485.jpg\" alt=\"\" class=\"wp-image-4050\" width=\"1024\" height=\"485\" srcset=\"https:\/\/miraserra.org.br\/wp-content\/uploads\/2022\/10\/photo_2022-10-06_19-36-16-1024x485.jpg 1024w, https:\/\/miraserra.org.br\/wp-content\/uploads\/2022\/10\/photo_2022-10-06_19-36-16-300x142.jpg 300w, https:\/\/miraserra.org.br\/wp-content\/uploads\/2022\/10\/photo_2022-10-06_19-36-16-768x364.jpg 768w, https:\/\/miraserra.org.br\/wp-content\/uploads\/2022\/10\/photo_2022-10-06_19-36-16.jpg 1280w\" sizes=\"auto, (max-width: 1024px) 100vw, 1024px\" \/><figcaption><strong>CTA da Presid\u00eancia do Conselho Nacional da Reserva da Biosfera da Mata Atl\u00e2ntica (CN RBMA), dia 15\/9\/2022<\/strong><\/figcaption><\/figure>\n\n\n\n<figure class=\"wp-block-image size-large is-style-default\"><img loading=\"lazy\" decoding=\"async\" width=\"1024\" height=\"343\" src=\"http:\/\/miraserra.org.br\/wp-content\/uploads\/2022\/10\/RMA-coord-1024x343.png\" alt=\"\" class=\"wp-image-4048\" srcset=\"https:\/\/miraserra.org.br\/wp-content\/uploads\/2022\/10\/RMA-coord-1024x343.png 1024w, https:\/\/miraserra.org.br\/wp-content\/uploads\/2022\/10\/RMA-coord-300x100.png 300w, https:\/\/miraserra.org.br\/wp-content\/uploads\/2022\/10\/RMA-coord-768x257.png 768w, https:\/\/miraserra.org.br\/wp-content\/uploads\/2022\/10\/RMA-coord.png 1353w\" sizes=\"auto, (max-width: 1024px) 100vw, 1024px\" \/><figcaption><strong>Reuni\u00e3o entre  Coordenador da Rede de ONGs da Mata Atl\u00e2ntica (RMA) e a Coordenadora-presidente do Instituto MIRA-SERRA (22\/9\/2022)<\/strong>. <br><strong>Pauta:  a situa\u00e7\u00e3o nacional frente \u00e0 delega\u00e7\u00e3o de compet\u00eancia para interven\u00e7\u00e3o na vegeta\u00e7\u00e3o da Mata Atl\u00e2ntica<\/strong> <\/figcaption><\/figure>\n\n\n\n<figure class=\"wp-block-image aligncenter size-large is-style-default\"><img loading=\"lazy\" decoding=\"async\" width=\"1024\" height=\"480\" src=\"http:\/\/miraserra.org.br\/wp-content\/uploads\/2022\/10\/Screenshot_20220927-091558_Samsung-Internet-1024x480.jpg\" alt=\"\" class=\"wp-image-4053\" srcset=\"https:\/\/miraserra.org.br\/wp-content\/uploads\/2022\/10\/Screenshot_20220927-091558_Samsung-Internet-1024x480.jpg 1024w, https:\/\/miraserra.org.br\/wp-content\/uploads\/2022\/10\/Screenshot_20220927-091558_Samsung-Internet-300x141.jpg 300w, https:\/\/miraserra.org.br\/wp-content\/uploads\/2022\/10\/Screenshot_20220927-091558_Samsung-Internet-768x360.jpg 768w, https:\/\/miraserra.org.br\/wp-content\/uploads\/2022\/10\/Screenshot_20220927-091558_Samsung-Internet-1536x721.jpg 1536w, https:\/\/miraserra.org.br\/wp-content\/uploads\/2022\/10\/Screenshot_20220927-091558_Samsung-Internet.jpg 1927w\" sizes=\"auto, (max-width: 1024px) 100vw, 1024px\" \/><figcaption><strong>Reuni\u00e3o do Comit\u00ea de  Gerenciamento da Bacia Hidrogr\u00e1fica do Rio Ca\u00ed, na manh\u00e3 de 27\/9\/202<\/strong><\/figcaption><\/figure>\n\n\n\n<figure class=\"wp-block-image size-large is-resized is-style-rounded\"><img loading=\"lazy\" decoding=\"async\" src=\"http:\/\/miraserra.org.br\/wp-content\/uploads\/2022\/10\/Captura-de-Tela-2781-1024x340.png\" alt=\"\" class=\"wp-image-4043\" width=\"1024\" height=\"340\" srcset=\"https:\/\/miraserra.org.br\/wp-content\/uploads\/2022\/10\/Captura-de-Tela-2781-1024x340.png 1024w, https:\/\/miraserra.org.br\/wp-content\/uploads\/2022\/10\/Captura-de-Tela-2781-300x99.png 300w, https:\/\/miraserra.org.br\/wp-content\/uploads\/2022\/10\/Captura-de-Tela-2781-768x255.png 768w, https:\/\/miraserra.org.br\/wp-content\/uploads\/2022\/10\/Captura-de-Tela-2781.png 1191w\" sizes=\"auto, (max-width: 1024px) 100vw, 1024px\" \/><\/figure>\n\n\n\n<figure class=\"wp-block-image size-full is-resized is-style-rounded\"><img loading=\"lazy\" decoding=\"async\" src=\"http:\/\/miraserra.org.br\/wp-content\/uploads\/2022\/10\/Captura-de-Tela-2804.png\" alt=\"\" class=\"wp-image-4044\" width=\"891\" height=\"344\" srcset=\"https:\/\/miraserra.org.br\/wp-content\/uploads\/2022\/10\/Captura-de-Tela-2804.png 823w, https:\/\/miraserra.org.br\/wp-content\/uploads\/2022\/10\/Captura-de-Tela-2804-300x116.png 300w, https:\/\/miraserra.org.br\/wp-content\/uploads\/2022\/10\/Captura-de-Tela-2804-768x297.png 768w\" sizes=\"auto, (max-width: 891px) 100vw, 891px\" \/><figcaption><strong>4\u00ba Encontro com os t\u00e9cnicos municipais no Programa de elabora\u00e7\u00e3o dos Planos Municipais e Regional de Conserva\u00e7\u00e3o e Recupera\u00e7\u00e3o da Mata Atl\u00e2ntica no \u00e2mbito da Bacia Hidrogr\u00e1fica do Rio Ca\u00ed &#8211; na tarde de  27\/9\/2022<\/strong><\/figcaption><\/figure>\n\n\n\n<figure class=\"wp-block-image aligncenter size-large\"><img loading=\"lazy\" decoding=\"async\" width=\"1024\" height=\"410\" src=\"http:\/\/miraserra.org.br\/wp-content\/uploads\/2022\/10\/Screenshot_20220928-091624_Teams_1-1-1024x410.jpg\" alt=\"\" class=\"wp-image-4057\" srcset=\"https:\/\/miraserra.org.br\/wp-content\/uploads\/2022\/10\/Screenshot_20220928-091624_Teams_1-1-1024x410.jpg 1024w, https:\/\/miraserra.org.br\/wp-content\/uploads\/2022\/10\/Screenshot_20220928-091624_Teams_1-1-300x120.jpg 300w, https:\/\/miraserra.org.br\/wp-content\/uploads\/2022\/10\/Screenshot_20220928-091624_Teams_1-1-768x308.jpg 768w, https:\/\/miraserra.org.br\/wp-content\/uploads\/2022\/10\/Screenshot_20220928-091624_Teams_1-1.jpg 1531w\" sizes=\"auto, (max-width: 1024px) 100vw, 1024px\" \/><figcaption><strong> Conselho Consultivo dos Parques Nacionais Aparados da Serra e Serra Geral se reuniu em 28\/9\/2022<\/strong>. <br>Atas dispon\u00edveis em <a href=\"https:\/\/www.icmbio.gov.br\/parnaaparadosdaserra\/quem-somos\/conselho-consultivo.html\">https:\/\/www.icmbio.gov.br\/parnaaparadosdaserra\/quem-somos\/conselho-consultivo.html<\/a><\/figcaption><\/figure>\n\n\n\n<figure class=\"wp-block-image aligncenter size-full\"><img loading=\"lazy\" decoding=\"async\" width=\"1017\" height=\"637\" src=\"http:\/\/miraserra.org.br\/wp-content\/uploads\/2022\/10\/comam-set2022.png\" alt=\"\" class=\"wp-image-4047\" srcset=\"https:\/\/miraserra.org.br\/wp-content\/uploads\/2022\/10\/comam-set2022.png 1017w, https:\/\/miraserra.org.br\/wp-content\/uploads\/2022\/10\/comam-set2022-300x188.png 300w, https:\/\/miraserra.org.br\/wp-content\/uploads\/2022\/10\/comam-set2022-768x481.png 768w\" sizes=\"auto, (max-width: 1017px) 100vw, 1017px\" \/><figcaption><strong><a href=\"https:\/\/www.youtube.com\/watch?v=RXGm3Ezdi-A\">A coordenadora-presidente da MIRA-SERRA e bi\u00f3loga \u00e9 conselheira titular pelo Conselho Regional de Biologia (CRBio3) no Conselho Municipal de Meio Ambiente de Porto Alegre ( reuni\u00e3o plen\u00e1ria, 29\/9\/2022)<\/a><\/strong><\/figcaption><\/figure>\n","protected":false},"excerpt":{"rendered":"<p>As atividades do Instituto MIRA-SERRA tem sido constantes e requerem preparo \/ articula\u00e7\u00f5es pret\u00e9ritas, bem como demandam a\u00e7\u00f5es posteriores. Com<\/p>\n","protected":false},"author":1,"featured_media":4064,"comment_status":"closed","ping_status":"closed","sticky":false,"template":"","format":"standard","meta":{"colormag_page_container_layout":"default_layout","colormag_page_sidebar_layout":"default_layout","_themeisle_gutenberg_block_has_review":false,"footnotes":""},"categories":[50,55,59,58,37,1,73,35,60,33],"tags":[333,376,386,223,126,354,288,179],"class_list":["post-4041","post","type-post","status-publish","format-standard","has-post-thumbnail","hentry","category-cerbma","category-colegiados","category-comites-de-bacia-hidrografica","category-consema-rs","category-mata-atlantica","category-menu","category-noticias","category-parnas","category-principais","category-rma","tag-cerbma-rs","tag-cn-rbma","tag-comam","tag-comite-cai","tag-parnas","tag-planos-de-mata-atlantica","tag-posto-avancado","tag-rma"],"_links":{"self":[{"href":"https:\/\/miraserra.org.br\/index.php\/wp-json\/wp\/v2\/posts\/4041","targetHints":{"allow":["GET"]}}],"collection":[{"href":"https:\/\/miraserra.org.br\/index.php\/wp-json\/wp\/v2\/posts"}],"about":[{"href":"https:\/\/miraserra.org.br\/index.php\/wp-json\/wp\/v2\/types\/post"}],"author":[{"embeddable":true,"href":"https:\/\/miraserra.org.br\/index.php\/wp-json\/wp\/v2\/users\/1"}],"replies":[{"embeddable":true,"href":"https:\/\/miraserra.org.br\/index.php\/wp-json\/wp\/v2\/comments?post=4041"}],"version-history":[{"count":2,"href":"https:\/\/miraserra.org.br\/index.php\/wp-json\/wp\/v2\/posts\/4041\/revisions"}],"predecessor-version":[{"id":4065,"href":"https:\/\/miraserra.org.br\/index.php\/wp-json\/wp\/v2\/posts\/4041\/revisions\/4065"}],"wp:featuredmedia":[{"embeddable":true,"href":"https:\/\/miraserra.org.br\/index.php\/wp-json\/wp\/v2\/media\/4064"}],"wp:attachment":[{"href":"https:\/\/miraserra.org.br\/index.php\/wp-json\/wp\/v2\/media?parent=4041"}],"wp:term":[{"taxonomy":"category","embeddable":true,"href":"https:\/\/miraserra.org.br\/index.php\/wp-json\/wp\/v2\/categories?post=4041"},{"taxonomy":"post_tag","embeddable":true,"href":"https:\/\/miraserra.org.br\/index.php\/wp-json\/wp\/v2\/tags?post=4041"}],"curies":[{"name":"wp","href":"https:\/\/api.w.org\/{rel}","templated":true}]}}