{"id":4075,"date":"2023-01-03T20:09:12","date_gmt":"2023-01-03T23:09:12","guid":{"rendered":"http:\/\/miraserra.org.br\/?p=4075"},"modified":"2023-01-28T20:19:58","modified_gmt":"2023-01-28T23:19:58","slug":"resumao-do-ultimo-trimestre-2022","status":"publish","type":"post","link":"https:\/\/miraserra.org.br\/index.php\/2023\/01\/03\/resumao-do-ultimo-trimestre-2022\/","title":{"rendered":"RESUM\u00c3O DO \u00daLTIMO TRIMESTRE\/2022"},"content":{"rendered":"\n<p class=\"has-text-align-center has-medium-font-size\">Foram tr\u00eas meses intensos e, no voluntariado,  uma ou outra frente de atua\u00e7\u00e3o acaba sendo prejudicada. <br>Este foi o caso da manuten\u00e7\u00e3o das redes sociais da MIRA-SERRA.<\/p>\n\n\n\n<p class=\"has-text-align-center has-medium-font-size\">Fica, ent\u00e3o, um resumo do que foi feito nos \u00faltimos 3 meses de 2022, desconsiderando as  incessantes articula\u00e7\u00f5es interinstitucionais, elabora\u00e7\u00e3o e condu\u00e7\u00e3o de representa\u00e7\u00f5es na justi\u00e7a, <br>da reda\u00e7\u00e3o de relat\u00f3rios, estudos e encontros preparat\u00f3rios para reuni\u00f5es, novas parcerias, etc.<\/p>\n\n\n\n<p class=\"has-light-green-cyan-background-color has-background has-medium-font-size\"><strong>OUTUBRO<\/strong> <\/p>\n\n\n\n<p class=\"has-medium-font-size\"><strong>06 <br>&#8211; Reuni\u00e3o entre Promotoria P\u00fablica Regional Ca\u00ed,  Presidente do Comit\u00ea de Bacia Hidrogr\u00e1fica do Rio Ca\u00ed e coordena\u00e7\u00e3o do Insttuto MIRA-SERRA. <\/strong><br>  Pauta: atualiza\u00e7\u00f5es sobre o programa Planos Municipais e Regional de Conserva\u00e7\u00e3o e Recupera\u00e7\u00e3o da Mata Atl\u00e2ntica no \u00e2mbito da bacia hidrogr\u00e1fica do Rio Ca\u00ed (PMMA\/PRMA Ca\u00ed).<\/p>\n\n\n\n<p class=\"has-medium-font-size\"><strong>18<br>&#8211; Oficina PMMA\/PRMA Ca\u00ed.<\/strong><br>  Pauta: a gest\u00e3o municipal da flora no contexto da legisla\u00e7\u00e3o (Dr.Jo\u00e3o de Deus Medeiros\/SC)<strong><br>&#8211; Oficina Regional (Sul) do Planejamento Estrat\u00e9gico para o Conselho Nacional da Reserva da Biosfera da Mata Atl\u00e2ntica (CN-RBMA)<\/strong><\/p>\n\n\n\n<p class=\"has-medium-font-size\"><strong>04<br>&#8211; Reuni\u00e3o da Comiss\u00e3o Permanente de Assessoramento (CPA) do  Comit\u00ea de Gerenciamento da Bacia Hidrogr\u00e1fica do Comit\u00ea Ca\u00ed <\/strong><\/p>\n\n\n\n<p class=\"has-medium-font-size\"><strong>20<br>&#8211; Participa\u00e7\u00e3o na C\u00e2mara T\u00e9cnica Permanente de Asssuntos Jur\u00eddicos do CONSEMA-RS<\/strong><br>    Pauta: adequa\u00e7\u00e3o do artigo do Regimento Interno que trata da elei\u00e7\u00e3o das vagas de ONGs ambientalistas no colegiado<\/p>\n\n\n\n<p class=\"has-medium-font-size\"><strong>25<br>&#8211; 9\u00aa Reuni\u00e3o do Colegiado T\u00e9cnico Assessor da Presid\u00eancia do CN-RBMA<br>&#8211; Assembleia do Comiit\u00ea de Gerenciamento da Bacia Hidrogr\u00e1fica do Rio Ca\u00ed<\/strong><br><strong>&#8211; GT Mata Atl\u00e2ntica\/ Conselho Munipal de Meio Ambiente (COMAM) de Porto Alegre<\/strong> <br>          <em>Obs.: A bi\u00f3loga, coordenadora da MIRA-SERRA, representa o Conselho Regional de Biologia (CRBio 03) no COMAM<\/em><br><strong>&#8211; Reuni\u00e3o da coordena\u00e7\u00e3o tripartite da Assembleia Permanente de Entidades de Defesa Ambiental (APEDeMA-RS)<\/strong><\/p>\n\n\n\n<p class=\"has-medium-font-size\"><strong>27<br>&#8211; Reuni\u00e3o do COMAM- Porto Alegre<\/strong><br>    Obs.:<em>A bi\u00f3loga, coordenadora da MIRA-SERRA, representa o Conselho Regional de Biologia (CRBio 03) no COMAM<\/em><\/p>\n\n\n\n<p class=\"has-medium-font-size\"><strong>28<br>&#8211; Reuni\u00e3o Extraordin\u00e1ria de elei\u00e7\u00e3o da coordena\u00e7\u00e3o do Instituto MIRA-SERRA<\/strong><br>          Destaque: <em>Presta\u00e7\u00e3o de contas<\/em>; Lisiane Becker, Iara R. Ximenes e Cl\u00e1udia Guichard foram reconduzidas<br><strong>&#8211; Reuni\u00e3o Ordin\u00e1ria Comemorativa aos 22 anos de funda\u00e7\u00e3o do Instituto MIRA-SERRA<\/strong><\/p>\n\n\n\n<p class=\"has-light-green-cyan-background-color has-background has-medium-font-size\"><strong>NOVEMBRO<\/strong><\/p>\n\n\n\n<p class=\"has-medium-font-size\"><strong>01<br>&#8211; Oficina PMMA\/PRMA Ca\u00ed. <\/strong><br>      Pauta: Plano de Bacia do Ca\u00ed e Lei da Mata Atl\u00e2ntica: converg\u00eancia para a gest\u00e3o territorial (Ms. Lisiane Becker)<br><strong>&#8211; 10\u00ba Reuni\u00e3o do Colegiado T\u00e9cnico Assessor da Presid\u00eancia do CN-RBMA<\/strong><\/p>\n\n\n\n<p class=\"has-medium-font-size\"><strong>03<br>&#8211; 11\u00aa Reuni\u00e3o do Colegiado T\u00e9cnico Assessor da Presid\u00eancia do CN-RBMA<\/strong><\/p>\n\n\n\n<p class=\"has-medium-font-size\"><strong>08<\/strong><br>&#8211;<strong> Reuni\u00e3o da APA Estadual Rota do Sol. <br><\/strong><em>    Obs.: a MIRA-SERRA \u00e9 representante titular pelo Comit\u00ea Estadual da Reserva da Biosfera da Mata Atl\u00e2ntica (CERBMA-RS)<\/em><br><strong>&#8211; Reuni\u00e3o do CERBMA-RS<br>&#8211; GT Mata Atl\u00e2ntica\/ Conselho Munipal de Meio Ambiente (COMAM) de Porto Alegre<\/strong><br>     <em>Obs.: A bi\u00f3loga, coordenadora da MIRA-SERRA, representa o Conselho Regional de Biologia (CRBio 03) no COMAM<\/em><\/p>\n\n\n\n<p class=\"has-medium-font-size\"><strong>21<br>&#8211; Audi\u00eancia no Tribunal de Justi\u00e7a. <\/strong><br>  Pauta: depoimentos de testemunhas no Processo n\u00ba 5042532-62.2018.4.04.7100, impetrado pelo Instituto MIRA-SERRA <\/p>\n\n\n\n<p class=\"has-medium-font-size\"><strong>22<br>&#8211; Reuni\u00e3o do Conselho da Esta\u00e7\u00e3o Ecol\u00f3gica Estadual da Aratinga<\/strong><br>     <em>Obs.: a MIRA-SERRA \u00e9 representante titular pelo Comit\u00ea Estadual da Reserva da Biosfera da Mata Atl\u00e2ntica (CERBMA-RS)<\/em><\/p>\n\n\n\n<p class=\"has-medium-font-size\"><strong>23<br>&#8211; 22\u00aa Assembleia Geral do instituto Amigos da Reserva  da Biosfera da Mata Atl\u00e2ntica<br>&#8211; 11\u00aa Reuni\u00e3o Extraordin\u00e1ria do Conselho Nacional da RBMA<\/strong><\/p>\n\n\n\n<p class=\"has-medium-font-size\"><strong>26 (s\u00e1bado)<br>&#8211; Reuni\u00e3o de elei\u00e7\u00e3o da Coordena\u00e7\u00e3o Tripartite da APEDeMA-RS<\/strong><br>      Destaque: foram reconduzidas MIRA-SERRA, AIPAN e Movimento Roessler<\/p>\n\n\n\n<p class=\"has-medium-font-size\"><strong>28<br>&#8211; Reuni\u00e3o do Conselho Estadual do Meio Ambiente (CONSEMA-RS) <\/strong> <br>      Destaque: MIRA-SERRA pede vista de proposta de nova Resolu\u00e7\u00e3o e ONGs entregam manifesta\u00e7\u00e3o contra   altera\u00e7\u00f5es unilaterais no calend\u00e1rio de reuni\u00f5es<\/p>\n\n\n\n<p class=\"has-medium-font-size\"><strong>29<br>&#8211; Oficina PMMA\/PRMA Ca\u00ed<\/strong><br>     Pauta: a gest\u00e3o municipal da flora no contexto dos PMMAs (Dr. Jo\u00e3o de Deus Medeiros\/SC)<\/p>\n\n\n\n<p class=\"has-medium-font-size\">30<br>&#8211; Reuni\u00e3o do Conselho dos Parques Nacionais Aparados da Serra e Serra Geral<\/p>\n\n\n\n<p class=\"has-light-green-cyan-background-color has-background has-medium-font-size\"><strong>DEZEMBRO<\/strong><\/p>\n\n\n\n<p class=\"has-medium-font-size\"><strong>01<br>-Reuni\u00e3o do COMAM- Porto Alegre<\/strong><br>      <em>Obs.: A bi\u00f3loga, coordenadora da MIRA-SERRA, representa o Conselho Regional de Biologia (CRBio 03) no COMAM<\/em><\/p>\n\n\n\n<p class=\"has-medium-font-size\"><strong>05<br>&#8211; Plen\u00e1ria nacional aberta &#8220;Direitos dos Animais&#8221; <\/strong><br>   Pauta: discutir os v\u00e1rios aspectos incidemtes sobre a animais silvestres nativos e maus-tratos aos animais para compor    dossi\u00ea ao novo governo federal<\/p>\n\n\n\n<p class=\"has-medium-font-size\"><strong>06<br>&#8211; Reuni\u00e3o do CPA do Comit\u00ea de Gerenciamento da Bacia Hidrogr\u00e1fica do Rio Ca\u00ed<\/strong><\/p>\n\n\n\n<p class=\"has-medium-font-size\"><strong>08<br>&#8211; Reuni\u00e3o do CONSEMA-RS<\/strong><br>   Destaque: pauta atendeu solicita\u00e7\u00e3o da MIRA-SERRA relativa \u00e0 aplica\u00e7\u00e3o\/fiscaliza\u00e7\u00e3o das Resolu\u00e7\u00f5es CRH no licenciamento ambiental; MIRA-SERRA cobrou o Relat\u00f3rio Anual de atividades do CONSEMA-RS e de suas C\u00e2maras T\u00e9cnicas Permanentes<\/p>\n\n\n\n<p class=\"has-medium-font-size\"><strong>15<br>-Reuni\u00e3o do COMAM- Porto Alegre<\/strong><br>    <em>Obs.: A bi\u00f3loga, coordenadora da MIRA-SERRA, representa o Conselho Regional de Biologia (CRBio 03) no COMAM<\/em><\/p>\n\n\n\n<p class=\"has-medium-font-size\"><strong>20<br>&#8211; Reuni\u00e3o do Comit\u00ea de Gerenciamento da Bacia Hidrogr\u00e1fica do Rio Ca\u00ed<\/strong><\/p>\n\n\n\n<p class=\"has-medium-font-size\"><strong>27<br>&#8211; Reuni\u00e3o do CONSEMA-RS<\/strong><br>   Destaque:  com pauta \u00fanica, a reuni\u00e3o se estendeu por mais de 2h mostrando muitas situa\u00e7\u00f5es  preocupantes, inclusive, que a mat\u00e9ria sob pedido de vista da MIRA-SERRA n\u00e3o estava madura para ter sido votada.<br><\/p>\n\n\n\n<p class=\"has-medium-font-size\"><br><\/p>\n\n\n\n<p class=\"has-medium-font-size\"> <\/p>\n","protected":false},"excerpt":{"rendered":"<p>Foram tr\u00eas meses intensos e, no voluntariado, uma ou outra frente de atua\u00e7\u00e3o acaba sendo prejudicada. Este foi o caso<\/p>\n","protected":false},"author":1,"featured_media":4079,"comment_status":"closed","ping_status":"closed","sticky":false,"template":"","format":"standard","meta":{"colormag_page_container_layout":"default_layout","colormag_page_sidebar_layout":"default_layout","_themeisle_gutenberg_block_has_review":false,"footnotes":""},"categories":[77,55,1,44,73],"tags":[399,149,354,398],"class_list":["post-4075","post","type-post","status-publish","format-standard","has-post-thumbnail","hentry","category-agenda","category-colegiados","category-menu","category-mp","category-noticias","tag-comiite-cai","tag-consema","tag-planos-de-mata-atlantica","tag-tribunal-de-justica"],"_links":{"self":[{"href":"https:\/\/miraserra.org.br\/index.php\/wp-json\/wp\/v2\/posts\/4075","targetHints":{"allow":["GET"]}}],"collection":[{"href":"https:\/\/miraserra.org.br\/index.php\/wp-json\/wp\/v2\/posts"}],"about":[{"href":"https:\/\/miraserra.org.br\/index.php\/wp-json\/wp\/v2\/types\/post"}],"author":[{"embeddable":true,"href":"https:\/\/miraserra.org.br\/index.php\/wp-json\/wp\/v2\/users\/1"}],"replies":[{"embeddable":true,"href":"https:\/\/miraserra.org.br\/index.php\/wp-json\/wp\/v2\/comments?post=4075"}],"version-history":[{"count":8,"href":"https:\/\/miraserra.org.br\/index.php\/wp-json\/wp\/v2\/posts\/4075\/revisions"}],"predecessor-version":[{"id":4094,"href":"https:\/\/miraserra.org.br\/index.php\/wp-json\/wp\/v2\/posts\/4075\/revisions\/4094"}],"wp:featuredmedia":[{"embeddable":true,"href":"https:\/\/miraserra.org.br\/index.php\/wp-json\/wp\/v2\/media\/4079"}],"wp:attachment":[{"href":"https:\/\/miraserra.org.br\/index.php\/wp-json\/wp\/v2\/media?parent=4075"}],"wp:term":[{"taxonomy":"category","embeddable":true,"href":"https:\/\/miraserra.org.br\/index.php\/wp-json\/wp\/v2\/categories?post=4075"},{"taxonomy":"post_tag","embeddable":true,"href":"https:\/\/miraserra.org.br\/index.php\/wp-json\/wp\/v2\/tags?post=4075"}],"curies":[{"name":"wp","href":"https:\/\/api.w.org\/{rel}","templated":true}]}}