{"id":4100,"date":"2023-01-28T20:06:01","date_gmt":"2023-01-28T23:06:01","guid":{"rendered":"http:\/\/miraserra.org.br\/?p=4100"},"modified":"2023-04-07T23:23:52","modified_gmt":"2023-04-08T02:23:52","slug":"janeiro-2023","status":"publish","type":"post","link":"https:\/\/miraserra.org.br\/index.php\/2023\/01\/28\/janeiro-2023\/","title":{"rendered":"JANEIRO\/2023"},"content":{"rendered":"\n<p class=\"has-medium-font-size\"><strong>MIRA-SERRA: apesar do profissionalismo, trabalho volunt\u00e1rio n\u00e3o tira f\u00e9rias!<\/strong><\/p>\n\n\n\n<p class=\"has-text-align-center has-medium-font-size\">Reuni\u00e3o do Comit\u00ea de Gerenciamento da Bacia Hidrogr\u00e1fica do Rio Ca\u00ed trouxe preocupa\u00e7\u00f5es recorrentes que dependem do Estado e dificultam a gest\u00e3o do recursos h\u00eddricos previsto em Lei.<\/p>\n\n\n\n<figure class=\"wp-block-image aligncenter size-full is-resized\"><img loading=\"lazy\" decoding=\"async\" src=\"http:\/\/miraserra.org.br\/wp-content\/uploads\/2023\/01\/Captura-de-Tela-3276-1.png\" alt=\"\" class=\"wp-image-4102\" width=\"785\" height=\"445\" srcset=\"https:\/\/miraserra.org.br\/wp-content\/uploads\/2023\/01\/Captura-de-Tela-3276-1.png 595w, https:\/\/miraserra.org.br\/wp-content\/uploads\/2023\/01\/Captura-de-Tela-3276-1-300x170.png 300w\" sizes=\"auto, (max-width: 785px) 100vw, 785px\" \/><\/figure>\n\n\n\n<p class=\"has-text-align-center has-medium-font-size\">Instituto MIRA-SERRA tem apresentado informa\u00e7\u00f5es, atualizadas, sobre o <br>Programa de elabora\u00e7\u00e3o dos Planos Municipais\/ Plano Regional da mata Atl\u00e2ntica na Bacia Hidrogr\u00e1fica do Rio Ca\u00ed em todas as reuni\u00f5es do Comit\u00ea e da sua Comiss\u00e3o de Assessoramento Permanente<\/p>\n\n\n\n<figure class=\"wp-block-image aligncenter size-full\"><img loading=\"lazy\" decoding=\"async\" width=\"1339\" height=\"615\" src=\"http:\/\/miraserra.org.br\/wp-content\/uploads\/2023\/01\/Captura-de-Tela-3274.png\" alt=\"\" class=\"wp-image-4103\" srcset=\"https:\/\/miraserra.org.br\/wp-content\/uploads\/2023\/01\/Captura-de-Tela-3274.png 1339w, https:\/\/miraserra.org.br\/wp-content\/uploads\/2023\/01\/Captura-de-Tela-3274-300x138.png 300w, https:\/\/miraserra.org.br\/wp-content\/uploads\/2023\/01\/Captura-de-Tela-3274-1024x470.png 1024w, https:\/\/miraserra.org.br\/wp-content\/uploads\/2023\/01\/Captura-de-Tela-3274-768x353.png 768w\" sizes=\"auto, (max-width: 1339px) 100vw, 1339px\" \/><\/figure>\n\n\n\n<p class=\"has-text-align-center has-medium-font-size\">Conselheiros do Comit\u00ea de Gerenciamento da Bacia Hidrogr\u00e1fica do Rio Ca\u00ed tem acompanhado as dificuldades advindas da falta de repasse dos recursos para manuten\u00e7\u00e3o do trabalho&#8230;faz anos!  Esta situa\u00e7\u00e3o \u00e9 cr\u00edtica na medida que os conflitos pelo uso das \u00e1guas tendem a aumentar na mesma propor\u00e7\u00e3o que a estiagem.<\/p>\n\n\n\n<figure class=\"wp-block-image aligncenter size-large\"><img loading=\"lazy\" decoding=\"async\" width=\"1024\" height=\"576\" src=\"http:\/\/miraserra.org.br\/wp-content\/uploads\/2023\/01\/Captura-de-Tela-3279-1024x576.png\" alt=\"\" class=\"wp-image-4104\" srcset=\"https:\/\/miraserra.org.br\/wp-content\/uploads\/2023\/01\/Captura-de-Tela-3279-1024x576.png 1024w, https:\/\/miraserra.org.br\/wp-content\/uploads\/2023\/01\/Captura-de-Tela-3279-300x169.png 300w, https:\/\/miraserra.org.br\/wp-content\/uploads\/2023\/01\/Captura-de-Tela-3279-768x432.png 768w, https:\/\/miraserra.org.br\/wp-content\/uploads\/2023\/01\/Captura-de-Tela-3279.png 1366w\" sizes=\"auto, (max-width: 1024px) 100vw, 1024px\" \/><\/figure>\n\n\n\n<p class=\"has-text-align-center has-medium-font-size\">Oitavo encontro com t\u00e9cnicos municipais,  mantendo o cronograma do<br><a href=\"http:\/\/miraserra.org.br\/index.php\/2022\/08\/16\/planos-municipais-e-plano-regional-de-conservacao-e-recuperacao-da-mata-atlantica-no-ambito-da-bacia-hidrografica-do-rio-cai\/\" data-type=\"URL\" data-id=\"http:\/\/miraserra.org.br\/index.php\/2022\/08\/16\/planos-municipais-e-plano-regional-de-conservacao-e-recuperacao-da-mata-atlantica-no-ambito-da-bacia-hidrografica-do-rio-cai\/\">Programa de elabora\u00e7\u00e3o dos Planos Municipais\/ Plano Regional da Mata Atl\u00e2ntica na Bacia Hidrogr\u00e1fica do Rio Ca\u00ed<\/a>: an\u00e1lise da tarefa 2A, destaque de quatro trabalhos como modelo, considera\u00e7\u00f5es gerais<\/p>\n\n\n\n<figure class=\"wp-block-image aligncenter size-large\"><img loading=\"lazy\" decoding=\"async\" width=\"1024\" height=\"530\" src=\"http:\/\/miraserra.org.br\/wp-content\/uploads\/2023\/01\/PRMA-jan2023-1-1024x530.png\" alt=\"\" class=\"wp-image-4110\" srcset=\"https:\/\/miraserra.org.br\/wp-content\/uploads\/2023\/01\/PRMA-jan2023-1-1024x530.png 1024w, https:\/\/miraserra.org.br\/wp-content\/uploads\/2023\/01\/PRMA-jan2023-1-300x155.png 300w, https:\/\/miraserra.org.br\/wp-content\/uploads\/2023\/01\/PRMA-jan2023-1-768x398.png 768w, https:\/\/miraserra.org.br\/wp-content\/uploads\/2023\/01\/PRMA-jan2023-1.png 1315w\" sizes=\"auto, (max-width: 1024px) 100vw, 1024px\" \/><\/figure>\n\n\n\n<p class=\"has-text-align-center has-medium-font-size\">Janeiro \u00e9 m\u00eas de recesso para v\u00e1rias entidades ambientalistas, <br>contudo reuni\u00f5es da APEDeMA-RS s\u00e3o realizadas com qualquer n\u00famero de representantes. <\/p>\n\n\n\n<figure class=\"wp-block-image aligncenter size-large\"><img loading=\"lazy\" decoding=\"async\" width=\"1024\" height=\"608\" src=\"http:\/\/miraserra.org.br\/wp-content\/uploads\/2023\/01\/APEDEMA-jan2023-2-1024x608.png\" alt=\"\" class=\"wp-image-4107\" srcset=\"https:\/\/miraserra.org.br\/wp-content\/uploads\/2023\/01\/APEDEMA-jan2023-2-1024x608.png 1024w, https:\/\/miraserra.org.br\/wp-content\/uploads\/2023\/01\/APEDEMA-jan2023-2-300x178.png 300w, https:\/\/miraserra.org.br\/wp-content\/uploads\/2023\/01\/APEDEMA-jan2023-2-768x456.png 768w, https:\/\/miraserra.org.br\/wp-content\/uploads\/2023\/01\/APEDEMA-jan2023-2.png 1035w\" sizes=\"auto, (max-width: 1024px) 100vw, 1024px\" \/><figcaption class=\"wp-element-caption\"> MIRA-SERRA, ING\u00c1, UPAN e Movimento Roessler.<\/figcaption><\/figure>\n\n\n\n<p class=\"has-medium-font-size\">Coordenadoras (executiva e presidente) da MIRA-SERRA mant\u00e9m reuni\u00f5es frequentes, abordando as diversas e complexas mat\u00e9rias que, por vezes, passar\u00e3o pela coordenadora executiva\/jur\u00eddica.<\/p>\n\n\n\n<figure class=\"wp-block-image aligncenter size-large\"><img loading=\"lazy\" decoding=\"async\" width=\"1024\" height=\"316\" src=\"http:\/\/miraserra.org.br\/wp-content\/uploads\/2023\/01\/Captura-de-Tela-3240-1-1024x316.png\" alt=\"\" class=\"wp-image-4109\" srcset=\"https:\/\/miraserra.org.br\/wp-content\/uploads\/2023\/01\/Captura-de-Tela-3240-1-1024x316.png 1024w, https:\/\/miraserra.org.br\/wp-content\/uploads\/2023\/01\/Captura-de-Tela-3240-1-300x93.png 300w, https:\/\/miraserra.org.br\/wp-content\/uploads\/2023\/01\/Captura-de-Tela-3240-1-768x237.png 768w, https:\/\/miraserra.org.br\/wp-content\/uploads\/2023\/01\/Captura-de-Tela-3240-1.png 1363w\" sizes=\"auto, (max-width: 1024px) 100vw, 1024px\" \/><\/figure>\n","protected":false},"excerpt":{"rendered":"<p>MIRA-SERRA: apesar do profissionalismo, trabalho volunt\u00e1rio n\u00e3o tira f\u00e9rias! Reuni\u00e3o do Comit\u00ea de Gerenciamento da Bacia Hidrogr\u00e1fica do Rio Ca\u00ed<\/p>\n","protected":false},"author":1,"featured_media":4110,"comment_status":"closed","ping_status":"closed","sticky":false,"template":"","format":"standard","meta":{"colormag_page_container_layout":"default_layout","colormag_page_sidebar_layout":"default_layout","_themeisle_gutenberg_block_has_review":false,"footnotes":""},"categories":[31,59,37,1,73,60],"tags":[177,223,183,355,400],"class_list":["post-4100","post","type-post","status-publish","format-standard","has-post-thumbnail","hentry","category-plano-de-mata-atlantica","category-comites-de-bacia-hidrografica","category-mata-atlantica","category-menu","category-noticias","category-principais","tag-apedema-rs","tag-comite-cai","tag-mira-serra","tag-pmma","tag-pmma-prma-cai"],"_links":{"self":[{"href":"https:\/\/miraserra.org.br\/index.php\/wp-json\/wp\/v2\/posts\/4100","targetHints":{"allow":["GET"]}}],"collection":[{"href":"https:\/\/miraserra.org.br\/index.php\/wp-json\/wp\/v2\/posts"}],"about":[{"href":"https:\/\/miraserra.org.br\/index.php\/wp-json\/wp\/v2\/types\/post"}],"author":[{"embeddable":true,"href":"https:\/\/miraserra.org.br\/index.php\/wp-json\/wp\/v2\/users\/1"}],"replies":[{"embeddable":true,"href":"https:\/\/miraserra.org.br\/index.php\/wp-json\/wp\/v2\/comments?post=4100"}],"version-history":[{"count":3,"href":"https:\/\/miraserra.org.br\/index.php\/wp-json\/wp\/v2\/posts\/4100\/revisions"}],"predecessor-version":[{"id":4115,"href":"https:\/\/miraserra.org.br\/index.php\/wp-json\/wp\/v2\/posts\/4100\/revisions\/4115"}],"wp:featuredmedia":[{"embeddable":true,"href":"https:\/\/miraserra.org.br\/index.php\/wp-json\/wp\/v2\/media\/4110"}],"wp:attachment":[{"href":"https:\/\/miraserra.org.br\/index.php\/wp-json\/wp\/v2\/media?parent=4100"}],"wp:term":[{"taxonomy":"category","embeddable":true,"href":"https:\/\/miraserra.org.br\/index.php\/wp-json\/wp\/v2\/categories?post=4100"},{"taxonomy":"post_tag","embeddable":true,"href":"https:\/\/miraserra.org.br\/index.php\/wp-json\/wp\/v2\/tags?post=4100"}],"curies":[{"name":"wp","href":"https:\/\/api.w.org\/{rel}","templated":true}]}}