{"id":4127,"date":"2022-10-28T22:05:21","date_gmt":"2022-10-29T01:05:21","guid":{"rendered":"http:\/\/miraserra.org.br\/?p=4127"},"modified":"2023-03-05T02:15:27","modified_gmt":"2023-03-05T05:15:27","slug":"coordenacao-mira-serra-para-2022-2026","status":"publish","type":"post","link":"https:\/\/miraserra.org.br\/index.php\/2022\/10\/28\/coordenacao-mira-serra-para-2022-2026\/","title":{"rendered":"COORDENA\u00c7\u00c3O MIRA-SERRA PARA 2022-2026"},"content":{"rendered":"\n<p class=\"has-medium-font-size\">Em reuni\u00e3o, comemorativa aos 22 anos do Instituto MIRA-SERRA, foram eleitos os integrantes da coordena\u00e7\u00e3o e do conselho fiscal do Instituto MIRA-SERRA para o novo per\u00edodo.<\/p>\n\n\n\n<p class=\"has-medium-font-size\"><strong>Composi\u00e7\u00e3o da coordena\u00e7\u00e3o<\/strong><br>Coordenadora-presidente: <em>Lisiane Becker<\/em><br>Coordenadoras executivas: <em>Iara R. Ximene<\/em>s e <em>Claudia Guichard<\/em><\/p>\n\n\n\n<figure class=\"wp-block-gallery has-nested-images columns-default is-cropped wp-block-gallery-1 is-layout-flex wp-block-gallery-is-layout-flex\">\n<figure class=\"wp-block-image size-large\"><img loading=\"lazy\" decoding=\"async\" width=\"444\" height=\"260\" data-id=\"4130\" src=\"http:\/\/miraserra.org.br\/wp-content\/uploads\/2023\/01\/Lisiane.png\" alt=\"\" class=\"wp-image-4130\" srcset=\"https:\/\/miraserra.org.br\/wp-content\/uploads\/2023\/01\/Lisiane.png 444w, https:\/\/miraserra.org.br\/wp-content\/uploads\/2023\/01\/Lisiane-300x176.png 300w\" sizes=\"auto, (max-width: 444px) 100vw, 444px\" \/><\/figure>\n\n\n\n<figure class=\"wp-block-image size-large\"><img loading=\"lazy\" decoding=\"async\" width=\"328\" height=\"265\" data-id=\"4129\" src=\"http:\/\/miraserra.org.br\/wp-content\/uploads\/2023\/01\/iara.png\" alt=\"\" class=\"wp-image-4129\" srcset=\"https:\/\/miraserra.org.br\/wp-content\/uploads\/2023\/01\/iara.png 328w, https:\/\/miraserra.org.br\/wp-content\/uploads\/2023\/01\/iara-300x242.png 300w\" sizes=\"auto, (max-width: 328px) 100vw, 328px\" \/><\/figure>\n\n\n\n<figure class=\"wp-block-image size-large\"><img loading=\"lazy\" decoding=\"async\" width=\"339\" height=\"265\" data-id=\"4128\" src=\"http:\/\/miraserra.org.br\/wp-content\/uploads\/2023\/01\/claudia.png\" alt=\"\" class=\"wp-image-4128\" srcset=\"https:\/\/miraserra.org.br\/wp-content\/uploads\/2023\/01\/claudia.png 339w, https:\/\/miraserra.org.br\/wp-content\/uploads\/2023\/01\/claudia-300x235.png 300w\" sizes=\"auto, (max-width: 339px) 100vw, 339px\" \/><\/figure>\n<\/figure>\n\n\n\n<p class=\"has-medium-font-size\"><strong>Composi\u00e7\u00e3o do Conselho Fiscal<\/strong><br><em>Vera L\u00facia Pitoni<\/em><br><em>Vilnei A. dos Santo Loss<br>Marconi L. Flach <\/em><br><em>Gelcira Teles Fernandes<\/em><\/p>\n\n\n\n<p class=\"has-medium-font-size\">O evento virtual ocorreu na noite de 28 de outubro de 2022.<\/p>\n","protected":false},"excerpt":{"rendered":"<p>Em reuni\u00e3o, comemorativa aos 22 anos do Instituto MIRA-SERRA, foram eleitos os integrantes da coordena\u00e7\u00e3o e do conselho fiscal do<\/p>\n","protected":false},"author":1,"featured_media":4132,"comment_status":"closed","ping_status":"closed","sticky":false,"template":"","format":"standard","meta":{"colormag_page_container_layout":"default_layout","colormag_page_sidebar_layout":"default_layout","_themeisle_gutenberg_block_has_review":false,"footnotes":""},"categories":[85,1,73,60],"tags":[],"class_list":["post-4127","post","type-post","status-publish","format-standard","has-post-thumbnail","hentry","category-a-mira-serra","category-menu","category-noticias","category-principais"],"_links":{"self":[{"href":"https:\/\/miraserra.org.br\/index.php\/wp-json\/wp\/v2\/posts\/4127","targetHints":{"allow":["GET"]}}],"collection":[{"href":"https:\/\/miraserra.org.br\/index.php\/wp-json\/wp\/v2\/posts"}],"about":[{"href":"https:\/\/miraserra.org.br\/index.php\/wp-json\/wp\/v2\/types\/post"}],"author":[{"embeddable":true,"href":"https:\/\/miraserra.org.br\/index.php\/wp-json\/wp\/v2\/users\/1"}],"replies":[{"embeddable":true,"href":"https:\/\/miraserra.org.br\/index.php\/wp-json\/wp\/v2\/comments?post=4127"}],"version-history":[{"count":2,"href":"https:\/\/miraserra.org.br\/index.php\/wp-json\/wp\/v2\/posts\/4127\/revisions"}],"predecessor-version":[{"id":4137,"href":"https:\/\/miraserra.org.br\/index.php\/wp-json\/wp\/v2\/posts\/4127\/revisions\/4137"}],"wp:featuredmedia":[{"embeddable":true,"href":"https:\/\/miraserra.org.br\/index.php\/wp-json\/wp\/v2\/media\/4132"}],"wp:attachment":[{"href":"https:\/\/miraserra.org.br\/index.php\/wp-json\/wp\/v2\/media?parent=4127"}],"wp:term":[{"taxonomy":"category","embeddable":true,"href":"https:\/\/miraserra.org.br\/index.php\/wp-json\/wp\/v2\/categories?post=4127"},{"taxonomy":"post_tag","embeddable":true,"href":"https:\/\/miraserra.org.br\/index.php\/wp-json\/wp\/v2\/tags?post=4127"}],"curies":[{"name":"wp","href":"https:\/\/api.w.org\/{rel}","templated":true}]}}