{"id":4149,"date":"2023-04-07T23:07:51","date_gmt":"2023-04-08T02:07:51","guid":{"rendered":"http:\/\/miraserra.org.br\/?p=4149"},"modified":"2023-04-08T00:01:00","modified_gmt":"2023-04-08T03:01:00","slug":"marco-2023","status":"publish","type":"post","link":"https:\/\/miraserra.org.br\/index.php\/2023\/04\/07\/marco-2023\/","title":{"rendered":"MAR\u00c7O\/2023"},"content":{"rendered":"\n<p class=\"has-text-align-center has-black-color has-vivid-green-cyan-background-color has-text-color has-background has-medium-font-size\"><strong>EST\u00c1GIO:<\/strong> neste primeiro semestre do ano, a MIRA-SERRA passa a contar <br>com nova estagi\u00e1ria da Biologia\/PUCRS! <br>Ela estar\u00e1 colaborando com o Programa PMMAs\/PRMA- Bacia Hidrogr\u00e1fica Ca\u00ed e com o N\u00facleo de E.A. do Posto Avan\u00e7ado &#8220;MIRA-SERRA&#8221; da Reserva da Biosfera da Mata Atl\u00e2ntica.<\/p>\n\n\n\n<figure class=\"wp-block-image size-full\"><img loading=\"lazy\" decoding=\"async\" width=\"1366\" height=\"768\" src=\"http:\/\/miraserra.org.br\/wp-content\/uploads\/2023\/04\/Captura-de-Tela-3412.png\" alt=\"\" class=\"wp-image-4152\" srcset=\"https:\/\/miraserra.org.br\/wp-content\/uploads\/2023\/04\/Captura-de-Tela-3412.png 1366w, https:\/\/miraserra.org.br\/wp-content\/uploads\/2023\/04\/Captura-de-Tela-3412-300x169.png 300w, https:\/\/miraserra.org.br\/wp-content\/uploads\/2023\/04\/Captura-de-Tela-3412-1024x576.png 1024w, https:\/\/miraserra.org.br\/wp-content\/uploads\/2023\/04\/Captura-de-Tela-3412-768x432.png 768w\" sizes=\"auto, (max-width: 1366px) 100vw, 1366px\" \/><\/figure>\n\n\n\n<p class=\"has-text-align-center has-medium-font-size\"><strong>Programa PMMAs\/ Plano Regional de Conserva\u00e7\u00e3o e Recupera\u00e7\u00e3o da Mata Atl\u00e2ntica,<\/strong><br><strong> no \u00e2mbito da Bacia Hidrogr\u00e1fica do Rio Ca\u00ed: <em>Oficina de mar\u00e7o<\/em><\/strong><\/p>\n\n\n\n<figure class=\"wp-block-image aligncenter size-full is-resized\"><img loading=\"lazy\" decoding=\"async\" src=\"http:\/\/miraserra.org.br\/wp-content\/uploads\/2023\/04\/Captura-de-Tela-3408.png\" alt=\"\" class=\"wp-image-4151\" width=\"839\" height=\"409\" srcset=\"https:\/\/miraserra.org.br\/wp-content\/uploads\/2023\/04\/Captura-de-Tela-3408.png 925w, https:\/\/miraserra.org.br\/wp-content\/uploads\/2023\/04\/Captura-de-Tela-3408-300x146.png 300w, https:\/\/miraserra.org.br\/wp-content\/uploads\/2023\/04\/Captura-de-Tela-3408-768x374.png 768w\" sizes=\"auto, (max-width: 839px) 100vw, 839px\" \/><\/figure>\n\n\n\n<p class=\"has-text-align-center has-medium-font-size\"><strong>Mais de 20 representa\u00e7\u00f5es da MIRA-SERRA na justi\u00e7a (MPF, MPE, TJ, STF) e, <\/strong><br><strong>atualmente, tamb\u00e9m no Sistema On Line\/FEPAM<\/strong><\/p>\n\n\n\n<figure class=\"wp-block-image aligncenter size-full is-resized\"><img loading=\"lazy\" decoding=\"async\" src=\"http:\/\/miraserra.org.br\/wp-content\/uploads\/2023\/04\/Captura-de-Tela-3419-1.jpg\" alt=\"\" class=\"wp-image-4155\" width=\"841\" height=\"564\" srcset=\"https:\/\/miraserra.org.br\/wp-content\/uploads\/2023\/04\/Captura-de-Tela-3419-1.jpg 592w, https:\/\/miraserra.org.br\/wp-content\/uploads\/2023\/04\/Captura-de-Tela-3419-1-300x201.jpg 300w\" sizes=\"auto, (max-width: 841px) 100vw, 841px\" \/><\/figure>\n\n\n\n<figure class=\"wp-block-image size-large is-resized\"><img loading=\"lazy\" decoding=\"async\" src=\"http:\/\/miraserra.org.br\/wp-content\/uploads\/2023\/04\/Captura-de-Tela-3429-1024x443.png\" alt=\"\" class=\"wp-image-4156\" width=\"1139\" height=\"493\" srcset=\"https:\/\/miraserra.org.br\/wp-content\/uploads\/2023\/04\/Captura-de-Tela-3429-1024x443.png 1024w, https:\/\/miraserra.org.br\/wp-content\/uploads\/2023\/04\/Captura-de-Tela-3429-300x130.png 300w, https:\/\/miraserra.org.br\/wp-content\/uploads\/2023\/04\/Captura-de-Tela-3429-768x332.png 768w, https:\/\/miraserra.org.br\/wp-content\/uploads\/2023\/04\/Captura-de-Tela-3429.png 1363w\" sizes=\"auto, (max-width: 1139px) 100vw, 1139px\" \/><\/figure>\n\n\n\n<p class=\"has-text-align-center has-medium-font-size\"><strong>O Colegiado T\u00e9cnico Assessor da Presid\u00eancia do Conselho Nacional da Reserva da Biosfera<\/strong><br><strong> tem reuni\u00f5es mensais<\/strong><\/p>\n\n\n\n<p><\/p>\n\n\n\n<figure class=\"wp-block-image size-large is-resized\"><img loading=\"lazy\" decoding=\"async\" src=\"http:\/\/miraserra.org.br\/wp-content\/uploads\/2023\/04\/Captura-de-Tela-3495-1024x461.jpg\" alt=\"\" class=\"wp-image-4158\" width=\"1144\" height=\"515\" srcset=\"https:\/\/miraserra.org.br\/wp-content\/uploads\/2023\/04\/Captura-de-Tela-3495-1024x461.jpg 1024w, https:\/\/miraserra.org.br\/wp-content\/uploads\/2023\/04\/Captura-de-Tela-3495-300x135.jpg 300w, https:\/\/miraserra.org.br\/wp-content\/uploads\/2023\/04\/Captura-de-Tela-3495-768x346.jpg 768w, https:\/\/miraserra.org.br\/wp-content\/uploads\/2023\/04\/Captura-de-Tela-3495.jpg 1343w\" sizes=\"auto, (max-width: 1144px) 100vw, 1144px\" \/><\/figure>\n\n\n\n<figure class=\"wp-block-image size-large is-resized\"><img loading=\"lazy\" decoding=\"async\" src=\"http:\/\/miraserra.org.br\/wp-content\/uploads\/2023\/04\/Captura-de-Tela-3508-1024x539.png\" alt=\"\" class=\"wp-image-4159\" width=\"1136\" height=\"598\" srcset=\"https:\/\/miraserra.org.br\/wp-content\/uploads\/2023\/04\/Captura-de-Tela-3508-1024x539.png 1024w, https:\/\/miraserra.org.br\/wp-content\/uploads\/2023\/04\/Captura-de-Tela-3508-300x158.png 300w, https:\/\/miraserra.org.br\/wp-content\/uploads\/2023\/04\/Captura-de-Tela-3508-768x404.png 768w, https:\/\/miraserra.org.br\/wp-content\/uploads\/2023\/04\/Captura-de-Tela-3508-390x205.png 390w, https:\/\/miraserra.org.br\/wp-content\/uploads\/2023\/04\/Captura-de-Tela-3508.png 1195w\" sizes=\"auto, (max-width: 1136px) 100vw, 1136px\" \/><\/figure>\n\n\n\n<p class=\"has-text-align-center has-medium-font-size\"><strong>Comit\u00ea Estadual da Reserva da Biosfera da Mata Atl\u00e2ntica-RS <\/strong><br><strong>sob a condu\u00e7\u00e3o do novo presidente eleito, o ind\u00edgena Douglas \/ CEPI.<\/strong><\/p>\n\n\n\n<p><\/p>\n\n\n\n<figure class=\"wp-block-image size-large is-resized\"><img loading=\"lazy\" decoding=\"async\" src=\"http:\/\/miraserra.org.br\/wp-content\/uploads\/2023\/04\/Captura-de-Tela-3442-1024x418.png\" alt=\"\" class=\"wp-image-4157\" width=\"1139\" height=\"465\" srcset=\"https:\/\/miraserra.org.br\/wp-content\/uploads\/2023\/04\/Captura-de-Tela-3442-1024x418.png 1024w, https:\/\/miraserra.org.br\/wp-content\/uploads\/2023\/04\/Captura-de-Tela-3442-300x123.png 300w, https:\/\/miraserra.org.br\/wp-content\/uploads\/2023\/04\/Captura-de-Tela-3442-768x314.png 768w, https:\/\/miraserra.org.br\/wp-content\/uploads\/2023\/04\/Captura-de-Tela-3442.png 1339w\" sizes=\"auto, (max-width: 1139px) 100vw, 1139px\" \/><\/figure>\n\n\n\n<p class=\"has-text-align-center has-medium-font-size\"><strong>Na reuni\u00e3o do Conselho Estadual de Meio Ambiente-RS, <\/strong><br><strong>o Instituto MIRA-SERRA pediu vista de duas novas propostas de Resolu\u00e7\u00e3o.<\/strong> <br><strong>Leia os pareceres da MIRA-SERRA, em discuss\u00e3o na pauta da reuni\u00e3o de abril:<\/strong><br><a href=\"http:\/\/miraserra.org.br\/wp-content\/uploads\/2023\/04\/OFICIO-MRA_SERRA-14_2023-APP-URBANA.pdf\" data-type=\"URL\" data-id=\"http:\/\/miraserra.org.br\/wp-content\/uploads\/2023\/04\/OFICIO-MRA_SERRA-14_2023-APP-URBANA.pdf\"><strong>Of. MIRA-SERRA n\u00ba 14<\/strong><\/a>\/2023<br><a href=\"http:\/\/miraserra.org.br\/wp-content\/uploads\/2023\/04\/OFICIO-MRA_SERRA-15_2023-Geracao-de-Termoeletricidade.pdf\" data-type=\"URL\" data-id=\"http:\/\/miraserra.org.br\/wp-content\/uploads\/2023\/04\/OFICIO-MRA_SERRA-15_2023-Geracao-de-Termoeletricidade.pdf\"><strong>OF. MIRA-SERRA n\u00ba 15\/<\/strong><\/a>2023<\/p>\n\n\n\n<figure class=\"wp-block-image aligncenter size-large\"><img loading=\"lazy\" decoding=\"async\" width=\"1024\" height=\"494\" src=\"http:\/\/miraserra.org.br\/wp-content\/uploads\/2023\/04\/photo_2023-04-07_21-32-36-2-1024x494.jpg\" alt=\"\" class=\"wp-image-4162\" srcset=\"https:\/\/miraserra.org.br\/wp-content\/uploads\/2023\/04\/photo_2023-04-07_21-32-36-2-1024x494.jpg 1024w, https:\/\/miraserra.org.br\/wp-content\/uploads\/2023\/04\/photo_2023-04-07_21-32-36-2-300x145.jpg 300w, https:\/\/miraserra.org.br\/wp-content\/uploads\/2023\/04\/photo_2023-04-07_21-32-36-2-768x371.jpg 768w, https:\/\/miraserra.org.br\/wp-content\/uploads\/2023\/04\/photo_2023-04-07_21-32-36-2.jpg 1075w\" sizes=\"auto, (max-width: 1024px) 100vw, 1024px\" \/><\/figure>\n\n\n\n<figure class=\"wp-block-image aligncenter size-large\"><img loading=\"lazy\" decoding=\"async\" width=\"485\" height=\"1024\" src=\"http:\/\/miraserra.org.br\/wp-content\/uploads\/2023\/04\/photo_2023-04-07_21-32-37-485x1024.jpg\" alt=\"\" class=\"wp-image-4160\" srcset=\"https:\/\/miraserra.org.br\/wp-content\/uploads\/2023\/04\/photo_2023-04-07_21-32-37-485x1024.jpg 485w, https:\/\/miraserra.org.br\/wp-content\/uploads\/2023\/04\/photo_2023-04-07_21-32-37-142x300.jpg 142w, https:\/\/miraserra.org.br\/wp-content\/uploads\/2023\/04\/photo_2023-04-07_21-32-37.jpg 606w\" sizes=\"auto, (max-width: 485px) 100vw, 485px\" \/><\/figure>\n\n\n\n<p class=\"has-text-align-center has-medium-font-size\"><strong>Conselho dos Parques Nacionais Aparados da Serra Geral inicia an\u00e1lise da minuta de altera\u00e7\u00e3o do seu Regimento Interno. No final da reuni\u00e3o, <a href=\"http:\/\/miraserra.org.br\/wp-content\/uploads\/2023\/04\/OF-MIRA-SERRA-132023-parnas_uso.docx.pdf\" data-type=\"URL\" data-id=\"http:\/\/miraserra.org.br\/wp-content\/uploads\/2023\/04\/OF-MIRA-SERRA-132023-parnas_uso.docx.pdf\">o Instituto MIRA-SERRA apresentou of\u00edcio com manifesta\u00e7\u00e3o de contrariedade<\/a> \u00e0s interven\u00e7\u00f5es\/ atividades que est\u00e3o sendo realizadas nestas Unidades de Conserva\u00e7\u00e3o  sem a ci\u00eancia do seu Conselho. O documento conta com a subscri\u00e7\u00e3o da APEDeMA-RS.<\/strong><\/p>\n\n\n\n<p><\/p>\n\n\n\n<figure class=\"wp-block-image aligncenter size-full\"><img loading=\"lazy\" decoding=\"async\" width=\"785\" height=\"607\" src=\"http:\/\/miraserra.org.br\/wp-content\/uploads\/2023\/04\/Captura-de-Tela-3470.png\" alt=\"\" class=\"wp-image-4163\" srcset=\"https:\/\/miraserra.org.br\/wp-content\/uploads\/2023\/04\/Captura-de-Tela-3470.png 785w, https:\/\/miraserra.org.br\/wp-content\/uploads\/2023\/04\/Captura-de-Tela-3470-300x232.png 300w, https:\/\/miraserra.org.br\/wp-content\/uploads\/2023\/04\/Captura-de-Tela-3470-768x594.png 768w\" sizes=\"auto, (max-width: 785px) 100vw, 785px\" \/><\/figure>\n\n\n\n<figure class=\"wp-block-gallery has-nested-images columns-default is-cropped wp-block-gallery-1 is-layout-flex wp-block-gallery-is-layout-flex\">\n<figure class=\"wp-block-image size-large\"><img loading=\"lazy\" decoding=\"async\" width=\"644\" height=\"1024\" data-id=\"4164\" src=\"http:\/\/miraserra.org.br\/wp-content\/uploads\/2023\/04\/rma-conama-644x1024.jpg\" alt=\"\" class=\"wp-image-4164\" srcset=\"https:\/\/miraserra.org.br\/wp-content\/uploads\/2023\/04\/rma-conama-644x1024.jpg 644w, https:\/\/miraserra.org.br\/wp-content\/uploads\/2023\/04\/rma-conama-189x300.jpg 189w, https:\/\/miraserra.org.br\/wp-content\/uploads\/2023\/04\/rma-conama-768x1222.jpg 768w, https:\/\/miraserra.org.br\/wp-content\/uploads\/2023\/04\/rma-conama-965x1536.jpg 965w, https:\/\/miraserra.org.br\/wp-content\/uploads\/2023\/04\/rma-conama.jpg 1079w\" sizes=\"auto, (max-width: 644px) 100vw, 644px\" \/><\/figure>\n\n\n\n<figure class=\"wp-block-image size-large\"><img loading=\"lazy\" decoding=\"async\" width=\"709\" height=\"1024\" data-id=\"4166\" src=\"http:\/\/miraserra.org.br\/wp-content\/uploads\/2023\/04\/rma-fnma-709x1024.jpg\" alt=\"\" class=\"wp-image-4166\" srcset=\"https:\/\/miraserra.org.br\/wp-content\/uploads\/2023\/04\/rma-fnma-709x1024.jpg 709w, https:\/\/miraserra.org.br\/wp-content\/uploads\/2023\/04\/rma-fnma-208x300.jpg 208w, https:\/\/miraserra.org.br\/wp-content\/uploads\/2023\/04\/rma-fnma-768x1109.jpg 768w, https:\/\/miraserra.org.br\/wp-content\/uploads\/2023\/04\/rma-fnma-1063x1536.jpg 1063w, https:\/\/miraserra.org.br\/wp-content\/uploads\/2023\/04\/rma-fnma.jpg 1080w\" sizes=\"auto, (max-width: 709px) 100vw, 709px\" \/><\/figure>\n<\/figure>\n\n\n\n<figure class=\"wp-block-image size-large is-resized\"><img loading=\"lazy\" decoding=\"async\" src=\"http:\/\/miraserra.org.br\/wp-content\/uploads\/2023\/04\/mocao-1024x679.jpg\" alt=\"\" class=\"wp-image-4167\" width=\"1139\" height=\"755\" srcset=\"https:\/\/miraserra.org.br\/wp-content\/uploads\/2023\/04\/mocao-1024x679.jpg 1024w, https:\/\/miraserra.org.br\/wp-content\/uploads\/2023\/04\/mocao-300x199.jpg 300w, https:\/\/miraserra.org.br\/wp-content\/uploads\/2023\/04\/mocao-768x509.jpg 768w, https:\/\/miraserra.org.br\/wp-content\/uploads\/2023\/04\/mocao-1536x1019.jpg 1536w, https:\/\/miraserra.org.br\/wp-content\/uploads\/2023\/04\/mocao.jpg 2048w\" sizes=\"auto, (max-width: 1139px) 100vw, 1139px\" \/><\/figure>\n\n\n\n<p class=\"has-text-align-center has-medium-font-size\"><strong>Instituto MIRA-SERRA \u00e9 candidata \u00e0 vaga de entidade ambientalista pela regi\u00e3o SUL, no Conselho Deliberativo do Fundo Nacional do Meio Ambiente &#8211; onde j\u00e1 atuou com dedica\u00e7\u00e3o.<\/strong><\/p>\n","protected":false},"excerpt":{"rendered":"<p>EST\u00c1GIO: neste primeiro semestre do ano, a MIRA-SERRA passa a contar com nova estagi\u00e1ria da Biologia\/PUCRS! Ela estar\u00e1 colaborando com<\/p>\n","protected":false},"author":1,"featured_media":4177,"comment_status":"closed","ping_status":"closed","sticky":false,"template":"","format":"standard","meta":{"colormag_page_container_layout":"default_layout","colormag_page_sidebar_layout":"default_layout","_themeisle_gutenberg_block_has_review":false,"footnotes":""},"categories":[89,50,32,55,59,56,58,44,73,35,60],"tags":[177,404,333,396,223,149,403,290,292,183,179],"class_list":["post-4149","post","type-post","status-publish","format-standard","has-post-thumbnail","hentry","category-cd-fnma","category-cerbma","category-cn-rbma","category-colegiados","category-comites-de-bacia-hidrografica","category-conama","category-consema-rs","category-mp","category-noticias","category-parnas","category-principais","tag-apedema-rs","tag-cd-fnma","tag-cerbma-rs","tag-cnrbma","tag-comite-cai","tag-consema","tag-denuncias","tag-estagio","tag-mata-atantica","tag-mira-serra","tag-rma"],"_links":{"self":[{"href":"https:\/\/miraserra.org.br\/index.php\/wp-json\/wp\/v2\/posts\/4149","targetHints":{"allow":["GET"]}}],"collection":[{"href":"https:\/\/miraserra.org.br\/index.php\/wp-json\/wp\/v2\/posts"}],"about":[{"href":"https:\/\/miraserra.org.br\/index.php\/wp-json\/wp\/v2\/types\/post"}],"author":[{"embeddable":true,"href":"https:\/\/miraserra.org.br\/index.php\/wp-json\/wp\/v2\/users\/1"}],"replies":[{"embeddable":true,"href":"https:\/\/miraserra.org.br\/index.php\/wp-json\/wp\/v2\/comments?post=4149"}],"version-history":[{"count":4,"href":"https:\/\/miraserra.org.br\/index.php\/wp-json\/wp\/v2\/posts\/4149\/revisions"}],"predecessor-version":[{"id":4181,"href":"https:\/\/miraserra.org.br\/index.php\/wp-json\/wp\/v2\/posts\/4149\/revisions\/4181"}],"wp:featuredmedia":[{"embeddable":true,"href":"https:\/\/miraserra.org.br\/index.php\/wp-json\/wp\/v2\/media\/4177"}],"wp:attachment":[{"href":"https:\/\/miraserra.org.br\/index.php\/wp-json\/wp\/v2\/media?parent=4149"}],"wp:term":[{"taxonomy":"category","embeddable":true,"href":"https:\/\/miraserra.org.br\/index.php\/wp-json\/wp\/v2\/categories?post=4149"},{"taxonomy":"post_tag","embeddable":true,"href":"https:\/\/miraserra.org.br\/index.php\/wp-json\/wp\/v2\/tags?post=4149"}],"curies":[{"name":"wp","href":"https:\/\/api.w.org\/{rel}","templated":true}]}}