{"id":4183,"date":"2023-05-01T21:46:51","date_gmt":"2023-05-02T00:46:51","guid":{"rendered":"http:\/\/miraserra.org.br\/?p=4183"},"modified":"2023-05-01T21:49:19","modified_gmt":"2023-05-02T00:49:19","slug":"abril-2023-reunioes-resultados","status":"publish","type":"post","link":"https:\/\/miraserra.org.br\/index.php\/2023\/05\/01\/abril-2023-reunioes-resultados\/","title":{"rendered":"ABRIL\/2023: reuni\u00f5es &#038; resultados"},"content":{"rendered":"\n<figure class=\"wp-block-image aligncenter size-full is-resized\"><img loading=\"lazy\" decoding=\"async\" src=\"http:\/\/miraserra.org.br\/wp-content\/uploads\/2023\/05\/Captura-de-Tela-3616.png\" alt=\"\" class=\"wp-image-4192\" width=\"819\" height=\"568\" srcset=\"https:\/\/miraserra.org.br\/wp-content\/uploads\/2023\/05\/Captura-de-Tela-3616.png 673w, https:\/\/miraserra.org.br\/wp-content\/uploads\/2023\/05\/Captura-de-Tela-3616-300x208.png 300w, https:\/\/miraserra.org.br\/wp-content\/uploads\/2023\/05\/Captura-de-Tela-3616-392x272.png 392w, https:\/\/miraserra.org.br\/wp-content\/uploads\/2023\/05\/Captura-de-Tela-3616-130x90.png 130w\" sizes=\"auto, (max-width: 819px) 100vw, 819px\" \/><\/figure>\n\n\n\n<figure class=\"wp-block-image aligncenter size-full is-resized\"><img loading=\"lazy\" decoding=\"async\" src=\"http:\/\/miraserra.org.br\/wp-content\/uploads\/2023\/05\/Captura-de-Tela-3615-1.png\" alt=\"\" class=\"wp-image-4194\" width=\"899\" height=\"228\" srcset=\"https:\/\/miraserra.org.br\/wp-content\/uploads\/2023\/05\/Captura-de-Tela-3615-1.png 737w, https:\/\/miraserra.org.br\/wp-content\/uploads\/2023\/05\/Captura-de-Tela-3615-1-300x76.png 300w\" sizes=\"auto, (max-width: 899px) 100vw, 899px\" \/><\/figure>\n\n\n\n<p class=\"has-text-align-center has-medium-font-size\"><strong>ABRIL iniciando com perspectivas de muito trabalho: com retorno ao Conselho Deliberativo do FNMA e ao CONAMA (como suplente da ONG de SC, por conta do acordo hist\u00f3rico de rod\u00edzio entre <\/strong><br><strong>as entidades ambientalistas da regi\u00e3o Sul.<\/strong><\/p>\n\n\n\n<p><\/p>\n\n\n\n<figure class=\"wp-block-image size-full is-resized\"><img loading=\"lazy\" decoding=\"async\" src=\"http:\/\/miraserra.org.br\/wp-content\/uploads\/2023\/05\/cta-cnrbma.jpg\" alt=\"\" class=\"wp-image-4184\" width=\"1138\" height=\"945\" srcset=\"https:\/\/miraserra.org.br\/wp-content\/uploads\/2023\/05\/cta-cnrbma.jpg 640w, https:\/\/miraserra.org.br\/wp-content\/uploads\/2023\/05\/cta-cnrbma-300x249.jpg 300w\" sizes=\"auto, (max-width: 1138px) 100vw, 1138px\" \/><\/figure>\n\n\n\n<p class=\"has-text-align-center has-medium-font-size\"><strong>05\/04:<\/strong> <strong>Instituto MIRA-SERRA prev\u00ea cerca de 3 atividades no seu Posto Avan\u00e7ado, <\/strong><br><strong>cuja<\/strong> <strong>programa\u00e7\u00e3o ser\u00e1 divulgada em breve!<\/strong><\/p>\n\n\n\n<p><\/p>\n\n\n\n<div class=\"wp-block-group is-layout-constrained wp-block-group-is-layout-constrained\">\n<figure class=\"wp-block-image aligncenter size-full is-resized\"><img loading=\"lazy\" decoding=\"async\" src=\"http:\/\/miraserra.org.br\/wp-content\/uploads\/2023\/05\/Screenshot_20230413_101423_Teams.jpg\" alt=\"\" class=\"wp-image-4196\" width=\"327\" height=\"593\" srcset=\"https:\/\/miraserra.org.br\/wp-content\/uploads\/2023\/05\/Screenshot_20230413_101423_Teams.jpg 290w, https:\/\/miraserra.org.br\/wp-content\/uploads\/2023\/05\/Screenshot_20230413_101423_Teams-165x300.jpg 165w\" sizes=\"auto, (max-width: 327px) 100vw, 327px\" \/><\/figure>\n\n\n\n<p class=\"has-text-align-center has-medium-font-size\"><strong>6\/4:<\/strong> <strong>GT Mata Atl\u00e2ntica\/ COMAM Porto Alegre: discord\u00e2ncia sobre a condu\u00e7\u00e3o do processo, <\/strong><br><strong>que destoa do preconizado nas publica\u00e7\u00f5es do MMA.<\/strong><\/p>\n\n\n\n<figure class=\"wp-block-image aligncenter size-large is-resized\"><img loading=\"lazy\" decoding=\"async\" src=\"http:\/\/miraserra.org.br\/wp-content\/uploads\/2023\/05\/Captura-de-Tela-3558-1-1024x461.png\" alt=\"\" class=\"wp-image-4203\" width=\"1102\" height=\"496\" srcset=\"https:\/\/miraserra.org.br\/wp-content\/uploads\/2023\/05\/Captura-de-Tela-3558-1-1024x461.png 1024w, https:\/\/miraserra.org.br\/wp-content\/uploads\/2023\/05\/Captura-de-Tela-3558-1-300x135.png 300w, https:\/\/miraserra.org.br\/wp-content\/uploads\/2023\/05\/Captura-de-Tela-3558-1-768x346.png 768w, https:\/\/miraserra.org.br\/wp-content\/uploads\/2023\/05\/Captura-de-Tela-3558-1.png 1347w\" sizes=\"auto, (max-width: 1102px) 100vw, 1102px\" \/><\/figure>\n\n\n\n<p class=\"has-text-align-center has-medium-font-size\"><strong>11\/4:  oitavo encontro com os t\u00e9cnicos de munic\u00edpios que aderiram ao<\/strong> <strong>Programa (gratuito) &#8220;Planos Municipais\/Plano Regional de Conserva\u00e7\u00e3o e Recupera\u00e7\u00e3o da Mata Atl\u00e2ntica mo \u00e2mbito da Bacia Hidrogr\u00e1fica do Rio Ca\u00ed&#8221; &#8211; <\/strong><br><strong>coopera\u00e7\u00e3o com o Comit\u00ea de bacia e o Minist\u00e9rio P\u00fablico<\/strong>.<strong> Tema: remanescentes do Bioma<\/strong> <em>(produto 2C)<\/em>.<\/p>\n<\/div>\n\n\n\n<figure class=\"wp-block-image aligncenter size-large is-resized\"><img loading=\"lazy\" decoding=\"async\" src=\"http:\/\/miraserra.org.br\/wp-content\/uploads\/2023\/05\/Captura-de-Tela-3563-1024x476.png\" alt=\"\" class=\"wp-image-4204\" width=\"1116\" height=\"519\" srcset=\"https:\/\/miraserra.org.br\/wp-content\/uploads\/2023\/05\/Captura-de-Tela-3563-1024x476.png 1024w, https:\/\/miraserra.org.br\/wp-content\/uploads\/2023\/05\/Captura-de-Tela-3563-300x140.png 300w, https:\/\/miraserra.org.br\/wp-content\/uploads\/2023\/05\/Captura-de-Tela-3563-768x357.png 768w, https:\/\/miraserra.org.br\/wp-content\/uploads\/2023\/05\/Captura-de-Tela-3563.png 1344w\" sizes=\"auto, (max-width: 1116px) 100vw, 1116px\" \/><\/figure>\n\n\n\n<p class=\"has-medium-font-size\"><strong>12\/4: REuni\u00e3o com representantes de alguns Conselhos de Meio Ambiente,<\/strong> <strong>munic\u00edpios que aderiram ao<\/strong> <strong>Programa (gratuito) &#8220;Planos Municipais\/Plano Regional de Conserva\u00e7\u00e3o e Recupera\u00e7\u00e3o da Mata Atl\u00e2ntica mo \u00e2mbito da Bacia Hidrogr\u00e1fica do Rio Ca\u00ed&#8221; &#8211; coopera\u00e7\u00e3o com o Comit\u00ea de bacia e o Minist\u00e9rio P\u00fablico<\/strong>.<strong> <\/strong>Tema: din\u00e2mica, objetivos e esclarecimentos sobre o Programa PMMA\/PRM Ca\u00ed e a import\u00e2ncia dos Conselhos.<\/p>\n\n\n\n<figure class=\"wp-block-image aligncenter size-full is-resized\"><img loading=\"lazy\" decoding=\"async\" src=\"http:\/\/miraserra.org.br\/wp-content\/uploads\/2023\/05\/IMG-20230413-WA0034.jpg\" alt=\"\" class=\"wp-image-4185\" width=\"833\" height=\"625\" srcset=\"https:\/\/miraserra.org.br\/wp-content\/uploads\/2023\/05\/IMG-20230413-WA0034.jpg 833w, https:\/\/miraserra.org.br\/wp-content\/uploads\/2023\/05\/IMG-20230413-WA0034-300x225.jpg 300w, https:\/\/miraserra.org.br\/wp-content\/uploads\/2023\/05\/IMG-20230413-WA0034-768x576.jpg 768w\" sizes=\"auto, (max-width: 833px) 100vw, 833px\" \/><\/figure>\n\n\n\n<p class=\"has-text-align-center has-medium-font-size\"><strong>13\/4:<\/strong> <strong>Participa\u00e7\u00e3o efetiva e presencial no CONSEMA-RS, com dois pareceres referentes aos pedidos de vista \u00e0 propostas de resolu\u00e7\u00e3o, bem com o of\u00edcio relativo \u00e0 restri\u00e7\u00e3o da participa\u00e7\u00e3o da sociedade sem a transmiss\u00e3o pela plataforma YouTube.<\/strong><br><em> Leia a \u00edntegra dos documentos:<\/em><br><strong><a href=\"http:\/\/miraserra.org.br\/wp-content\/uploads\/2023\/05\/OFICIO-MRA_SERRA-14_2023-APP-URBANA.pdf\" data-type=\"URL\" data-id=\"http:\/\/miraserra.org.br\/wp-content\/uploads\/2023\/05\/OFICIO-MRA_SERRA-14_2023-APP-URBANA.pdf\">APP urbana consolidada<\/a><br><a href=\"http:\/\/miraserra.org.br\/wp-content\/uploads\/2023\/05\/OFICIO-MRA_SERRA-15_2023-termeletrica.docx\" data-type=\"URL\" data-id=\"http:\/\/miraserra.org.br\/wp-content\/uploads\/2023\/05\/OFICIO-MRA_SERRA-15_2023-termeletrica.docx\">Termel\u00e9trica<\/a><br><a href=\"http:\/\/miraserra.org.br\/wp-content\/uploads\/2023\/05\/OFICIO-MIRA_SERRA-17_2023_CONSEMA-presencial.pdf\" data-type=\"URL\" data-id=\"http:\/\/miraserra.org.br\/wp-content\/uploads\/2023\/05\/OFICIO-MIRA_SERRA-17_2023_CONSEMA-presencial.pdf\">Of\u00edcio<\/a><\/strong><\/p>\n\n\n\n<figure class=\"wp-block-gallery has-nested-images columns-default is-cropped wp-block-gallery-1 is-layout-flex wp-block-gallery-is-layout-flex\">\n<figure class=\"wp-block-image size-full is-style-default\"><img loading=\"lazy\" decoding=\"async\" width=\"846\" height=\"308\" data-id=\"4190\" src=\"http:\/\/miraserra.org.br\/wp-content\/uploads\/2023\/05\/177b91e4b428685e4b92a32e6963b7a9319274a210749f280f62b069b4949f41.jpg\" alt=\"\" class=\"wp-image-4190\" srcset=\"https:\/\/miraserra.org.br\/wp-content\/uploads\/2023\/05\/177b91e4b428685e4b92a32e6963b7a9319274a210749f280f62b069b4949f41.jpg 846w, https:\/\/miraserra.org.br\/wp-content\/uploads\/2023\/05\/177b91e4b428685e4b92a32e6963b7a9319274a210749f280f62b069b4949f41-300x109.jpg 300w, https:\/\/miraserra.org.br\/wp-content\/uploads\/2023\/05\/177b91e4b428685e4b92a32e6963b7a9319274a210749f280f62b069b4949f41-768x280.jpg 768w\" sizes=\"auto, (max-width: 846px) 100vw, 846px\" \/><\/figure>\n\n\n\n<figure class=\"wp-block-image size-full\"><img loading=\"lazy\" decoding=\"async\" width=\"1497\" height=\"554\" data-id=\"4198\" src=\"http:\/\/miraserra.org.br\/wp-content\/uploads\/2023\/05\/Screenshot_20230419_093629_Teams2-1.jpg\" alt=\"\" class=\"wp-image-4198\" srcset=\"https:\/\/miraserra.org.br\/wp-content\/uploads\/2023\/05\/Screenshot_20230419_093629_Teams2-1.jpg 1497w, https:\/\/miraserra.org.br\/wp-content\/uploads\/2023\/05\/Screenshot_20230419_093629_Teams2-1-300x111.jpg 300w, https:\/\/miraserra.org.br\/wp-content\/uploads\/2023\/05\/Screenshot_20230419_093629_Teams2-1-1024x379.jpg 1024w, https:\/\/miraserra.org.br\/wp-content\/uploads\/2023\/05\/Screenshot_20230419_093629_Teams2-1-768x284.jpg 768w\" sizes=\"auto, (max-width: 1497px) 100vw, 1497px\" \/><\/figure>\n<\/figure>\n\n\n\n<p class=\"has-text-align-center has-medium-font-size\"><strong>19\/4: Instituto MIRA-SERRA percebe dificuldade na participa\u00e7\u00e3o de entidades ambientalistas e de universidades na oficina (item 1 da pauta), considerando a exig\u00eancia de imers\u00e3o, por cinco dias seguidos, em Cambar\u00e1 do Sul.<\/strong><\/p>\n\n\n\n<p><\/p>\n\n\n\n<figure class=\"wp-block-image aligncenter size-full is-resized\"><img loading=\"lazy\" decoding=\"async\" src=\"http:\/\/miraserra.org.br\/wp-content\/uploads\/2023\/05\/Captura-de-Tela-3585.png\" alt=\"\" class=\"wp-image-4189\" width=\"562\" height=\"200\" srcset=\"https:\/\/miraserra.org.br\/wp-content\/uploads\/2023\/05\/Captura-de-Tela-3585.png 981w, https:\/\/miraserra.org.br\/wp-content\/uploads\/2023\/05\/Captura-de-Tela-3585-300x107.png 300w, https:\/\/miraserra.org.br\/wp-content\/uploads\/2023\/05\/Captura-de-Tela-3585-768x273.png 768w\" sizes=\"auto, (max-width: 562px) 100vw, 562px\" \/><\/figure>\n\n\n\n<figure class=\"wp-block-image aligncenter size-large is-resized is-style-rounded\"><img loading=\"lazy\" decoding=\"async\" src=\"http:\/\/miraserra.org.br\/wp-content\/uploads\/2023\/05\/Captura-de-Tela-3591-1024x415.png\" alt=\"\" class=\"wp-image-4188\" width=\"1225\" height=\"496\" srcset=\"https:\/\/miraserra.org.br\/wp-content\/uploads\/2023\/05\/Captura-de-Tela-3591-1024x415.png 1024w, https:\/\/miraserra.org.br\/wp-content\/uploads\/2023\/05\/Captura-de-Tela-3591-300x122.png 300w, https:\/\/miraserra.org.br\/wp-content\/uploads\/2023\/05\/Captura-de-Tela-3591-768x311.png 768w, https:\/\/miraserra.org.br\/wp-content\/uploads\/2023\/05\/Captura-de-Tela-3591.png 1335w\" sizes=\"auto, (max-width: 1225px) 100vw, 1225px\" \/><\/figure>\n\n\n\n<p class=\"has-text-align-center has-medium-font-size\"><strong>25\/4: Relato do Instituto MIRA-SERRA sobre o Programa &#8220;Planos Municipais\/Plano Regional de Conserva\u00e7\u00e3o e Recupera\u00e7\u00e3o da Mata Atl\u00e2ntica mo \u00e2mbito da Bacia Hidrogr\u00e1fica do Rio Ca\u00ed&#8221; &#8211; <\/strong><br><strong>coopera\u00e7\u00e3o com o Comit\u00ea de bacia e o Minist\u00e9rio P\u00fablico<\/strong><\/p>\n\n\n\n<figure class=\"wp-block-image aligncenter size-full is-resized\"><img loading=\"lazy\" decoding=\"async\" src=\"http:\/\/miraserra.org.br\/wp-content\/uploads\/2023\/05\/Captura-de-Tela-3603.png\" alt=\"\" class=\"wp-image-4187\" width=\"559\" height=\"343\" srcset=\"https:\/\/miraserra.org.br\/wp-content\/uploads\/2023\/05\/Captura-de-Tela-3603.png 975w, https:\/\/miraserra.org.br\/wp-content\/uploads\/2023\/05\/Captura-de-Tela-3603-300x184.png 300w, https:\/\/miraserra.org.br\/wp-content\/uploads\/2023\/05\/Captura-de-Tela-3603-768x472.png 768w\" sizes=\"auto, (max-width: 559px) 100vw, 559px\" \/><\/figure>\n\n\n\n<figure class=\"wp-block-image aligncenter size-large is-resized is-style-rounded\"><img loading=\"lazy\" decoding=\"async\" src=\"http:\/\/miraserra.org.br\/wp-content\/uploads\/2023\/05\/Captura-de-Tela-3613-1024x308.png\" alt=\"\" class=\"wp-image-4195\" width=\"1139\" height=\"342\" srcset=\"https:\/\/miraserra.org.br\/wp-content\/uploads\/2023\/05\/Captura-de-Tela-3613-1024x308.png 1024w, https:\/\/miraserra.org.br\/wp-content\/uploads\/2023\/05\/Captura-de-Tela-3613-300x90.png 300w, https:\/\/miraserra.org.br\/wp-content\/uploads\/2023\/05\/Captura-de-Tela-3613-768x231.png 768w, https:\/\/miraserra.org.br\/wp-content\/uploads\/2023\/05\/Captura-de-Tela-3613.png 1347w\" sizes=\"auto, (max-width: 1139px) 100vw, 1139px\" \/><\/figure>\n\n\n\n<p class=\"has-text-align-center has-medium-font-size\"><strong>26\/4: continua\u00e7\u00e3o das discuss\u00f5es do Planejamento Estrat\u00e9gico,<\/strong> <strong>estando previstas mais outras cinco reuni\u00f5es, antes da ser deliberado no Encontro Nacional do CN-RBMA, em novembro.<\/strong><\/p>\n\n\n\n<p><\/p>\n\n\n\n<figure class=\"wp-block-image size-large\"><img loading=\"lazy\" decoding=\"async\" width=\"643\" height=\"1024\" src=\"http:\/\/miraserra.org.br\/wp-content\/uploads\/2023\/05\/a451aa10db5ef1044222adf9b1e0bd85f994284ed6638e4092272585b3234351-643x1024.jpg\" alt=\"\" class=\"wp-image-4191\" srcset=\"https:\/\/miraserra.org.br\/wp-content\/uploads\/2023\/05\/a451aa10db5ef1044222adf9b1e0bd85f994284ed6638e4092272585b3234351-643x1024.jpg 643w, https:\/\/miraserra.org.br\/wp-content\/uploads\/2023\/05\/a451aa10db5ef1044222adf9b1e0bd85f994284ed6638e4092272585b3234351-188x300.jpg 188w, https:\/\/miraserra.org.br\/wp-content\/uploads\/2023\/05\/a451aa10db5ef1044222adf9b1e0bd85f994284ed6638e4092272585b3234351-768x1224.jpg 768w, https:\/\/miraserra.org.br\/wp-content\/uploads\/2023\/05\/a451aa10db5ef1044222adf9b1e0bd85f994284ed6638e4092272585b3234351-964x1536.jpg 964w, https:\/\/miraserra.org.br\/wp-content\/uploads\/2023\/05\/a451aa10db5ef1044222adf9b1e0bd85f994284ed6638e4092272585b3234351.jpg 1055w\" sizes=\"auto, (max-width: 643px) 100vw, 643px\" \/><\/figure>\n\n\n\n<p class=\"has-text-align-center has-medium-font-size\"><strong>27\/<\/strong>4: <strong>Conselho de Meio Ambiente\/COMAM-Porto Alegre:  a bi\u00f3loga (presidente da MIRA-SERRA) representando o CRBio-03, solicitou que seja trazido ao conselho a lei municipal que trata das APPs urbanas consolidadas e sobre a defini\u00e7\u00e3o das ilhas como sendo de ocupa\u00e7\u00e3o rarefeita. Se manifestou, tamb\u00e9m, quanto \u00e0 melhoria na pr\u00e1tica da arboriza\u00e7\u00e3o urbana, questionando quanto \u00e0 preserva\u00e7\u00e3o\/substitui\u00e7\u00e3o de exemplares inadequados ao local, bem como \u00e0s esp\u00e9cies ex\u00f3ticas em \u00e1reas de grande circula\u00e7\u00e3o &#8211; que se contrap\u00f5em \u00e0 educa\u00e7\u00e3o ambiental e aos corredores ecol\u00f3gicos urbanos, propostos pela gest\u00e3o municipal.<\/strong><\/p>\n","protected":false},"excerpt":{"rendered":"<p>ABRIL iniciando com perspectivas de muito trabalho: com retorno ao Conselho Deliberativo do FNMA e ao CONAMA (como suplente da<\/p>\n","protected":false},"author":1,"featured_media":4205,"comment_status":"closed","ping_status":"closed","sticky":false,"template":"","format":"standard","meta":{"colormag_page_container_layout":"default_layout","colormag_page_sidebar_layout":"default_layout","_themeisle_gutenberg_block_has_review":false,"footnotes":""},"categories":[89,32,55,59,56,58,37,73,35],"tags":[384,405,223,149,292,112,407,400,408,395],"class_list":["post-4183","post","type-post","status-publish","format-standard","has-post-thumbnail","hentry","category-cd-fnma","category-cn-rbma","category-colegiados","category-comites-de-bacia-hidrografica","category-conama","category-consema-rs","category-mata-atlantica","category-noticias","category-parnas","tag-app","tag-comam-porto-alegre","tag-comite-cai","tag-consema","tag-mata-atantica","tag-parques-nacionais","tag-pmma-porto-alegre","tag-pmma-prma-cai","tag-reunioes","tag-termeletrica"],"_links":{"self":[{"href":"https:\/\/miraserra.org.br\/index.php\/wp-json\/wp\/v2\/posts\/4183","targetHints":{"allow":["GET"]}}],"collection":[{"href":"https:\/\/miraserra.org.br\/index.php\/wp-json\/wp\/v2\/posts"}],"about":[{"href":"https:\/\/miraserra.org.br\/index.php\/wp-json\/wp\/v2\/types\/post"}],"author":[{"embeddable":true,"href":"https:\/\/miraserra.org.br\/index.php\/wp-json\/wp\/v2\/users\/1"}],"replies":[{"embeddable":true,"href":"https:\/\/miraserra.org.br\/index.php\/wp-json\/wp\/v2\/comments?post=4183"}],"version-history":[{"count":1,"href":"https:\/\/miraserra.org.br\/index.php\/wp-json\/wp\/v2\/posts\/4183\/revisions"}],"predecessor-version":[{"id":4206,"href":"https:\/\/miraserra.org.br\/index.php\/wp-json\/wp\/v2\/posts\/4183\/revisions\/4206"}],"wp:featuredmedia":[{"embeddable":true,"href":"https:\/\/miraserra.org.br\/index.php\/wp-json\/wp\/v2\/media\/4205"}],"wp:attachment":[{"href":"https:\/\/miraserra.org.br\/index.php\/wp-json\/wp\/v2\/media?parent=4183"}],"wp:term":[{"taxonomy":"category","embeddable":true,"href":"https:\/\/miraserra.org.br\/index.php\/wp-json\/wp\/v2\/categories?post=4183"},{"taxonomy":"post_tag","embeddable":true,"href":"https:\/\/miraserra.org.br\/index.php\/wp-json\/wp\/v2\/tags?post=4183"}],"curies":[{"name":"wp","href":"https:\/\/api.w.org\/{rel}","templated":true}]}}