{"id":4236,"date":"2023-07-30T16:12:50","date_gmt":"2023-07-30T19:12:50","guid":{"rendered":"https:\/\/miraserra.org.br\/?p=4236"},"modified":"2023-10-12T16:20:42","modified_gmt":"2023-10-12T19:20:42","slug":"encerrando-o-mes-de-julho-2023","status":"publish","type":"post","link":"https:\/\/miraserra.org.br\/index.php\/2023\/07\/30\/encerrando-o-mes-de-julho-2023\/","title":{"rendered":"Encerrando o m\u00eas de julho\/2023"},"content":{"rendered":"\n<p class=\"has-medium-font-size\">A demanda desse final de julho se concentrou em S\u00e3o Francisco de Paula.<\/p>\n\n\n\n<p class=\"has-medium-font-size\">Al\u00e9m de mais registros de danos ambientais, foram realizadas atividades no N\u00facleo de Educa\u00e7\u00e3o Ambiental MIRA-SERRA\/PARBMA\/Mab-UNESCO em parceria com a Pousada Terra do Sempre.<\/p>\n\n\n\n<p class=\"has-medium-font-size\"> Est\u00e1 em curso mais uma frente, in\u00e9dita no munic\u00edpio, visando \u00e0 conserva\u00e7\u00e3o da biodiversidade da Mata Atl\u00e2ntica&#8230;em breve!<\/p>\n\n\n\n<figure class=\"wp-block-image size-large\"><img loading=\"lazy\" decoding=\"async\" width=\"1024\" height=\"480\" src=\"https:\/\/miraserra.org.br\/wp-content\/uploads\/2023\/10\/image-4-1024x480.png\" alt=\"\" class=\"wp-image-4238\" srcset=\"https:\/\/miraserra.org.br\/wp-content\/uploads\/2023\/10\/image-4-1024x480.png 1024w, https:\/\/miraserra.org.br\/wp-content\/uploads\/2023\/10\/image-4-300x141.png 300w, https:\/\/miraserra.org.br\/wp-content\/uploads\/2023\/10\/image-4-768x360.png 768w, https:\/\/miraserra.org.br\/wp-content\/uploads\/2023\/10\/image-4-1536x720.png 1536w, https:\/\/miraserra.org.br\/wp-content\/uploads\/2023\/10\/image-4.png 2048w\" sizes=\"auto, (max-width: 1024px) 100vw, 1024px\" \/><\/figure>\n\n\n\n<p class=\"has-medium-font-size\">N\u00facleo de Educa\u00e7\u00e3o Ambiental MIRA-SERRA\/PARBMA\/MaB-UNESCO em parceria com o a Pousada Terra do Sempre. A imagem dispensa coment\u00e1rios!&nbsp;<\/p>\n\n\n\n<figure class=\"wp-block-image size-large\"><img loading=\"lazy\" decoding=\"async\" width=\"769\" height=\"1024\" src=\"https:\/\/miraserra.org.br\/wp-content\/uploads\/2023\/10\/image-3-769x1024.png\" alt=\"\" class=\"wp-image-4237\" srcset=\"https:\/\/miraserra.org.br\/wp-content\/uploads\/2023\/10\/image-3-769x1024.png 769w, https:\/\/miraserra.org.br\/wp-content\/uploads\/2023\/10\/image-3-225x300.png 225w, https:\/\/miraserra.org.br\/wp-content\/uploads\/2023\/10\/image-3-768x1023.png 768w, https:\/\/miraserra.org.br\/wp-content\/uploads\/2023\/10\/image-3-1153x1536.png 1153w, https:\/\/miraserra.org.br\/wp-content\/uploads\/2023\/10\/image-3.png 1537w\" sizes=\"auto, (max-width: 769px) 100vw, 769px\" \/><\/figure>\n\n\n\n<p class=\"has-medium-font-size\">N\u00facleo de Educa\u00e7\u00e3o Ambiental MIRA-SERRA\/PARBMA\/MaB-UNESCO em parceria com a Pousada Terra do Sempre. A imagem dispensa coment\u00e1rios!\u00a0<\/p>\n\n\n\n<figure class=\"wp-block-image aligncenter size-large\"><img loading=\"lazy\" decoding=\"async\" width=\"1024\" height=\"615\" src=\"https:\/\/miraserra.org.br\/wp-content\/uploads\/2023\/10\/image-5-1024x615.png\" alt=\"\" class=\"wp-image-4239\" srcset=\"https:\/\/miraserra.org.br\/wp-content\/uploads\/2023\/10\/image-5-1024x615.png 1024w, https:\/\/miraserra.org.br\/wp-content\/uploads\/2023\/10\/image-5-300x180.png 300w, https:\/\/miraserra.org.br\/wp-content\/uploads\/2023\/10\/image-5-768x461.png 768w, https:\/\/miraserra.org.br\/wp-content\/uploads\/2023\/10\/image-5-1536x922.png 1536w, https:\/\/miraserra.org.br\/wp-content\/uploads\/2023\/10\/image-5.png 2048w\" sizes=\"auto, (max-width: 1024px) 100vw, 1024px\" \/><\/figure>\n\n\n\n<p class=\"has-medium-font-size\">Criatividade com reciclagem na confec\u00e7\u00e3o de placas de identifica\u00e7\u00e3o (ainda sem retoques), para mudas de \u00e1rvores plantadas no <strong>2\u00b0 Bosque da Mem\u00f3ria que estamos implementando.<\/strong><\/p>\n\n\n\n<figure class=\"wp-block-gallery has-nested-images columns-default is-cropped wp-block-gallery-1 is-layout-flex wp-block-gallery-is-layout-flex\">\n<figure class=\"wp-block-image size-large\"><img loading=\"lazy\" decoding=\"async\" width=\"473\" height=\"1024\" data-id=\"4240\" src=\"https:\/\/miraserra.org.br\/wp-content\/uploads\/2023\/10\/image-6-473x1024.png\" alt=\"\" class=\"wp-image-4240\" srcset=\"https:\/\/miraserra.org.br\/wp-content\/uploads\/2023\/10\/image-6-473x1024.png 473w, https:\/\/miraserra.org.br\/wp-content\/uploads\/2023\/10\/image-6-139x300.png 139w, https:\/\/miraserra.org.br\/wp-content\/uploads\/2023\/10\/image-6-768x1663.png 768w, https:\/\/miraserra.org.br\/wp-content\/uploads\/2023\/10\/image-6-710x1536.png 710w, https:\/\/miraserra.org.br\/wp-content\/uploads\/2023\/10\/image-6.png 946w\" sizes=\"auto, (max-width: 473px) 100vw, 473px\" \/><\/figure>\n\n\n\n<figure class=\"wp-block-image size-large\"><img loading=\"lazy\" decoding=\"async\" width=\"473\" height=\"1024\" data-id=\"4241\" src=\"https:\/\/miraserra.org.br\/wp-content\/uploads\/2023\/10\/image-7-473x1024.png\" alt=\"\" class=\"wp-image-4241\" srcset=\"https:\/\/miraserra.org.br\/wp-content\/uploads\/2023\/10\/image-7-473x1024.png 473w, https:\/\/miraserra.org.br\/wp-content\/uploads\/2023\/10\/image-7-139x300.png 139w, https:\/\/miraserra.org.br\/wp-content\/uploads\/2023\/10\/image-7-768x1663.png 768w, https:\/\/miraserra.org.br\/wp-content\/uploads\/2023\/10\/image-7-710x1536.png 710w, https:\/\/miraserra.org.br\/wp-content\/uploads\/2023\/10\/image-7.png 946w\" sizes=\"auto, (max-width: 473px) 100vw, 473px\" \/><\/figure>\n<\/figure>\n\n\n\n<p class=\"has-medium-font-size\">Na esquerda:  Colmeia de abelhas sem ferr\u00e3o, conhecida por Tubuna. Agradecemos \u00e0 dra. Betina Blochtein pela confirma\u00e7\u00e3o da identidade do achado.<\/p>\n\n\n\n<p class=\"has-medium-font-size\">Na direita: Encontre o <em>Zonotrichia capensis<\/em> (Tico-tico)!<img loading=\"lazy\" decoding=\"async\" height=\"16\" width=\"16\" src=\"https:\/\/static.xx.fbcdn.net\/images\/emoji.php\/v9\/t1a\/1.5\/16\/1f50d.png\" alt=\"\ud83d\udd0d\"><\/p>\n","protected":false},"excerpt":{"rendered":"<p>A demanda desse final de julho se concentrou em S\u00e3o Francisco de Paula. Al\u00e9m de mais registros de danos ambientais,<\/p>\n","protected":false},"author":1,"featured_media":4239,"comment_status":"closed","ping_status":"closed","sticky":false,"template":"","format":"standard","meta":{"colormag_page_container_layout":"no_sidebar_full_width","colormag_page_sidebar_layout":"right_sidebar","_themeisle_gutenberg_block_has_review":false,"footnotes":""},"categories":[338,411,60,195],"tags":[375,412,183,414,288,413,108,377],"class_list":["post-4236","post","type-post","status-publish","format-standard","has-post-thumbnail","hentry","category-bosque-da-memoria","category-nucea-parbma-mira-serra","category-principais","category-sao-francisco-de-paula","tag-bosque-da-memoria","tag-educacao-ambiental","tag-mira-serra","tag-parbma","tag-posto-avancado","tag-pousada","tag-sao-francisco-de-paula","tag-terra-do-sempre"],"_links":{"self":[{"href":"https:\/\/miraserra.org.br\/index.php\/wp-json\/wp\/v2\/posts\/4236","targetHints":{"allow":["GET"]}}],"collection":[{"href":"https:\/\/miraserra.org.br\/index.php\/wp-json\/wp\/v2\/posts"}],"about":[{"href":"https:\/\/miraserra.org.br\/index.php\/wp-json\/wp\/v2\/types\/post"}],"author":[{"embeddable":true,"href":"https:\/\/miraserra.org.br\/index.php\/wp-json\/wp\/v2\/users\/1"}],"replies":[{"embeddable":true,"href":"https:\/\/miraserra.org.br\/index.php\/wp-json\/wp\/v2\/comments?post=4236"}],"version-history":[{"count":3,"href":"https:\/\/miraserra.org.br\/index.php\/wp-json\/wp\/v2\/posts\/4236\/revisions"}],"predecessor-version":[{"id":4245,"href":"https:\/\/miraserra.org.br\/index.php\/wp-json\/wp\/v2\/posts\/4236\/revisions\/4245"}],"wp:featuredmedia":[{"embeddable":true,"href":"https:\/\/miraserra.org.br\/index.php\/wp-json\/wp\/v2\/media\/4239"}],"wp:attachment":[{"href":"https:\/\/miraserra.org.br\/index.php\/wp-json\/wp\/v2\/media?parent=4236"}],"wp:term":[{"taxonomy":"category","embeddable":true,"href":"https:\/\/miraserra.org.br\/index.php\/wp-json\/wp\/v2\/categories?post=4236"},{"taxonomy":"post_tag","embeddable":true,"href":"https:\/\/miraserra.org.br\/index.php\/wp-json\/wp\/v2\/tags?post=4236"}],"curies":[{"name":"wp","href":"https:\/\/api.w.org\/{rel}","templated":true}]}}