{"id":4247,"date":"2023-05-27T16:40:13","date_gmt":"2023-05-27T19:40:13","guid":{"rendered":"https:\/\/miraserra.org.br\/?p=4247"},"modified":"2023-10-12T21:02:32","modified_gmt":"2023-10-13T00:02:32","slug":"em-implementacao-o-2o-bosque-da-memoria","status":"publish","type":"post","link":"https:\/\/miraserra.org.br\/index.php\/2023\/05\/27\/em-implementacao-o-2o-bosque-da-memoria\/","title":{"rendered":"Em implementa\u00e7\u00e3o: o 2\u00ba Bosque da Mem\u00f3ria"},"content":{"rendered":"\n<p class=\"has-medium-font-size\">Ainda em etapas iniciais, surge o segundo Bosque da Mem\u00f3ria, com  a parceria do Instituto MIRA-SERRA &#8211; em S\u00e3o Francisco de Paula \/RS. O primeiro Bosque da Mem\u00f3ria est\u00e1 em Ivor\u00e1\/RS.<\/p>\n\n\n\n<p class=\"has-medium-font-size\">Mudas de Cincho, Ing\u00e1 e Aroeira foram plantadas na Pousada Terra do Sempre para cria\u00e7\u00e3o de outro Bosque da Mem\u00f3ria, em parceria do Instituto MIRA-SERRA<\/p>\n\n\n\n<p class=\"has-medium-font-size\">Saiba mais:<br>1) <a rel=\"noreferrer noopener\" href=\"http:\/\/miraserra.org.br\/index.php\/2021\/05\/04\/ivora-implementa-seu-bosque-da-memoria\/?fbclid=IwAR2-o7dKJTrhVs6S96u84mA7_n1owKvoLo93Tabd3qdVb0qxDI1UrwTn7U0\" target=\"_blank\">http:\/\/miraserra.org.br\/&#8230;\/ivora-implementa-seu-bosque&#8230;\/<\/a><br>2) <a rel=\"noreferrer noopener\" href=\"https:\/\/l.facebook.com\/l.php?u=https%3A%2F%2Ffb.watch%2FkRcmm9P-g_%2F%3Fmibextid%3DNif5oz%26fbclid%3DIwAR3qnOdWDOXWE0WeTh7zSNDOzHV8q1jRx14InAo_uxU9oWPV5bLnWf20nLc&amp;h=AT3CUpLTgksJux44F5IvtYr-lTc8x81evQASX35zmW6W54GiVuCn68dmkhxomLSfDdSltiYUABPf2UM_zNj0Kr_9jp565kvLyqLKlqmwAntb4Vy4JjLe8vvhorW6rW8zX_TbKvJ4TqS75evGb3r1TA&amp;__tn__=-UK*F\" target=\"_blank\">https:\/\/fb.watch\/kRcmm9P-g_\/?mibextid=Nif5oz<\/a><\/p>\n\n\n\n<figure class=\"wp-block-gallery has-nested-images columns-default is-cropped wp-block-gallery-1 is-layout-flex wp-block-gallery-is-layout-flex\">\n<figure class=\"wp-block-image size-large\"><img loading=\"lazy\" decoding=\"async\" width=\"768\" height=\"1024\" data-id=\"4249\" src=\"https:\/\/miraserra.org.br\/wp-content\/uploads\/2023\/10\/image-9-768x1024.png\" alt=\"\" class=\"wp-image-4249\" srcset=\"https:\/\/miraserra.org.br\/wp-content\/uploads\/2023\/10\/image-9-768x1024.png 768w, https:\/\/miraserra.org.br\/wp-content\/uploads\/2023\/10\/image-9-225x300.png 225w, https:\/\/miraserra.org.br\/wp-content\/uploads\/2023\/10\/image-9-1152x1536.png 1152w, https:\/\/miraserra.org.br\/wp-content\/uploads\/2023\/10\/image-9.png 1536w\" sizes=\"auto, (max-width: 768px) 100vw, 768px\" \/><\/figure>\n\n\n\n<figure class=\"wp-block-image size-large\"><img loading=\"lazy\" decoding=\"async\" width=\"768\" height=\"1024\" data-id=\"4250\" src=\"https:\/\/miraserra.org.br\/wp-content\/uploads\/2023\/10\/image-10-768x1024.png\" alt=\"\" class=\"wp-image-4250\" srcset=\"https:\/\/miraserra.org.br\/wp-content\/uploads\/2023\/10\/image-10-768x1024.png 768w, https:\/\/miraserra.org.br\/wp-content\/uploads\/2023\/10\/image-10-225x300.png 225w, https:\/\/miraserra.org.br\/wp-content\/uploads\/2023\/10\/image-10-1152x1536.png 1152w, https:\/\/miraserra.org.br\/wp-content\/uploads\/2023\/10\/image-10.png 1536w\" sizes=\"auto, (max-width: 768px) 100vw, 768px\" \/><\/figure>\n<\/figure>\n\n\n\n<figure class=\"wp-block-image size-large\"><img loading=\"lazy\" decoding=\"async\" width=\"1024\" height=\"615\" src=\"https:\/\/miraserra.org.br\/wp-content\/uploads\/2023\/10\/image-8-1024x615.png\" alt=\"\" class=\"wp-image-4248\" srcset=\"https:\/\/miraserra.org.br\/wp-content\/uploads\/2023\/10\/image-8-1024x615.png 1024w, https:\/\/miraserra.org.br\/wp-content\/uploads\/2023\/10\/image-8-300x180.png 300w, https:\/\/miraserra.org.br\/wp-content\/uploads\/2023\/10\/image-8-768x461.png 768w, https:\/\/miraserra.org.br\/wp-content\/uploads\/2023\/10\/image-8-1536x922.png 1536w, https:\/\/miraserra.org.br\/wp-content\/uploads\/2023\/10\/image-8.png 2048w\" sizes=\"auto, (max-width: 1024px) 100vw, 1024px\" \/><\/figure>\n\n\n\n<p class=\"has-medium-font-size\">Criatividade com reciclagem na confec\u00e7\u00e3o de placas de identifica\u00e7\u00e3o (ainda sem retoques), para mudas de \u00e1rvores plantadas no 2\u00b0 Bosque da Mem\u00f3ria que estamos implementando.<\/p>\n\n\n\n<p><\/p>\n\n\n\n<p><\/p>\n","protected":false},"excerpt":{"rendered":"<p>Ainda em etapas iniciais, surge o segundo Bosque da Mem\u00f3ria, com a parceria do Instituto MIRA-SERRA &#8211; em S\u00e3o Francisco<\/p>\n","protected":false},"author":1,"featured_media":4238,"comment_status":"closed","ping_status":"closed","sticky":false,"template":"","format":"standard","meta":{"colormag_page_container_layout":"default_layout","colormag_page_sidebar_layout":"default_layout","_themeisle_gutenberg_block_has_review":false,"footnotes":""},"categories":[426,1],"tags":[375,154,183,409,414,413,108,377],"class_list":["post-4247","post","type-post","status-publish","format-standard","has-post-thumbnail","hentry","category-bosque-da-memoria-nucea","category-menu","tag-bosque-da-memoria","tag-flora","tag-mira-serra","tag-nucea-mira-serra","tag-parbma","tag-pousada","tag-sao-francisco-de-paula","tag-terra-do-sempre"],"_links":{"self":[{"href":"https:\/\/miraserra.org.br\/index.php\/wp-json\/wp\/v2\/posts\/4247","targetHints":{"allow":["GET"]}}],"collection":[{"href":"https:\/\/miraserra.org.br\/index.php\/wp-json\/wp\/v2\/posts"}],"about":[{"href":"https:\/\/miraserra.org.br\/index.php\/wp-json\/wp\/v2\/types\/post"}],"author":[{"embeddable":true,"href":"https:\/\/miraserra.org.br\/index.php\/wp-json\/wp\/v2\/users\/1"}],"replies":[{"embeddable":true,"href":"https:\/\/miraserra.org.br\/index.php\/wp-json\/wp\/v2\/comments?post=4247"}],"version-history":[{"count":1,"href":"https:\/\/miraserra.org.br\/index.php\/wp-json\/wp\/v2\/posts\/4247\/revisions"}],"predecessor-version":[{"id":4251,"href":"https:\/\/miraserra.org.br\/index.php\/wp-json\/wp\/v2\/posts\/4247\/revisions\/4251"}],"wp:featuredmedia":[{"embeddable":true,"href":"https:\/\/miraserra.org.br\/index.php\/wp-json\/wp\/v2\/media\/4238"}],"wp:attachment":[{"href":"https:\/\/miraserra.org.br\/index.php\/wp-json\/wp\/v2\/media?parent=4247"}],"wp:term":[{"taxonomy":"category","embeddable":true,"href":"https:\/\/miraserra.org.br\/index.php\/wp-json\/wp\/v2\/categories?post=4247"},{"taxonomy":"post_tag","embeddable":true,"href":"https:\/\/miraserra.org.br\/index.php\/wp-json\/wp\/v2\/tags?post=4247"}],"curies":[{"name":"wp","href":"https:\/\/api.w.org\/{rel}","templated":true}]}}