{"id":4257,"date":"2023-08-31T23:32:18","date_gmt":"2023-09-01T02:32:18","guid":{"rendered":"https:\/\/miraserra.org.br\/?p=4257"},"modified":"2023-10-12T17:34:26","modified_gmt":"2023-10-12T20:34:26","slug":"iii-forum-interconselhos","status":"publish","type":"post","link":"https:\/\/miraserra.org.br\/index.php\/2023\/08\/31\/iii-forum-interconselhos\/","title":{"rendered":"III F\u00f3rum Interconselhos"},"content":{"rendered":"\n<h1 class=\"wp-block-heading has-light-green-cyan-background-color has-background has-medium-font-size\"><strong>Integrando as vagas aos conselheiros da sociedade civil, pelo CONAMA, o Instituto MIRA-SERRA (suplente da ACAPRENA-SC) participou do III Forum Interconselhos \/ Plano Plurianual Participativo.<\/strong><\/h1>\n\n\n\n<h1 class=\"wp-block-heading has-light-green-cyan-background-color has-background has-medium-font-size\"><strong>A programa\u00e7\u00e3o do evento foi densa e extensa (29 a 31\/8\/2023). Contudo, foi poss\u00edvel rever amigos, trocar experi\u00eancias, buscar apoios para a causa ambiental, etc.<\/strong><\/h1>\n\n\n\n<figure class=\"wp-block-image size-large is-resized\"><img loading=\"lazy\" decoding=\"async\" src=\"https:\/\/miraserra.org.br\/wp-content\/uploads\/2023\/10\/image-14-1024x1024.png\" alt=\"\" class=\"wp-image-4258\" style=\"width:859px;height:859px\" width=\"859\" height=\"859\" srcset=\"https:\/\/miraserra.org.br\/wp-content\/uploads\/2023\/10\/image-14-1024x1024.png 1024w, https:\/\/miraserra.org.br\/wp-content\/uploads\/2023\/10\/image-14-300x300.png 300w, https:\/\/miraserra.org.br\/wp-content\/uploads\/2023\/10\/image-14-150x150.png 150w, https:\/\/miraserra.org.br\/wp-content\/uploads\/2023\/10\/image-14-768x768.png 768w, https:\/\/miraserra.org.br\/wp-content\/uploads\/2023\/10\/image-14.png 1440w\" sizes=\"auto, (max-width: 859px) 100vw, 859px\" \/><\/figure>\n\n\n\n<figure class=\"wp-block-image size-large\"><img loading=\"lazy\" decoding=\"async\" width=\"1024\" height=\"1024\" src=\"https:\/\/miraserra.org.br\/wp-content\/uploads\/2023\/10\/image-15-1024x1024.png\" alt=\"\" class=\"wp-image-4259\" srcset=\"https:\/\/miraserra.org.br\/wp-content\/uploads\/2023\/10\/image-15-1024x1024.png 1024w, https:\/\/miraserra.org.br\/wp-content\/uploads\/2023\/10\/image-15-300x300.png 300w, https:\/\/miraserra.org.br\/wp-content\/uploads\/2023\/10\/image-15-150x150.png 150w, https:\/\/miraserra.org.br\/wp-content\/uploads\/2023\/10\/image-15-768x768.png 768w, https:\/\/miraserra.org.br\/wp-content\/uploads\/2023\/10\/image-15.png 1337w\" sizes=\"auto, (max-width: 1024px) 100vw, 1024px\" \/><\/figure>\n\n\n\n<figure class=\"wp-block-image size-large\"><img loading=\"lazy\" decoding=\"async\" width=\"1024\" height=\"593\" src=\"https:\/\/miraserra.org.br\/wp-content\/uploads\/2023\/10\/image-22-1024x593.png\" alt=\"\" class=\"wp-image-4266\" srcset=\"https:\/\/miraserra.org.br\/wp-content\/uploads\/2023\/10\/image-22-1024x593.png 1024w, https:\/\/miraserra.org.br\/wp-content\/uploads\/2023\/10\/image-22-300x174.png 300w, https:\/\/miraserra.org.br\/wp-content\/uploads\/2023\/10\/image-22-768x444.png 768w, https:\/\/miraserra.org.br\/wp-content\/uploads\/2023\/10\/image-22-1536x889.png 1536w, https:\/\/miraserra.org.br\/wp-content\/uploads\/2023\/10\/image-22.png 2048w\" sizes=\"auto, (max-width: 1024px) 100vw, 1024px\" \/><\/figure>\n\n\n\n<p class=\"has-medium-font-size\">Impressionou:  bons resultados apresentados na devolutiva sobre a participa\u00e7\u00e3o social na elabora\u00e7\u00e3o do PPA. <br>Integrantes do Congresso Nacional se fizeram presentes.<\/p>\n\n\n\n<figure class=\"wp-block-image size-large is-resized\"><img loading=\"lazy\" decoding=\"async\" src=\"https:\/\/miraserra.org.br\/wp-content\/uploads\/2023\/10\/image-18-817x1024.png\" alt=\"\" class=\"wp-image-4262\" style=\"width:727px;height:911px\" width=\"727\" height=\"911\" srcset=\"https:\/\/miraserra.org.br\/wp-content\/uploads\/2023\/10\/image-18-817x1024.png 817w, https:\/\/miraserra.org.br\/wp-content\/uploads\/2023\/10\/image-18-239x300.png 239w, https:\/\/miraserra.org.br\/wp-content\/uploads\/2023\/10\/image-18-768x963.png 768w, https:\/\/miraserra.org.br\/wp-content\/uploads\/2023\/10\/image-18-1225x1536.png 1225w, https:\/\/miraserra.org.br\/wp-content\/uploads\/2023\/10\/image-18.png 1585w\" sizes=\"auto, (max-width: 727px) 100vw, 727px\" \/><\/figure>\n\n\n\n<p class=\"has-medium-font-size\">Construindo pontes para ajudar a Mata Atl\u00e2ntica nos seus 17 Estados.<\/p>\n\n\n\n<figure class=\"wp-block-gallery has-nested-images columns-default is-cropped wp-block-gallery-1 is-layout-flex wp-block-gallery-is-layout-flex\">\n<figure class=\"wp-block-image size-large\"><img loading=\"lazy\" decoding=\"async\" width=\"576\" height=\"576\" data-id=\"4260\" src=\"https:\/\/miraserra.org.br\/wp-content\/uploads\/2023\/10\/image-16.png\" alt=\"\" class=\"wp-image-4260\" srcset=\"https:\/\/miraserra.org.br\/wp-content\/uploads\/2023\/10\/image-16.png 576w, https:\/\/miraserra.org.br\/wp-content\/uploads\/2023\/10\/image-16-300x300.png 300w, https:\/\/miraserra.org.br\/wp-content\/uploads\/2023\/10\/image-16-150x150.png 150w\" sizes=\"auto, (max-width: 576px) 100vw, 576px\" \/><\/figure>\n<\/figure>\n\n\n\n<p><\/p>\n\n\n\n<figure class=\"wp-block-image size-large\"><img loading=\"lazy\" decoding=\"async\" width=\"1024\" height=\"461\" src=\"https:\/\/miraserra.org.br\/wp-content\/uploads\/2023\/10\/image-19-1024x461.png\" alt=\"\" class=\"wp-image-4263\" srcset=\"https:\/\/miraserra.org.br\/wp-content\/uploads\/2023\/10\/image-19-1024x461.png 1024w, https:\/\/miraserra.org.br\/wp-content\/uploads\/2023\/10\/image-19-300x135.png 300w, https:\/\/miraserra.org.br\/wp-content\/uploads\/2023\/10\/image-19-768x346.png 768w, https:\/\/miraserra.org.br\/wp-content\/uploads\/2023\/10\/image-19-1536x691.png 1536w, https:\/\/miraserra.org.br\/wp-content\/uploads\/2023\/10\/image-19.png 1600w\" sizes=\"auto, (max-width: 1024px) 100vw, 1024px\" \/><\/figure>\n\n\n\n<p class=\"has-medium-font-size\">Oportunidade para rever amigos conectados com a causa ambiental<\/p>\n\n\n\n<figure class=\"wp-block-image size-large is-resized\"><img loading=\"lazy\" decoding=\"async\" src=\"https:\/\/miraserra.org.br\/wp-content\/uploads\/2023\/10\/image-21-1024x473.png\" alt=\"\" class=\"wp-image-4265\" style=\"width:1138px;height:526px\" width=\"1138\" height=\"526\" srcset=\"https:\/\/miraserra.org.br\/wp-content\/uploads\/2023\/10\/image-21-1024x473.png 1024w, https:\/\/miraserra.org.br\/wp-content\/uploads\/2023\/10\/image-21-300x139.png 300w, https:\/\/miraserra.org.br\/wp-content\/uploads\/2023\/10\/image-21-768x355.png 768w, https:\/\/miraserra.org.br\/wp-content\/uploads\/2023\/10\/image-21-1536x710.png 1536w, https:\/\/miraserra.org.br\/wp-content\/uploads\/2023\/10\/image-21.png 2048w\" sizes=\"auto, (max-width: 1138px) 100vw, 1138px\" \/><\/figure>\n\n\n\n<p class=\"has-medium-font-size\">Passando do Executivo ao Legislativo: 76,5% das propostas mais votadas na plataforma, que s\u00e3o escopo do PPA, foram incorporadas ao Projeto de Lei <\/p>\n\n\n\n<figure class=\"wp-block-image size-large\"><img loading=\"lazy\" decoding=\"async\" width=\"888\" height=\"1024\" src=\"https:\/\/miraserra.org.br\/wp-content\/uploads\/2023\/10\/image-23-888x1024.png\" alt=\"\" class=\"wp-image-4267\" srcset=\"https:\/\/miraserra.org.br\/wp-content\/uploads\/2023\/10\/image-23-888x1024.png 888w, https:\/\/miraserra.org.br\/wp-content\/uploads\/2023\/10\/image-23-260x300.png 260w, https:\/\/miraserra.org.br\/wp-content\/uploads\/2023\/10\/image-23-768x886.png 768w, https:\/\/miraserra.org.br\/wp-content\/uploads\/2023\/10\/image-23.png 1080w\" sizes=\"auto, (max-width: 888px) 100vw, 888px\" \/><\/figure>\n","protected":false},"excerpt":{"rendered":"<p>Integrando as vagas aos conselheiros da sociedade civil, pelo CONAMA, o Instituto MIRA-SERRA (suplente da ACAPRENA-SC) participou do III Forum<\/p>\n","protected":false},"author":1,"featured_media":4267,"comment_status":"closed","ping_status":"closed","sticky":false,"template":"","format":"standard","meta":{"colormag_page_container_layout":"default_layout","colormag_page_sidebar_layout":"default_layout","_themeisle_gutenberg_block_has_review":false,"footnotes":""},"categories":[55,56,73,60],"tags":[415,275,416,417,418],"class_list":["post-4257","post","type-post","status-publish","format-standard","has-post-thumbnail","hentry","category-colegiados","category-conama","category-noticias","category-principais","tag-brasilia","tag-conama","tag-forum","tag-interconselhos","tag-ppa"],"_links":{"self":[{"href":"https:\/\/miraserra.org.br\/index.php\/wp-json\/wp\/v2\/posts\/4257","targetHints":{"allow":["GET"]}}],"collection":[{"href":"https:\/\/miraserra.org.br\/index.php\/wp-json\/wp\/v2\/posts"}],"about":[{"href":"https:\/\/miraserra.org.br\/index.php\/wp-json\/wp\/v2\/types\/post"}],"author":[{"embeddable":true,"href":"https:\/\/miraserra.org.br\/index.php\/wp-json\/wp\/v2\/users\/1"}],"replies":[{"embeddable":true,"href":"https:\/\/miraserra.org.br\/index.php\/wp-json\/wp\/v2\/comments?post=4257"}],"version-history":[{"count":2,"href":"https:\/\/miraserra.org.br\/index.php\/wp-json\/wp\/v2\/posts\/4257\/revisions"}],"predecessor-version":[{"id":4269,"href":"https:\/\/miraserra.org.br\/index.php\/wp-json\/wp\/v2\/posts\/4257\/revisions\/4269"}],"wp:featuredmedia":[{"embeddable":true,"href":"https:\/\/miraserra.org.br\/index.php\/wp-json\/wp\/v2\/media\/4267"}],"wp:attachment":[{"href":"https:\/\/miraserra.org.br\/index.php\/wp-json\/wp\/v2\/media?parent=4257"}],"wp:term":[{"taxonomy":"category","embeddable":true,"href":"https:\/\/miraserra.org.br\/index.php\/wp-json\/wp\/v2\/categories?post=4257"},{"taxonomy":"post_tag","embeddable":true,"href":"https:\/\/miraserra.org.br\/index.php\/wp-json\/wp\/v2\/tags?post=4257"}],"curies":[{"name":"wp","href":"https:\/\/api.w.org\/{rel}","templated":true}]}}