{"id":4303,"date":"2023-10-13T22:09:05","date_gmt":"2023-10-14T01:09:05","guid":{"rendered":"https:\/\/miraserra.org.br\/?p=4303"},"modified":"2023-10-13T22:27:46","modified_gmt":"2023-10-14T01:27:46","slug":"as-ultimas-florestas-com-araucarias","status":"publish","type":"post","link":"https:\/\/miraserra.org.br\/index.php\/2023\/10\/13\/as-ultimas-florestas-com-araucarias\/","title":{"rendered":"AS \u00daLTIMAS FLORESTAS COM ARAUC\u00c1RIAS"},"content":{"rendered":"\n<figure class=\"wp-block-embed is-type-video is-provider-youtube wp-block-embed-youtube wp-embed-aspect-16-9 wp-has-aspect-ratio\"><div class=\"wp-block-embed__wrapper\">\n<iframe loading=\"lazy\" title=\"As \u00faltimas Florestas com Arauc\u00e1rias\" width=\"800\" height=\"450\" src=\"https:\/\/www.youtube.com\/embed\/i7OtG0NifYA?feature=oembed\" frameborder=\"0\" allow=\"accelerometer; autoplay; clipboard-write; encrypted-media; gyroscope; picture-in-picture; web-share\" allowfullscreen><\/iframe>\n<\/div><\/figure>\n\n\n\n<p class=\"has-text-align-center has-white-color has-light-green-cyan-to-vivid-green-cyan-gradient-background has-text-color has-background has-medium-font-size\"><strong>  <a href=\"https:\/\/ultimasflorestas.eco.br\/\"><em><strong>Assine a PETI\u00c7\u00c3O <\/strong><\/em><\/a><\/strong><strong><a href=\"https:\/\/ultimasflorestas.eco.br\/\"> <\/a>pela conserva\u00e7\u00e3o dessa Floresta <\/strong><br><strong>com Arauc\u00e1rias em Passo Fundo, RS<\/strong><\/p>\n\n\n\n<figure class=\"wp-block-image size-large\"><img loading=\"lazy\" decoding=\"async\" width=\"1024\" height=\"232\" src=\"https:\/\/miraserra.org.br\/wp-content\/uploads\/2023\/10\/campanha-NPN-1024x232.jpg\" alt=\"\" class=\"wp-image-4305\" srcset=\"https:\/\/miraserra.org.br\/wp-content\/uploads\/2023\/10\/campanha-NPN-1024x232.jpg 1024w, https:\/\/miraserra.org.br\/wp-content\/uploads\/2023\/10\/campanha-NPN-300x68.jpg 300w, https:\/\/miraserra.org.br\/wp-content\/uploads\/2023\/10\/campanha-NPN-768x174.jpg 768w, https:\/\/miraserra.org.br\/wp-content\/uploads\/2023\/10\/campanha-NPN.jpg 1326w\" sizes=\"auto, (max-width: 1024px) 100vw, 1024px\" \/><\/figure>\n","protected":false},"excerpt":{"rendered":"<p>Assine a PETI\u00c7\u00c3O pela conserva\u00e7\u00e3o dessa Floresta com Arauc\u00e1rias em Passo Fundo, RS<\/p>\n","protected":false},"author":1,"featured_media":4307,"comment_status":"closed","ping_status":"closed","sticky":false,"template":"","format":"standard","meta":{"colormag_page_container_layout":"default_layout","colormag_page_sidebar_layout":"default_layout","_themeisle_gutenberg_block_has_review":false,"footnotes":""},"categories":[196,37,1,73,60],"tags":[246,172,217,427,163,183,358,428],"class_list":["post-4303","post","type-post","status-publish","format-standard","has-post-thumbnail","hentry","category-campanhas-apoiadas","category-mata-atlantica","category-menu","category-noticias","category-principais","tag-araucaria","tag-campanha","tag-floresta","tag-forest","tag-mata-atlantica","tag-mira-serra","tag-passo-fundo","tag-peticao"],"_links":{"self":[{"href":"https:\/\/miraserra.org.br\/index.php\/wp-json\/wp\/v2\/posts\/4303","targetHints":{"allow":["GET"]}}],"collection":[{"href":"https:\/\/miraserra.org.br\/index.php\/wp-json\/wp\/v2\/posts"}],"about":[{"href":"https:\/\/miraserra.org.br\/index.php\/wp-json\/wp\/v2\/types\/post"}],"author":[{"embeddable":true,"href":"https:\/\/miraserra.org.br\/index.php\/wp-json\/wp\/v2\/users\/1"}],"replies":[{"embeddable":true,"href":"https:\/\/miraserra.org.br\/index.php\/wp-json\/wp\/v2\/comments?post=4303"}],"version-history":[{"count":4,"href":"https:\/\/miraserra.org.br\/index.php\/wp-json\/wp\/v2\/posts\/4303\/revisions"}],"predecessor-version":[{"id":4312,"href":"https:\/\/miraserra.org.br\/index.php\/wp-json\/wp\/v2\/posts\/4303\/revisions\/4312"}],"wp:featuredmedia":[{"embeddable":true,"href":"https:\/\/miraserra.org.br\/index.php\/wp-json\/wp\/v2\/media\/4307"}],"wp:attachment":[{"href":"https:\/\/miraserra.org.br\/index.php\/wp-json\/wp\/v2\/media?parent=4303"}],"wp:term":[{"taxonomy":"category","embeddable":true,"href":"https:\/\/miraserra.org.br\/index.php\/wp-json\/wp\/v2\/categories?post=4303"},{"taxonomy":"post_tag","embeddable":true,"href":"https:\/\/miraserra.org.br\/index.php\/wp-json\/wp\/v2\/tags?post=4303"}],"curies":[{"name":"wp","href":"https:\/\/api.w.org\/{rel}","templated":true}]}}