{"id":438,"date":"2019-06-18T04:52:36","date_gmt":"2019-06-18T07:52:36","guid":{"rendered":"http:\/\/demo.themefreesia.com\/magbook\/?p=16"},"modified":"2019-07-13T21:15:30","modified_gmt":"2019-07-14T00:15:30","slug":"the-art-to-never-being-late","status":"publish","type":"post","link":"https:\/\/miraserra.org.br\/index.php\/2019\/06\/18\/the-art-to-never-being-late\/","title":{"rendered":"LAN\u00c7ADO COMIT\u00ca DE COMBATE \u00c0 MEGAMINERA\u00c7\u00c3O"},"content":{"rendered":"<p>O Instituto MIRA-SERRA esteve representado no Lan\u00e7amento do Comit\u00ea de Combate \u00e0 Megaminera\u00e7\u00e3o no RS , na noite de 18\/6 atrav\u00e9s da sua coordenadora-presidente. Utilizou o espa\u00e7o para embrar que o Comit\u00ea Estadual da Reserva da Biosfera da Mata<br><!--more--><\/p>\n<p>Atl\u00e2ntica-RS (CERBMA-RS) elaborou parecer t\u00e9cnico sobre o empreendimento que afetaria Zona N\u00facleo (MaB-UNESCO). Colocou a ONG \u00e0 disposi\u00e7\u00e3o para colaborar na avalia\u00e7\u00e3o t\u00e9cnica do projeto quanto ao meio bi\u00f3tico. Citou ter obtido parecer junto ao<br>Instituto PROAM (SP), relativo \u00e0s emiss\u00f5es atmosf\u00e9ricas e implica\u00e7\u00f5es na sa\u00fade humana.<\/p>\n\n\n<ul class=\"wp-block-gallery columns-3 is-cropped wp-block-gallery-1 is-layout-flex wp-block-gallery-is-layout-flex\"><li class=\"blocks-gallery-item\"><figure><img loading=\"lazy\" decoding=\"async\" width=\"169\" height=\"300\" src=\"http:\/\/miraserra.org.br\/wp-content\/uploads\/2019\/07\/64459299_2787653391305935_3594694228669628416_n-169x300.jpg\" alt=\"\" data-id=\"460\" data-link=\"http:\/\/miraserra.org.br\/index.php\/2018\/03\/16\/the-art-to-never-being-late\/64459299_2787653391305935_3594694228669628416_n-169x300\/\" class=\"wp-image-460\"\/><\/figure><\/li><li class=\"blocks-gallery-item\"><figure><img loading=\"lazy\" decoding=\"async\" width=\"768\" height=\"576\" src=\"http:\/\/miraserra.org.br\/wp-content\/uploads\/2019\/07\/64508176_2787883464616261_1721142409397534720_n-768x576.jpg\" alt=\"\" data-id=\"461\" data-link=\"http:\/\/miraserra.org.br\/index.php\/2018\/03\/16\/the-art-to-never-being-late\/64508176_2787883464616261_1721142409397534720_n-768x576\/\" class=\"wp-image-461\" srcset=\"https:\/\/miraserra.org.br\/wp-content\/uploads\/2019\/07\/64508176_2787883464616261_1721142409397534720_n-768x576.jpg 768w, https:\/\/miraserra.org.br\/wp-content\/uploads\/2019\/07\/64508176_2787883464616261_1721142409397534720_n-768x576-300x225.jpg 300w\" sizes=\"auto, (max-width: 768px) 100vw, 768px\" \/><\/figure><\/li><li class=\"blocks-gallery-item\"><figure><img loading=\"lazy\" decoding=\"async\" width=\"300\" height=\"225\" src=\"http:\/\/miraserra.org.br\/wp-content\/uploads\/2019\/07\/64537483_2787653337972607_5161216359417249792_n-300x225.jpg\" alt=\"\" data-id=\"462\" data-link=\"http:\/\/miraserra.org.br\/index.php\/2018\/03\/16\/the-art-to-never-being-late\/64537483_2787653337972607_5161216359417249792_n-300x225\/\" class=\"wp-image-462\"\/><\/figure><\/li><li class=\"blocks-gallery-item\"><figure><img loading=\"lazy\" decoding=\"async\" width=\"768\" height=\"373\" src=\"http:\/\/miraserra.org.br\/wp-content\/uploads\/2019\/07\/64853589_2787653277972613_6642907921086676992_n-768x373.jpg\" alt=\"\" data-id=\"463\" data-link=\"http:\/\/miraserra.org.br\/index.php\/2018\/03\/16\/the-art-to-never-being-late\/64853589_2787653277972613_6642907921086676992_n-768x373\/\" class=\"wp-image-463\" srcset=\"https:\/\/miraserra.org.br\/wp-content\/uploads\/2019\/07\/64853589_2787653277972613_6642907921086676992_n-768x373.jpg 768w, https:\/\/miraserra.org.br\/wp-content\/uploads\/2019\/07\/64853589_2787653277972613_6642907921086676992_n-768x373-300x146.jpg 300w\" sizes=\"auto, (max-width: 768px) 100vw, 768px\" \/><\/figure><\/li><li class=\"blocks-gallery-item\"><figure><img loading=\"lazy\" decoding=\"async\" width=\"768\" height=\"373\" src=\"http:\/\/miraserra.org.br\/wp-content\/uploads\/2019\/07\/65103326_2787653177972623_2954872817440522240_n-768x373.jpg\" alt=\"\" data-id=\"464\" data-link=\"http:\/\/miraserra.org.br\/index.php\/2018\/03\/16\/the-art-to-never-being-late\/65103326_2787653177972623_2954872817440522240_n-768x373\/\" class=\"wp-image-464\" srcset=\"https:\/\/miraserra.org.br\/wp-content\/uploads\/2019\/07\/65103326_2787653177972623_2954872817440522240_n-768x373.jpg 768w, https:\/\/miraserra.org.br\/wp-content\/uploads\/2019\/07\/65103326_2787653177972623_2954872817440522240_n-768x373-300x146.jpg 300w\" sizes=\"auto, (max-width: 768px) 100vw, 768px\" \/><\/figure><\/li><\/ul>\n","protected":false},"excerpt":{"rendered":"<p>O Instituto MIRA-SERRA esteve representado no Lan\u00e7amento do Comit\u00ea de Combate \u00e0 Megaminera\u00e7\u00e3o no RS , na noite de 18\/6<\/p>\n","protected":false},"author":1,"featured_media":458,"comment_status":"closed","ping_status":"closed","sticky":false,"template":"","format":"standard","meta":{"colormag_page_container_layout":"default_layout","colormag_page_sidebar_layout":"default_layout","_themeisle_gutenberg_block_has_review":false,"footnotes":""},"categories":[27,73],"tags":[],"class_list":["post-438","post","type-post","status-publish","format-standard","has-post-thumbnail","hentry","category-megamineracao","category-noticias"],"_links":{"self":[{"href":"https:\/\/miraserra.org.br\/index.php\/wp-json\/wp\/v2\/posts\/438","targetHints":{"allow":["GET"]}}],"collection":[{"href":"https:\/\/miraserra.org.br\/index.php\/wp-json\/wp\/v2\/posts"}],"about":[{"href":"https:\/\/miraserra.org.br\/index.php\/wp-json\/wp\/v2\/types\/post"}],"author":[{"embeddable":true,"href":"https:\/\/miraserra.org.br\/index.php\/wp-json\/wp\/v2\/users\/1"}],"replies":[{"embeddable":true,"href":"https:\/\/miraserra.org.br\/index.php\/wp-json\/wp\/v2\/comments?post=438"}],"version-history":[{"count":3,"href":"https:\/\/miraserra.org.br\/index.php\/wp-json\/wp\/v2\/posts\/438\/revisions"}],"predecessor-version":[{"id":759,"href":"https:\/\/miraserra.org.br\/index.php\/wp-json\/wp\/v2\/posts\/438\/revisions\/759"}],"wp:featuredmedia":[{"embeddable":true,"href":"https:\/\/miraserra.org.br\/index.php\/wp-json\/wp\/v2\/media\/458"}],"wp:attachment":[{"href":"https:\/\/miraserra.org.br\/index.php\/wp-json\/wp\/v2\/media?parent=438"}],"wp:term":[{"taxonomy":"category","embeddable":true,"href":"https:\/\/miraserra.org.br\/index.php\/wp-json\/wp\/v2\/categories?post=438"},{"taxonomy":"post_tag","embeddable":true,"href":"https:\/\/miraserra.org.br\/index.php\/wp-json\/wp\/v2\/tags?post=438"}],"curies":[{"name":"wp","href":"https:\/\/api.w.org\/{rel}","templated":true}]}}