{"id":439,"date":"2019-06-26T04:53:22","date_gmt":"2019-06-26T07:53:22","guid":{"rendered":"http:\/\/demo.themefreesia.com\/magbook\/?p=18"},"modified":"2019-07-28T17:51:22","modified_gmt":"2019-07-28T20:51:22","slug":"young-carers-are-sacrificing-ambitions-to-look-after","status":"publish","type":"post","link":"https:\/\/miraserra.org.br\/index.php\/2019\/06\/26\/young-carers-are-sacrificing-ambitions-to-look-after\/","title":{"rendered":"PRIMEIRA REUNI\u00c3O T\u00c9CNICA"},"content":{"rendered":"<p>Instituto MIRA-SERRA participou do grupo de<br>especialistas, que est\u00e1 avaliando o EIA\/RIMA do megaprojeto de minera\u00e7\u00e3o<br><!--more--><\/p>\n<p>Na noite de 26\/6, a coordenador a-presidente do Instituto MIRA-SERRA participou do grupo de<br>especialistas, que est\u00e1 avaliando o EIA\/RIMA do megaprojeto de minera\u00e7\u00e3o de carv\u00e3o, que impactaria a regi\u00e3o metropolitana de Porto Alegre. Houve nivelamento de informa\u00e7\u00f5es sobre as aprecia\u00e7\u00f5es<br>realizadas at\u00e9 o momento.<\/p>\n\n\n<figure class=\"wp-block-image\"><img loading=\"lazy\" decoding=\"async\" width=\"453\" height=\"445\" src=\"http:\/\/miraserra.org.br\/wp-content\/uploads\/2019\/07\/65449921_2301138276827122_8073835859830374400_n-453x445.jpg\" alt=\"\" class=\"wp-image-454\" srcset=\"https:\/\/miraserra.org.br\/wp-content\/uploads\/2019\/07\/65449921_2301138276827122_8073835859830374400_n-453x445.jpg 453w, https:\/\/miraserra.org.br\/wp-content\/uploads\/2019\/07\/65449921_2301138276827122_8073835859830374400_n-453x445-300x295.jpg 300w\" sizes=\"auto, (max-width: 453px) 100vw, 453px\" \/><\/figure>\n\n\n\n<figure class=\"wp-block-image\"><img loading=\"lazy\" decoding=\"async\" width=\"768\" height=\"373\" src=\"http:\/\/miraserra.org.br\/wp-content\/uploads\/2019\/07\/65174754_2765891136758357_7502099335329349632_n-768x373.jpg\" alt=\"\" class=\"wp-image-455\" srcset=\"https:\/\/miraserra.org.br\/wp-content\/uploads\/2019\/07\/65174754_2765891136758357_7502099335329349632_n-768x373.jpg 768w, https:\/\/miraserra.org.br\/wp-content\/uploads\/2019\/07\/65174754_2765891136758357_7502099335329349632_n-768x373-300x146.jpg 300w\" sizes=\"auto, (max-width: 768px) 100vw, 768px\" \/><\/figure>\n","protected":false},"excerpt":{"rendered":"<p>Instituto MIRA-SERRA participou do grupo deespecialistas, que est\u00e1 avaliando o EIA\/RIMA do megaprojeto de minera\u00e7\u00e3o<\/p>\n","protected":false},"author":1,"featured_media":788,"comment_status":"closed","ping_status":"closed","sticky":false,"template":"","format":"standard","meta":{"colormag_page_container_layout":"default_layout","colormag_page_sidebar_layout":"default_layout","_themeisle_gutenberg_block_has_review":false,"footnotes":""},"categories":[27,73],"tags":[],"class_list":["post-439","post","type-post","status-publish","format-standard","has-post-thumbnail","hentry","category-megamineracao","category-noticias"],"_links":{"self":[{"href":"https:\/\/miraserra.org.br\/index.php\/wp-json\/wp\/v2\/posts\/439","targetHints":{"allow":["GET"]}}],"collection":[{"href":"https:\/\/miraserra.org.br\/index.php\/wp-json\/wp\/v2\/posts"}],"about":[{"href":"https:\/\/miraserra.org.br\/index.php\/wp-json\/wp\/v2\/types\/post"}],"author":[{"embeddable":true,"href":"https:\/\/miraserra.org.br\/index.php\/wp-json\/wp\/v2\/users\/1"}],"replies":[{"embeddable":true,"href":"https:\/\/miraserra.org.br\/index.php\/wp-json\/wp\/v2\/comments?post=439"}],"version-history":[{"count":3,"href":"https:\/\/miraserra.org.br\/index.php\/wp-json\/wp\/v2\/posts\/439\/revisions"}],"predecessor-version":[{"id":757,"href":"https:\/\/miraserra.org.br\/index.php\/wp-json\/wp\/v2\/posts\/439\/revisions\/757"}],"wp:featuredmedia":[{"embeddable":true,"href":"https:\/\/miraserra.org.br\/index.php\/wp-json\/wp\/v2\/media\/788"}],"wp:attachment":[{"href":"https:\/\/miraserra.org.br\/index.php\/wp-json\/wp\/v2\/media?parent=439"}],"wp:term":[{"taxonomy":"category","embeddable":true,"href":"https:\/\/miraserra.org.br\/index.php\/wp-json\/wp\/v2\/categories?post=439"},{"taxonomy":"post_tag","embeddable":true,"href":"https:\/\/miraserra.org.br\/index.php\/wp-json\/wp\/v2\/tags?post=439"}],"curies":[{"name":"wp","href":"https:\/\/api.w.org\/{rel}","templated":true}]}}