{"id":47,"date":"2019-04-30T05:38:08","date_gmt":"2019-04-30T08:38:08","guid":{"rendered":"http:\/\/demo.themefreesia.com\/magbook\/?p=47"},"modified":"2019-07-28T18:00:25","modified_gmt":"2019-07-28T21:00:25","slug":"why-this-youtuber-actually-writes-her-own-books","status":"publish","type":"post","link":"https:\/\/miraserra.org.br\/index.php\/2019\/04\/30\/why-this-youtuber-actually-writes-her-own-books\/","title":{"rendered":"DIA MEMOR\u00c1VEL"},"content":{"rendered":"<p>Na reabertura da \u201cFrente Parlamentar Porto Alegre<br>Sem Maus Tratos aos Animais\u201d, a coordenadora presidente do Instituto MIRA-SERRA falou do tema voltado \u00e0 fauna silvestre e solicitou empenho, aos parlamentares presentes, contra o retrocesso das pol\u00edticas p\u00fablicas ambientais que se apresentam neste ano. 2. A coordenadora-presidente da MIRA-SERRA recebeu homenagem do Rotary Club de Gua\u00edba, como exemplo de profi\u00edsional competente e \u00edntegro Lisiane Becker, em seu agradecimento, citou a import\u00e2ncia da fauna silvestre e do comprometimento com o ambiente natural \u2013<br>do qual depende a qualidade de vida humana.<\/p>\n<p><\/p>\n<p>Dispon\u00edvel em: <a href=\"https:\/\/www.facebook.com\/401044756576352\/posts\/2657001200980685\/\" target=\"_blank\" rel=\"noopener noreferrer\">https:\/\/www.facebook.com\/401044756576352\/posts\/2657001200980685\/<\/a><\/p>\n\n\n<ul class=\"wp-block-gallery columns-3 is-cropped wp-block-gallery-1 is-layout-flex wp-block-gallery-is-layout-flex\"><li class=\"blocks-gallery-item\"><figure><img loading=\"lazy\" decoding=\"async\" width=\"300\" height=\"248\" src=\"http:\/\/miraserra.org.br\/wp-content\/uploads\/2019\/07\/58825777_2657001147647357_3754561273728073728_n-300x248.jpg\" alt=\"\" data-id=\"574\" data-link=\"http:\/\/miraserra.org.br\/index.php\/2018\/03\/16\/why-this-youtuber-actually-writes-her-own-books\/58825777_2657001147647357_3754561273728073728_n-300x248\/\" class=\"wp-image-574\"\/><\/figure><\/li><li class=\"blocks-gallery-item\"><figure><img loading=\"lazy\" decoding=\"async\" width=\"768\" height=\"373\" src=\"http:\/\/miraserra.org.br\/wp-content\/uploads\/2019\/07\/59138369_2657001050980700_3630798131781697536_o-768x373.jpg\" alt=\"\" data-id=\"575\" data-link=\"http:\/\/miraserra.org.br\/index.php\/2018\/03\/16\/why-this-youtuber-actually-writes-her-own-books\/59138369_2657001050980700_3630798131781697536_o-768x373\/\" class=\"wp-image-575\" srcset=\"https:\/\/miraserra.org.br\/wp-content\/uploads\/2019\/07\/59138369_2657001050980700_3630798131781697536_o-768x373.jpg 768w, https:\/\/miraserra.org.br\/wp-content\/uploads\/2019\/07\/59138369_2657001050980700_3630798131781697536_o-768x373-300x146.jpg 300w\" sizes=\"auto, (max-width: 768px) 100vw, 768px\" \/><\/figure><\/li><li class=\"blocks-gallery-item\"><figure><img loading=\"lazy\" decoding=\"async\" width=\"768\" height=\"927\" src=\"http:\/\/miraserra.org.br\/wp-content\/uploads\/2019\/07\/59229885_2657001104314028_8913792464901373952_n-768x927.jpg\" alt=\"\" data-id=\"576\" data-link=\"http:\/\/miraserra.org.br\/index.php\/2018\/03\/16\/why-this-youtuber-actually-writes-her-own-books\/59229885_2657001104314028_8913792464901373952_n-768x927\/\" class=\"wp-image-576\" srcset=\"https:\/\/miraserra.org.br\/wp-content\/uploads\/2019\/07\/59229885_2657001104314028_8913792464901373952_n-768x927.jpg 768w, https:\/\/miraserra.org.br\/wp-content\/uploads\/2019\/07\/59229885_2657001104314028_8913792464901373952_n-768x927-249x300.jpg 249w\" sizes=\"auto, (max-width: 768px) 100vw, 768px\" \/><\/figure><\/li><li class=\"blocks-gallery-item\"><figure><img loading=\"lazy\" decoding=\"async\" width=\"300\" height=\"225\" src=\"http:\/\/miraserra.org.br\/wp-content\/uploads\/2019\/07\/59286243_2657000974314041_1765646199093723136_n-300x225.jpg\" alt=\"\" data-id=\"577\" data-link=\"http:\/\/miraserra.org.br\/index.php\/2018\/03\/16\/why-this-youtuber-actually-writes-her-own-books\/59286243_2657000974314041_1765646199093723136_n-300x225\/\" class=\"wp-image-577\"\/><\/figure><\/li><li class=\"blocks-gallery-item\"><figure><img loading=\"lazy\" decoding=\"async\" width=\"251\" height=\"300\" src=\"http:\/\/miraserra.org.br\/wp-content\/uploads\/2019\/07\/59409407_2657000897647382_7695349984358563840_n-251x300.jpg\" alt=\"\" data-id=\"578\" data-link=\"http:\/\/miraserra.org.br\/index.php\/2018\/03\/16\/why-this-youtuber-actually-writes-her-own-books\/59409407_2657000897647382_7695349984358563840_n-251x300\/\" class=\"wp-image-578\"\/><\/figure><\/li><\/ul>\n","protected":false},"excerpt":{"rendered":"<p>Na reabertura da \u201cFrente Parlamentar Porto AlegreSem Maus Tratos aos Animais\u201d, a coordenadora presidente do Instituto MIRA-SERRA falou do tema<\/p>\n","protected":false},"author":1,"featured_media":573,"comment_status":"closed","ping_status":"closed","sticky":false,"template":"","format":"standard","meta":{"colormag_page_container_layout":"default_layout","colormag_page_sidebar_layout":"default_layout","_themeisle_gutenberg_block_has_review":false,"footnotes":""},"categories":[26,60],"tags":[],"class_list":["post-47","post","type-post","status-publish","format-standard","has-post-thumbnail","hentry","category-eventos","category-principais"],"_links":{"self":[{"href":"https:\/\/miraserra.org.br\/index.php\/wp-json\/wp\/v2\/posts\/47","targetHints":{"allow":["GET"]}}],"collection":[{"href":"https:\/\/miraserra.org.br\/index.php\/wp-json\/wp\/v2\/posts"}],"about":[{"href":"https:\/\/miraserra.org.br\/index.php\/wp-json\/wp\/v2\/types\/post"}],"author":[{"embeddable":true,"href":"https:\/\/miraserra.org.br\/index.php\/wp-json\/wp\/v2\/users\/1"}],"replies":[{"embeddable":true,"href":"https:\/\/miraserra.org.br\/index.php\/wp-json\/wp\/v2\/comments?post=47"}],"version-history":[{"count":4,"href":"https:\/\/miraserra.org.br\/index.php\/wp-json\/wp\/v2\/posts\/47\/revisions"}],"predecessor-version":[{"id":671,"href":"https:\/\/miraserra.org.br\/index.php\/wp-json\/wp\/v2\/posts\/47\/revisions\/671"}],"wp:featuredmedia":[{"embeddable":true,"href":"https:\/\/miraserra.org.br\/index.php\/wp-json\/wp\/v2\/media\/573"}],"wp:attachment":[{"href":"https:\/\/miraserra.org.br\/index.php\/wp-json\/wp\/v2\/media?parent=47"}],"wp:term":[{"taxonomy":"category","embeddable":true,"href":"https:\/\/miraserra.org.br\/index.php\/wp-json\/wp\/v2\/categories?post=47"},{"taxonomy":"post_tag","embeddable":true,"href":"https:\/\/miraserra.org.br\/index.php\/wp-json\/wp\/v2\/tags?post=47"}],"curies":[{"name":"wp","href":"https:\/\/api.w.org\/{rel}","templated":true}]}}