{"id":49,"date":"2019-05-09T05:40:32","date_gmt":"2019-05-09T08:40:32","guid":{"rendered":"http:\/\/demo.themefreesia.com\/magbook\/?p=49"},"modified":"2019-08-25T22:58:22","modified_gmt":"2019-08-26T01:58:22","slug":"the-biggest-weekend-is-getting-bigger-with-musician","status":"publish","type":"post","link":"https:\/\/miraserra.org.br\/index.php\/2019\/05\/09\/the-biggest-weekend-is-getting-bigger-with-musician\/","title":{"rendered":"CONSEMA E A MINA GUA\u00cdBA"},"content":{"rendered":"<p>https:\/\/anacarolinapontolivre.wordpress.com\/2019\/03\/13\/oficio-do-cerbma-rs-sobre-mineracao-de-carvao-projeto-guaiba-copelmi-audiencia-publica-quinta-18-h-charqueadas-importante\/?fbclid=IwAR2xfJp7u_XEEntidades ambientalistas, integrantes da APEDEMA-RS, foram surpreendidos hoje, no CONSEMA-RS, com a condu\u00e7\u00e3o de item pautado pela MIRA-SERRA no m\u00eas passado. A MIRA-SERRA solicitou, na plen\u00e1ria anterior, que fossem apresentadas as adequa\u00e7\u00f5es feitas (ou n\u00e3o) no projeto MINA GUAIBA, em rela\u00e7\u00e3o \u00e0s inconsist\u00eancias levantadas em parecer do<br \/>\nCERBMA-RS ao MPE. Restou claro que n\u00e3o houve entendimento do que foi solicitado, visto que a presid\u00eancia pretendia votar a inclus\u00e3o de tema que<br \/>\ndeveria ter sido apresentado hoje! A coordenadora-presidente da ONG lembrou que este n\u00e3o \u00e9 o<br \/>\nrito do CONSEMA, exemplificando com a apresenta\u00e7\u00e3o de empresa da log\u00edstica reversa de baterias no m\u00eas passado, bem como o projeto de minera\u00e7\u00e3o em Ca\u00e7apava. Mesmo ap\u00f3s as falas dos representantes da MIRA- SERRA e do INGA, o assunto foi vencido sem nem mesmo a duvidosa vota\u00e7\u00e3o. A situa\u00e7\u00e3o s\u00f3 n\u00e3o foi pior porque o diretor t\u00e9cnico da FEPAM, em fala breve, relatou que um novo termo de refer\u00eancia foi feito e que teria considerado o parecer do CERBMA-RS. No entanto, destacou que o novo projeto encaminhado ainda est\u00e1 em an\u00e1lise.<br \/>\nA MIRA-SERRA, que participou da elabora\u00e7\u00e3o do parecer do CERBMA-RS ao Minist\u00e9rio P\u00fablico Estadual, considera este projeto de minera\u00e7\u00e3o de carv\u00e3o (e seu efeito cascata de atividades \u201csat\u00e9lites\u201d), n\u00e3o apenas como um \u201crisco\u201d \u00e0 sa\u00fade da popula\u00e7\u00e3o da regi\u00e3o metropolitana de Porto Alegre e \u00e0 qualidade<br \/>\nde vida humana, da biodiversidade, da \u00e1gua do Gua\u00edba, das Unidades de Conserva\u00e7\u00e3o afetadas, etc., mas trata-se de uma certeza de que afetar\u00e1 a todos. N\u00e3o se trata de uma hip\u00f3tese, mas, se implantado o projeto, a vida humana e natural de toda a regi\u00e3o ser\u00e1 com certeza afetada. Leia mais em: <a href=\"https:\/\/apedemars.wordpress.com\/2019\/05\/09\/consema-se-nega-a-pautar-mina-guaiba-projeto-que-se-implantado-afetara-a-populacao-e-a-natureza-da-regiao\/?fbclid=IwAR2UVb9K5XsgRdt8pJF4-YpcRjg201k2sSAokemI\" target=\"_blank\" rel=\"noopener noreferrer\">https:\/\/apedemars.wordpress.com\/2019\/05\/09\/consema-se-nega-a-pautar-mina-guaiba-projeto-que-se-implantado-afetara-a-populacao-e-a-natureza-da-regiao\/?fbclid=IwAR2UVb9K5XsgRdt8pJF4-YpcRjg201k2sSAokemI<\/a><\/p>\n<p><a href=\"https:\/\/anacarolinapontolivre.wordpress.com\/2019\/03\/13\/oficio-do-cerbma-rs-sobre-mineracao-de-carvao-projeto-guaiba-copelmi-audiencia-publica-quinta-18-h-charqueadas-importante\/?fbclid=IwAR2xfJp7u_XE\">Minera\u00e7\u00e3o de carv\u00e3o &#8211; Projeto Gua\u00edba\/ Copelmi. Audi\u00eancia Publica, quinta, 18 h, Charqueadas &#8211;&nbsp;Atualiza\u00e7\u00f5es<\/a><\/p>\n","protected":false},"excerpt":{"rendered":"<p>https:\/\/anacarolinapontolivre.wordpress.com\/2019\/03\/13\/oficio-do-cerbma-rs-sobre-mineracao-de-carvao-projeto-guaiba-copelmi-audiencia-publica-quinta-18-h-charqueadas-importante\/?fbclid=IwAR2xfJp7u_XEEntidades ambientalistas, integrantes da APEDEMA-RS, foram surpreendidos hoje, no CONSEMA-RS, com a condu\u00e7\u00e3o de item pautado pela MIRA-SERRA no m\u00eas<\/p>\n","protected":false},"author":1,"featured_media":571,"comment_status":"closed","ping_status":"closed","sticky":false,"template":"","format":"standard","meta":{"colormag_page_container_layout":"default_layout","colormag_page_sidebar_layout":"default_layout","_themeisle_gutenberg_block_has_review":false,"footnotes":""},"categories":[58],"tags":[],"class_list":["post-49","post","type-post","status-publish","format-standard","has-post-thumbnail","hentry","category-consema-rs"],"_links":{"self":[{"href":"https:\/\/miraserra.org.br\/index.php\/wp-json\/wp\/v2\/posts\/49","targetHints":{"allow":["GET"]}}],"collection":[{"href":"https:\/\/miraserra.org.br\/index.php\/wp-json\/wp\/v2\/posts"}],"about":[{"href":"https:\/\/miraserra.org.br\/index.php\/wp-json\/wp\/v2\/types\/post"}],"author":[{"embeddable":true,"href":"https:\/\/miraserra.org.br\/index.php\/wp-json\/wp\/v2\/users\/1"}],"replies":[{"embeddable":true,"href":"https:\/\/miraserra.org.br\/index.php\/wp-json\/wp\/v2\/comments?post=49"}],"version-history":[{"count":2,"href":"https:\/\/miraserra.org.br\/index.php\/wp-json\/wp\/v2\/posts\/49\/revisions"}],"predecessor-version":[{"id":570,"href":"https:\/\/miraserra.org.br\/index.php\/wp-json\/wp\/v2\/posts\/49\/revisions\/570"}],"wp:featuredmedia":[{"embeddable":true,"href":"https:\/\/miraserra.org.br\/index.php\/wp-json\/wp\/v2\/media\/571"}],"wp:attachment":[{"href":"https:\/\/miraserra.org.br\/index.php\/wp-json\/wp\/v2\/media?parent=49"}],"wp:term":[{"taxonomy":"category","embeddable":true,"href":"https:\/\/miraserra.org.br\/index.php\/wp-json\/wp\/v2\/categories?post=49"},{"taxonomy":"post_tag","embeddable":true,"href":"https:\/\/miraserra.org.br\/index.php\/wp-json\/wp\/v2\/tags?post=49"}],"curies":[{"name":"wp","href":"https:\/\/api.w.org\/{rel}","templated":true}]}}