{"id":51,"date":"2019-05-14T05:42:01","date_gmt":"2019-05-14T08:42:01","guid":{"rendered":"http:\/\/demo.themefreesia.com\/magbook\/?p=51"},"modified":"2019-08-25T22:58:49","modified_gmt":"2019-08-26T01:58:49","slug":"she-kissed-a-boy-and-he-didnt-like-it","status":"publish","type":"post","link":"https:\/\/miraserra.org.br\/index.php\/2019\/05\/14\/she-kissed-a-boy-and-he-didnt-like-it\/","title":{"rendered":"REUNI\u00c3O DA SOCIEDADE CIVIL NO CONAMA"},"content":{"rendered":"<p>A sociedade civil, composta por 22 entidades, se reuniu no dia 14 de maio, ap\u00f3s pressionar o Minist\u00e9rio do Meio Ambiente. A pauta principal consistiu na indica\u00e7\u00e3o para a composi\u00e7\u00e3o das C\u00e2maras T\u00e9cnicas do CONAMA. A coordenadora-presidente da MIRA-SERRA, agora compondo com<br>a SESBRA (de S\u00e3o Paulo), manteve a vaga na C\u00e2mara T\u00e9cnica Biodiversidade, na reuni\u00e3o da Sociedade Civil \/CONAMA que definiu as indica\u00e7\u00f5es do segmento.<\/p>\n<p>A MIRA-SERRA nos 2 bi\u00eanios anteriores foi vice-presidente desta C\u00e2mara. Tamb\u00e9m em prol da biodiversidade, estar\u00e1 como suplente da GERC<br>na CT Educa\u00e7\u00e3o Ambiental \u2013 visando propostas para<br>sensibiliza\u00e7\u00e3o \u00e0 prote\u00e7\u00e3o da fauna silvestre. No final desta reuni\u00e3o, para a Assuntos Jur\u00eddicos foram eleitos como titulares o Planeta Verde e a FBCN.&nbsp;<\/p>\n\n\n<figure class=\"wp-block-image\"><img loading=\"lazy\" decoding=\"async\" width=\"146\" height=\"300\" src=\"http:\/\/miraserra.org.br\/wp-content\/uploads\/2019\/07\/60355003_2680708875276584_6343465391074836480_n-146x300.jpg\" alt=\"\" class=\"wp-image-566\"\/><\/figure>\n","protected":false},"excerpt":{"rendered":"<p>A sociedade civil, composta por 22 entidades, se reuniu no dia 14 de maio, ap\u00f3s pressionar o Minist\u00e9rio do Meio<\/p>\n","protected":false},"author":1,"featured_media":565,"comment_status":"closed","ping_status":"closed","sticky":false,"template":"","format":"standard","meta":{"colormag_page_container_layout":"default_layout","colormag_page_sidebar_layout":"default_layout","_themeisle_gutenberg_block_has_review":false,"footnotes":""},"categories":[56,60],"tags":[],"class_list":["post-51","post","type-post","status-publish","format-standard","has-post-thumbnail","hentry","category-conama","category-principais"],"_links":{"self":[{"href":"https:\/\/miraserra.org.br\/index.php\/wp-json\/wp\/v2\/posts\/51","targetHints":{"allow":["GET"]}}],"collection":[{"href":"https:\/\/miraserra.org.br\/index.php\/wp-json\/wp\/v2\/posts"}],"about":[{"href":"https:\/\/miraserra.org.br\/index.php\/wp-json\/wp\/v2\/types\/post"}],"author":[{"embeddable":true,"href":"https:\/\/miraserra.org.br\/index.php\/wp-json\/wp\/v2\/users\/1"}],"replies":[{"embeddable":true,"href":"https:\/\/miraserra.org.br\/index.php\/wp-json\/wp\/v2\/comments?post=51"}],"version-history":[{"count":2,"href":"https:\/\/miraserra.org.br\/index.php\/wp-json\/wp\/v2\/posts\/51\/revisions"}],"predecessor-version":[{"id":670,"href":"https:\/\/miraserra.org.br\/index.php\/wp-json\/wp\/v2\/posts\/51\/revisions\/670"}],"wp:featuredmedia":[{"embeddable":true,"href":"https:\/\/miraserra.org.br\/index.php\/wp-json\/wp\/v2\/media\/565"}],"wp:attachment":[{"href":"https:\/\/miraserra.org.br\/index.php\/wp-json\/wp\/v2\/media?parent=51"}],"wp:term":[{"taxonomy":"category","embeddable":true,"href":"https:\/\/miraserra.org.br\/index.php\/wp-json\/wp\/v2\/categories?post=51"},{"taxonomy":"post_tag","embeddable":true,"href":"https:\/\/miraserra.org.br\/index.php\/wp-json\/wp\/v2\/tags?post=51"}],"curies":[{"name":"wp","href":"https:\/\/api.w.org\/{rel}","templated":true}]}}