{"id":53,"date":"2019-05-16T05:44:08","date_gmt":"2019-05-16T08:44:08","guid":{"rendered":"http:\/\/demo.themefreesia.com\/magbook\/?p=53"},"modified":"2019-08-25T22:59:00","modified_gmt":"2019-08-26T01:59:00","slug":"plastic-particles-found-in-bottled-water","status":"publish","type":"post","link":"https:\/\/miraserra.org.br\/index.php\/2019\/05\/16\/plastic-particles-found-in-bottled-water\/","title":{"rendered":"CT Biodiversidade \/ CONAMA: 1\u00aa reuni\u00e3o \/ 2019"},"content":{"rendered":"<p>CONAMA retoma as atividades da C\u00e2mara T\u00e9cnica de<br>Biodiversidade, reunida em 15 e 16\/5. Dada a vac\u00e2ncia na presid\u00eancia da CT, Olivaldi Azevedo \/IBAMA foi eleito. A coordenadora-presidente da MIRA-SERRA\/RS e, agora, compondo com a ONG SESBRA\/SP, foi mantida como vice at\u00e9 o final de3ste mandato. Decidido isto, a CT voltou a trabalhar sobre a processo N\u00ba 02000.000978\/2015-91 \u2013 PROPOSTA DE RESOLU\u00c7\u00c3O que estabelece a lista das esp\u00e9cies da fauna silvestre brasileira que poder\u00e3o ser criadas e comercializadas como animais de estima\u00e7\u00e3o, altera a Resolu\u00e7\u00e3o Conama n\u00b0 394\/2007. A bi\u00f3l. Lisiane Becker (MIRA-SERRA \/ SESBRA) contribuiu na discuss\u00e3o esclarecendo que assim o faz, visto que a legisla\u00e7\u00e3o<br>ainda permite a cria\u00e7\u00e3o\/com\u00e9rcio da fauna silvestre. No entanto, relembrou aos presentes, que \u00e9 contr\u00e1ria \u00e0 esta atividade por quest\u00f5es morais, \u00e9ticas e t\u00e9cnicas.<\/p>\n\n\n<figure class=\"wp-block-image\"><img loading=\"lazy\" decoding=\"async\" width=\"768\" height=\"373\" src=\"http:\/\/miraserra.org.br\/wp-content\/uploads\/2019\/07\/60774739_2684940584853413_6534005627977465856_o-1-768x373.jpg\" alt=\"\" class=\"wp-image-560\" srcset=\"https:\/\/miraserra.org.br\/wp-content\/uploads\/2019\/07\/60774739_2684940584853413_6534005627977465856_o-1-768x373.jpg 768w, https:\/\/miraserra.org.br\/wp-content\/uploads\/2019\/07\/60774739_2684940584853413_6534005627977465856_o-1-768x373-300x146.jpg 300w\" sizes=\"auto, (max-width: 768px) 100vw, 768px\" \/><\/figure>\n","protected":false},"excerpt":{"rendered":"<p>CONAMA retoma as atividades da C\u00e2mara T\u00e9cnica deBiodiversidade, reunida em 15 e 16\/5. Dada a vac\u00e2ncia na presid\u00eancia da CT,<\/p>\n","protected":false},"author":1,"featured_media":562,"comment_status":"closed","ping_status":"closed","sticky":false,"template":"","format":"standard","meta":{"colormag_page_container_layout":"default_layout","colormag_page_sidebar_layout":"default_layout","_themeisle_gutenberg_block_has_review":false,"footnotes":""},"categories":[56],"tags":[],"class_list":["post-53","post","type-post","status-publish","format-standard","has-post-thumbnail","hentry","category-conama"],"_links":{"self":[{"href":"https:\/\/miraserra.org.br\/index.php\/wp-json\/wp\/v2\/posts\/53","targetHints":{"allow":["GET"]}}],"collection":[{"href":"https:\/\/miraserra.org.br\/index.php\/wp-json\/wp\/v2\/posts"}],"about":[{"href":"https:\/\/miraserra.org.br\/index.php\/wp-json\/wp\/v2\/types\/post"}],"author":[{"embeddable":true,"href":"https:\/\/miraserra.org.br\/index.php\/wp-json\/wp\/v2\/users\/1"}],"replies":[{"embeddable":true,"href":"https:\/\/miraserra.org.br\/index.php\/wp-json\/wp\/v2\/comments?post=53"}],"version-history":[{"count":3,"href":"https:\/\/miraserra.org.br\/index.php\/wp-json\/wp\/v2\/posts\/53\/revisions"}],"predecessor-version":[{"id":782,"href":"https:\/\/miraserra.org.br\/index.php\/wp-json\/wp\/v2\/posts\/53\/revisions\/782"}],"wp:featuredmedia":[{"embeddable":true,"href":"https:\/\/miraserra.org.br\/index.php\/wp-json\/wp\/v2\/media\/562"}],"wp:attachment":[{"href":"https:\/\/miraserra.org.br\/index.php\/wp-json\/wp\/v2\/media?parent=53"}],"wp:term":[{"taxonomy":"category","embeddable":true,"href":"https:\/\/miraserra.org.br\/index.php\/wp-json\/wp\/v2\/categories?post=53"},{"taxonomy":"post_tag","embeddable":true,"href":"https:\/\/miraserra.org.br\/index.php\/wp-json\/wp\/v2\/tags?post=53"}],"curies":[{"name":"wp","href":"https:\/\/api.w.org\/{rel}","templated":true}]}}