{"id":55,"date":"2019-05-18T05:44:58","date_gmt":"2019-05-18T08:44:58","guid":{"rendered":"http:\/\/demo.themefreesia.com\/magbook\/?p=55"},"modified":"2019-07-13T15:29:09","modified_gmt":"2019-07-13T18:29:09","slug":"who-is-the-most-giving-person-you-know","status":"publish","type":"post","link":"https:\/\/miraserra.org.br\/index.php\/2019\/05\/18\/who-is-the-most-giving-person-you-know\/","title":{"rendered":"ATIVIDADES NA SERRA GA\u00daCHA"},"content":{"rendered":"<p>A agenda da sexta-feira (17\/5) iniciou pela reuni\u00e3o<br>com a Secret\u00e1ria Municipal do Meio Ambiente, Damiane Boziki. Em pauta: o Plano de Conserva\u00e7\u00e3o e Recupera\u00e7\u00e3o da Mata Atl\u00e2ntica, tombamento de trecho da Trilha dos Tropeiros no Cerro Jo\u00e3o Ferreiro, arboriza\u00e7\u00e3o urbana, entre outros assuntos.<br>Finda a reuni\u00e3o, a representante da MIRASERRA esteve na Promotoria e no F\u00f3rum, para verifcar o<br>encaminhamento relativo aos crimes ambientais registrados no Vale do Rio Padilha, em agosto\/2018. Aproveitou a ocasi\u00e3o, ainda, para visitar alguns simpatizantes da entidade. No s\u00e1bado (18\/5), houve reuni\u00e3o com o lideran\u00e7a da MIRA-SERRA na regi\u00e3o nordeste do RS, entre outros associados locais. Foi realizado um nivelamento entre as informa\u00e7\u00f5es nacional, estadual e regional, com delibera\u00e7\u00e3o das pr\u00f3ximas a\u00e7\u00f5es \u2013 principalmente, em S\u00e3o Francisco de Paula e Cambar\u00e1 do Sul. Registros de impactos ambientais sobre os Campos de Altitude e na \udbc0\udcd6oresta, tamb\u00e9m, \udbc0\udcd5zeram parte da programa\u00e7\u00e3o.<\/p>\n\n\n<ul class=\"wp-block-gallery columns-4 is-cropped wp-block-gallery-1 is-layout-flex wp-block-gallery-is-layout-flex\"><li class=\"blocks-gallery-item\"><figure><img loading=\"lazy\" decoding=\"async\" width=\"200\" height=\"300\" src=\"http:\/\/miraserra.org.br\/wp-content\/uploads\/2019\/07\/60431326_2690410774306394_7217905502586404864_n-200x300.jpg\" alt=\"\" data-id=\"549\" data-link=\"http:\/\/miraserra.org.br\/index.php\/2019\/05\/18\/who-is-the-most-giving-person-you-know\/60431326_2690410774306394_7217905502586404864_n-200x300\/\" class=\"wp-image-549\"\/><\/figure><\/li><li class=\"blocks-gallery-item\"><figure><img loading=\"lazy\" decoding=\"async\" width=\"300\" height=\"146\" src=\"http:\/\/miraserra.org.br\/wp-content\/uploads\/2019\/07\/60538141_2690410707639734_6372940673590493184_o-300x146.jpg\" alt=\"\" data-id=\"550\" data-link=\"http:\/\/miraserra.org.br\/index.php\/2019\/05\/18\/who-is-the-most-giving-person-you-know\/60538141_2690410707639734_6372940673590493184_o-300x146\/\" class=\"wp-image-550\"\/><\/figure><\/li><li class=\"blocks-gallery-item\"><figure><img loading=\"lazy\" decoding=\"async\" width=\"300\" height=\"146\" src=\"http:\/\/miraserra.org.br\/wp-content\/uploads\/2019\/07\/60611948_2690410964306375_2073587829434220544_o-300x146.jpg\" alt=\"\" data-id=\"551\" data-link=\"http:\/\/miraserra.org.br\/index.php\/2019\/05\/18\/who-is-the-most-giving-person-you-know\/60611948_2690410964306375_2073587829434220544_o-300x146\/\" class=\"wp-image-551\"\/><\/figure><\/li><li class=\"blocks-gallery-item\"><figure><img loading=\"lazy\" decoding=\"async\" width=\"466\" height=\"445\" src=\"http:\/\/miraserra.org.br\/wp-content\/uploads\/2019\/07\/60644716_2690410530973085_1068928922302808064_n-466x445.jpg\" alt=\"\" data-id=\"552\" data-link=\"http:\/\/miraserra.org.br\/index.php\/2019\/05\/18\/who-is-the-most-giving-person-you-know\/60644716_2690410530973085_1068928922302808064_n-466x445-2\/\" class=\"wp-image-552\" srcset=\"https:\/\/miraserra.org.br\/wp-content\/uploads\/2019\/07\/60644716_2690410530973085_1068928922302808064_n-466x445.jpg 466w, https:\/\/miraserra.org.br\/wp-content\/uploads\/2019\/07\/60644716_2690410530973085_1068928922302808064_n-466x445-300x286.jpg 300w\" sizes=\"auto, (max-width: 466px) 100vw, 466px\" \/><\/figure><\/li><li class=\"blocks-gallery-item\"><figure><img loading=\"lazy\" decoding=\"async\" width=\"768\" height=\"315\" src=\"http:\/\/miraserra.org.br\/wp-content\/uploads\/2019\/07\/60675481_2690411117639693_7166534897702535168_o-768x315.jpg\" alt=\"\" data-id=\"554\" data-link=\"http:\/\/miraserra.org.br\/index.php\/2019\/05\/18\/who-is-the-most-giving-person-you-know\/60675481_2690411117639693_7166534897702535168_o-768x315\/\" class=\"wp-image-554\" srcset=\"https:\/\/miraserra.org.br\/wp-content\/uploads\/2019\/07\/60675481_2690411117639693_7166534897702535168_o-768x315.jpg 768w, https:\/\/miraserra.org.br\/wp-content\/uploads\/2019\/07\/60675481_2690411117639693_7166534897702535168_o-768x315-300x123.jpg 300w\" sizes=\"auto, (max-width: 768px) 100vw, 768px\" \/><\/figure><\/li><li class=\"blocks-gallery-item\"><figure><img loading=\"lazy\" decoding=\"async\" width=\"300\" height=\"146\" src=\"http:\/\/miraserra.org.br\/wp-content\/uploads\/2019\/07\/60916475_2690411017639703_7554468631778689024_o-300x146.jpg\" alt=\"\" data-id=\"555\" data-link=\"http:\/\/miraserra.org.br\/index.php\/2019\/05\/18\/who-is-the-most-giving-person-you-know\/60916475_2690411017639703_7554468631778689024_o-300x146\/\" class=\"wp-image-555\"\/><\/figure><\/li><li class=\"blocks-gallery-item\"><figure><img loading=\"lazy\" decoding=\"async\" width=\"300\" height=\"146\" src=\"http:\/\/miraserra.org.br\/wp-content\/uploads\/2019\/07\/61009146_2690410620973076_2448212473472352256_o-300x146.jpg\" alt=\"\" data-id=\"556\" data-link=\"http:\/\/miraserra.org.br\/index.php\/2019\/05\/18\/who-is-the-most-giving-person-you-know\/61009146_2690410620973076_2448212473472352256_o-300x146\/\" class=\"wp-image-556\"\/><\/figure><\/li><\/ul>\n","protected":false},"excerpt":{"rendered":"<p>A agenda da sexta-feira (17\/5) iniciou pela reuni\u00e3ocom a Secret\u00e1ria Municipal do Meio Ambiente, Damiane Boziki. Em pauta: o Plano<\/p>\n","protected":false},"author":1,"featured_media":547,"comment_status":"closed","ping_status":"closed","sticky":false,"template":"","format":"standard","meta":{"colormag_page_container_layout":"default_layout","colormag_page_sidebar_layout":"default_layout","_themeisle_gutenberg_block_has_review":false,"footnotes":""},"categories":[31,26],"tags":[],"class_list":["post-55","post","type-post","status-publish","format-standard","has-post-thumbnail","hentry","category-plano-de-mata-atlantica","category-eventos"],"_links":{"self":[{"href":"https:\/\/miraserra.org.br\/index.php\/wp-json\/wp\/v2\/posts\/55","targetHints":{"allow":["GET"]}}],"collection":[{"href":"https:\/\/miraserra.org.br\/index.php\/wp-json\/wp\/v2\/posts"}],"about":[{"href":"https:\/\/miraserra.org.br\/index.php\/wp-json\/wp\/v2\/types\/post"}],"author":[{"embeddable":true,"href":"https:\/\/miraserra.org.br\/index.php\/wp-json\/wp\/v2\/users\/1"}],"replies":[{"embeddable":true,"href":"https:\/\/miraserra.org.br\/index.php\/wp-json\/wp\/v2\/comments?post=55"}],"version-history":[{"count":6,"href":"https:\/\/miraserra.org.br\/index.php\/wp-json\/wp\/v2\/posts\/55\/revisions"}],"predecessor-version":[{"id":669,"href":"https:\/\/miraserra.org.br\/index.php\/wp-json\/wp\/v2\/posts\/55\/revisions\/669"}],"wp:featuredmedia":[{"embeddable":true,"href":"https:\/\/miraserra.org.br\/index.php\/wp-json\/wp\/v2\/media\/547"}],"wp:attachment":[{"href":"https:\/\/miraserra.org.br\/index.php\/wp-json\/wp\/v2\/media?parent=55"}],"wp:term":[{"taxonomy":"category","embeddable":true,"href":"https:\/\/miraserra.org.br\/index.php\/wp-json\/wp\/v2\/categories?post=55"},{"taxonomy":"post_tag","embeddable":true,"href":"https:\/\/miraserra.org.br\/index.php\/wp-json\/wp\/v2\/tags?post=55"}],"curies":[{"name":"wp","href":"https:\/\/api.w.org\/{rel}","templated":true}]}}