{"id":65,"date":"2019-05-19T06:18:44","date_gmt":"2019-05-19T09:18:44","guid":{"rendered":"http:\/\/demo.themefreesia.com\/magbook\/?p=65"},"modified":"2019-08-25T22:59:11","modified_gmt":"2019-08-26T01:59:11","slug":"world-spend-more-on-health-care-but-have-shorter-life","status":"publish","type":"post","link":"https:\/\/miraserra.org.br\/index.php\/2019\/05\/19\/world-spend-more-on-health-care-but-have-shorter-life\/","title":{"rendered":"ACONTECEU NA SERRA"},"content":{"rendered":"<p>Associados do Instituto MIRA-SERRA, residentes na regi\u00e3o serrana, estiveram presentes em importantes eventos de gest\u00e3o s\u00f3cioambiental: 1.Reuni\u00e3o, em Cambar\u00e1 do Sul, de GT do Conselho dos Parques<br>Nacionais Aparados da Serra e Serra Geral. A titular pela MIRASERRA, N\u00edvia Franzen, levou 2 of\u00edcios da coordena\u00e7\u00e3o da ONG contra procedimentos foram adotados 2. Audi\u00eancia p\u00fablica sobre altera\u00e7\u00e3o no plano diretor de S\u00e3o Francisco de Paula, sobre o qual nos posicionamos contr\u00e1rios por quest\u00f5es ambientais e de mobilidade.&nbsp;<\/p>\n\n\n<ul class=\"wp-block-gallery columns-3 is-cropped wp-block-gallery-1 is-layout-flex wp-block-gallery-is-layout-flex\"><li class=\"blocks-gallery-item\"><figure><img loading=\"lazy\" decoding=\"async\" width=\"300\" height=\"225\" src=\"http:\/\/miraserra.org.br\/wp-content\/uploads\/2019\/07\/57504450_2656984614315677_8549986907906375680_n-300x225.jpg\" alt=\"\" data-id=\"541\" data-link=\"http:\/\/miraserra.org.br\/index.php\/2019\/05\/19\/world-spend-more-on-health-care-but-have-shorter-life\/57504450_2656984614315677_8549986907906375680_n-300x225\/\" class=\"wp-image-541\"\/><\/figure><\/li><li class=\"blocks-gallery-item\"><figure><img loading=\"lazy\" decoding=\"async\" width=\"300\" height=\"169\" src=\"http:\/\/miraserra.org.br\/wp-content\/uploads\/2019\/07\/58737371_2656984557649016_2016153744340680704_n-300x169.jpg\" alt=\"\" data-id=\"542\" data-link=\"http:\/\/miraserra.org.br\/index.php\/2019\/05\/19\/world-spend-more-on-health-care-but-have-shorter-life\/58737371_2656984557649016_2016153744340680704_n-300x169\/\" class=\"wp-image-542\"\/><\/figure><\/li><li class=\"blocks-gallery-item\"><figure><img loading=\"lazy\" decoding=\"async\" width=\"720\" height=\"445\" src=\"http:\/\/miraserra.org.br\/wp-content\/uploads\/2019\/07\/59106109_2656984504315688_8057063144956100608_n-720x445.jpg\" alt=\"\" data-id=\"543\" data-link=\"http:\/\/miraserra.org.br\/index.php\/2019\/05\/19\/world-spend-more-on-health-care-but-have-shorter-life\/59106109_2656984504315688_8057063144956100608_n-720x445\/\" class=\"wp-image-543\" srcset=\"https:\/\/miraserra.org.br\/wp-content\/uploads\/2019\/07\/59106109_2656984504315688_8057063144956100608_n-720x445.jpg 720w, https:\/\/miraserra.org.br\/wp-content\/uploads\/2019\/07\/59106109_2656984504315688_8057063144956100608_n-720x445-300x185.jpg 300w\" sizes=\"auto, (max-width: 720px) 100vw, 720px\" \/><\/figure><\/li><li class=\"blocks-gallery-item\"><figure><img loading=\"lazy\" decoding=\"async\" width=\"300\" height=\"225\" src=\"http:\/\/miraserra.org.br\/wp-content\/uploads\/2019\/07\/59334824_2656984540982351_5499005358175158272_n-300x225.jpg\" alt=\"\" data-id=\"544\" data-link=\"http:\/\/miraserra.org.br\/index.php\/2019\/05\/19\/world-spend-more-on-health-care-but-have-shorter-life\/59334824_2656984540982351_5499005358175158272_n-300x225\/\" class=\"wp-image-544\"\/><\/figure><\/li><\/ul>\n","protected":false},"excerpt":{"rendered":"<p>Associados do Instituto MIRA-SERRA, residentes na regi\u00e3o serrana, estiveram presentes em importantes eventos de gest\u00e3o s\u00f3cioambiental: 1.Reuni\u00e3o, em Cambar\u00e1 do<\/p>\n","protected":false},"author":1,"featured_media":543,"comment_status":"closed","ping_status":"closed","sticky":false,"template":"","format":"standard","meta":{"colormag_page_container_layout":"default_layout","colormag_page_sidebar_layout":"default_layout","_themeisle_gutenberg_block_has_review":false,"footnotes":""},"categories":[35],"tags":[],"class_list":["post-65","post","type-post","status-publish","format-standard","has-post-thumbnail","hentry","category-parnas"],"_links":{"self":[{"href":"https:\/\/miraserra.org.br\/index.php\/wp-json\/wp\/v2\/posts\/65","targetHints":{"allow":["GET"]}}],"collection":[{"href":"https:\/\/miraserra.org.br\/index.php\/wp-json\/wp\/v2\/posts"}],"about":[{"href":"https:\/\/miraserra.org.br\/index.php\/wp-json\/wp\/v2\/types\/post"}],"author":[{"embeddable":true,"href":"https:\/\/miraserra.org.br\/index.php\/wp-json\/wp\/v2\/users\/1"}],"replies":[{"embeddable":true,"href":"https:\/\/miraserra.org.br\/index.php\/wp-json\/wp\/v2\/comments?post=65"}],"version-history":[{"count":3,"href":"https:\/\/miraserra.org.br\/index.php\/wp-json\/wp\/v2\/posts\/65\/revisions"}],"predecessor-version":[{"id":677,"href":"https:\/\/miraserra.org.br\/index.php\/wp-json\/wp\/v2\/posts\/65\/revisions\/677"}],"wp:featuredmedia":[{"embeddable":true,"href":"https:\/\/miraserra.org.br\/index.php\/wp-json\/wp\/v2\/media\/543"}],"wp:attachment":[{"href":"https:\/\/miraserra.org.br\/index.php\/wp-json\/wp\/v2\/media?parent=65"}],"wp:term":[{"taxonomy":"category","embeddable":true,"href":"https:\/\/miraserra.org.br\/index.php\/wp-json\/wp\/v2\/categories?post=65"},{"taxonomy":"post_tag","embeddable":true,"href":"https:\/\/miraserra.org.br\/index.php\/wp-json\/wp\/v2\/tags?post=65"}],"curies":[{"name":"wp","href":"https:\/\/api.w.org\/{rel}","templated":true}]}}