{"id":69,"date":"2019-05-27T06:21:01","date_gmt":"2019-05-27T09:21:01","guid":{"rendered":"http:\/\/demo.themefreesia.com\/magbook\/?p=69"},"modified":"2019-07-13T15:15:03","modified_gmt":"2019-07-13T18:15:03","slug":"government-is-giving-foreign-deals-a-closer-look","status":"publish","type":"post","link":"https:\/\/miraserra.org.br\/index.php\/2019\/05\/27\/government-is-giving-foreign-deals-a-closer-look\/","title":{"rendered":"DIA NACIONAL DA MATA ATL\u00c2NTICA COM PMMA EM GUA\u00cdBA"},"content":{"rendered":"<p>A MIRA-SERRA, em parceria com a Secretaria da Agricultura e Meio Ambiente e C\u00e2mara de Vereadores, de Gua\u00edba, realizou a \u201cEscuta<br>Popular da Qualidade Ambiental \/ Valida\u00e7\u00e3o do Diagn\u00f3stico do Plano de Municipal de Mata Atl\u00e2ntica (PMMA)\u201d. O evento, junto \u00e0 exposi\u00e7\u00e3o fotogr\u00e1fica paradid\u00e1tica \u201cAvifauna na Costa Doce\u201d, marcou o Dia Nacional da Mata Atl\u00e2ntica no munic\u00edpio A palestra e atividades pr\u00e1ticas , nesta data, foram direcionadas \u00e0<br>vereadores e membros do judici\u00e1rio. Na pr\u00f3xima semana, outros segmentos da comunidade est\u00e3o<br>convidados: executivo municipal\/universidades (3\/6); comunidade em geral\/Conselho Municipal do Meio Ambiente (5\/6).&nbsp;<\/p>\n\n\n<ul class=\"wp-block-gallery columns-3 is-cropped wp-block-gallery-1 is-layout-flex wp-block-gallery-is-layout-flex\"><li class=\"blocks-gallery-item\"><figure><img loading=\"lazy\" decoding=\"async\" width=\"768\" height=\"373\" src=\"http:\/\/miraserra.org.br\/wp-content\/uploads\/2019\/07\/60935955_2699769753370496_6725738319600156672_o-768x373.jpg\" alt=\"\" data-id=\"526\" data-link=\"http:\/\/miraserra.org.br\/index.php\/2018\/03\/16\/government-is-giving-foreign-deals-a-closer-look\/60935955_2699769753370496_6725738319600156672_o-768x373\/\" class=\"wp-image-526\" srcset=\"https:\/\/miraserra.org.br\/wp-content\/uploads\/2019\/07\/60935955_2699769753370496_6725738319600156672_o-768x373.jpg 768w, https:\/\/miraserra.org.br\/wp-content\/uploads\/2019\/07\/60935955_2699769753370496_6725738319600156672_o-768x373-300x146.jpg 300w\" sizes=\"auto, (max-width: 768px) 100vw, 768px\" \/><\/figure><\/li><li class=\"blocks-gallery-item\"><figure><img loading=\"lazy\" decoding=\"async\" width=\"768\" height=\"373\" src=\"http:\/\/miraserra.org.br\/wp-content\/uploads\/2019\/07\/61023713_2705190496161755_3228250028451561472_o-768x373.jpg\" alt=\"\" data-id=\"527\" data-link=\"http:\/\/miraserra.org.br\/index.php\/2018\/03\/16\/government-is-giving-foreign-deals-a-closer-look\/61023713_2705190496161755_3228250028451561472_o-768x373\/\" class=\"wp-image-527\" srcset=\"https:\/\/miraserra.org.br\/wp-content\/uploads\/2019\/07\/61023713_2705190496161755_3228250028451561472_o-768x373.jpg 768w, https:\/\/miraserra.org.br\/wp-content\/uploads\/2019\/07\/61023713_2705190496161755_3228250028451561472_o-768x373-300x146.jpg 300w\" sizes=\"auto, (max-width: 768px) 100vw, 768px\" \/><\/figure><\/li><li class=\"blocks-gallery-item\"><figure><img loading=\"lazy\" decoding=\"async\" width=\"205\" height=\"300\" src=\"http:\/\/miraserra.org.br\/wp-content\/uploads\/2019\/07\/61068812_2704249149589223_6166421706647797760_n-205x300.jpg\" alt=\"\" data-id=\"528\" data-link=\"http:\/\/miraserra.org.br\/index.php\/2018\/03\/16\/government-is-giving-foreign-deals-a-closer-look\/61068812_2704249149589223_6166421706647797760_n-205x300\/\" class=\"wp-image-528\"\/><\/figure><\/li><li class=\"blocks-gallery-item\"><figure><img loading=\"lazy\" decoding=\"async\" width=\"800\" height=\"445\" src=\"http:\/\/miraserra.org.br\/wp-content\/uploads\/2019\/07\/61195174_2705191052828366_7038255825277681664_o-800x445.jpg\" alt=\"\" data-id=\"529\" data-link=\"http:\/\/miraserra.org.br\/index.php\/2018\/03\/16\/government-is-giving-foreign-deals-a-closer-look\/61195174_2705191052828366_7038255825277681664_o-800x445-2\/\" class=\"wp-image-529\" srcset=\"https:\/\/miraserra.org.br\/wp-content\/uploads\/2019\/07\/61195174_2705191052828366_7038255825277681664_o-800x445.jpg 800w, https:\/\/miraserra.org.br\/wp-content\/uploads\/2019\/07\/61195174_2705191052828366_7038255825277681664_o-800x445-300x167.jpg 300w, https:\/\/miraserra.org.br\/wp-content\/uploads\/2019\/07\/61195174_2705191052828366_7038255825277681664_o-800x445-768x427.jpg 768w\" sizes=\"auto, (max-width: 800px) 100vw, 800px\" \/><\/figure><\/li><li class=\"blocks-gallery-item\"><figure><img loading=\"lazy\" decoding=\"async\" width=\"300\" height=\"146\" src=\"http:\/\/miraserra.org.br\/wp-content\/uploads\/2019\/07\/61340781_2705190322828439_5541912077167230976_o-300x146.jpg\" alt=\"\" data-id=\"530\" data-link=\"http:\/\/miraserra.org.br\/index.php\/2018\/03\/16\/government-is-giving-foreign-deals-a-closer-look\/61340781_2705190322828439_5541912077167230976_o-300x146\/\" class=\"wp-image-530\"\/><\/figure><\/li><li class=\"blocks-gallery-item\"><figure><img loading=\"lazy\" decoding=\"async\" width=\"146\" height=\"300\" src=\"http:\/\/miraserra.org.br\/wp-content\/uploads\/2019\/07\/61420100_2705190826161722_2956575054713847808_n-146x300.jpg\" alt=\"\" data-id=\"531\" data-link=\"http:\/\/miraserra.org.br\/index.php\/2018\/03\/16\/government-is-giving-foreign-deals-a-closer-look\/61420100_2705190826161722_2956575054713847808_n-146x300\/\" class=\"wp-image-531\"\/><\/figure><\/li><\/ul>\n","protected":false},"excerpt":{"rendered":"<p>A MIRA-SERRA, em parceria com a Secretaria da Agricultura e Meio Ambiente e C\u00e2mara de Vereadores, de Gua\u00edba, realizou a<\/p>\n","protected":false},"author":1,"featured_media":525,"comment_status":"closed","ping_status":"closed","sticky":false,"template":"","format":"standard","meta":{"colormag_page_container_layout":"default_layout","colormag_page_sidebar_layout":"default_layout","_themeisle_gutenberg_block_has_review":false,"footnotes":""},"categories":[26],"tags":[],"class_list":["post-69","post","type-post","status-publish","format-standard","has-post-thumbnail","hentry","category-eventos"],"_links":{"self":[{"href":"https:\/\/miraserra.org.br\/index.php\/wp-json\/wp\/v2\/posts\/69","targetHints":{"allow":["GET"]}}],"collection":[{"href":"https:\/\/miraserra.org.br\/index.php\/wp-json\/wp\/v2\/posts"}],"about":[{"href":"https:\/\/miraserra.org.br\/index.php\/wp-json\/wp\/v2\/types\/post"}],"author":[{"embeddable":true,"href":"https:\/\/miraserra.org.br\/index.php\/wp-json\/wp\/v2\/users\/1"}],"replies":[{"embeddable":true,"href":"https:\/\/miraserra.org.br\/index.php\/wp-json\/wp\/v2\/comments?post=69"}],"version-history":[{"count":3,"href":"https:\/\/miraserra.org.br\/index.php\/wp-json\/wp\/v2\/posts\/69\/revisions"}],"predecessor-version":[{"id":676,"href":"https:\/\/miraserra.org.br\/index.php\/wp-json\/wp\/v2\/posts\/69\/revisions\/676"}],"wp:featuredmedia":[{"embeddable":true,"href":"https:\/\/miraserra.org.br\/index.php\/wp-json\/wp\/v2\/media\/525"}],"wp:attachment":[{"href":"https:\/\/miraserra.org.br\/index.php\/wp-json\/wp\/v2\/media?parent=69"}],"wp:term":[{"taxonomy":"category","embeddable":true,"href":"https:\/\/miraserra.org.br\/index.php\/wp-json\/wp\/v2\/categories?post=69"},{"taxonomy":"post_tag","embeddable":true,"href":"https:\/\/miraserra.org.br\/index.php\/wp-json\/wp\/v2\/tags?post=69"}],"curies":[{"name":"wp","href":"https:\/\/api.w.org\/{rel}","templated":true}]}}