{"id":751,"date":"2015-03-24T07:52:02","date_gmt":"2015-03-24T07:52:02","guid":{"rendered":"http:\/\/demo.themegrill.com\/colormag\/?p=117"},"modified":"2021-05-13T20:33:38","modified_gmt":"2021-05-13T23:33:38","slug":"music-is-passion","status":"publish","type":"post","link":"https:\/\/miraserra.org.br\/index.php\/2015\/03\/24\/music-is-passion\/","title":{"rendered":"RPPN MIRA-SERRA"},"content":{"rendered":"\n<p class=\"has-drop-cap has-text-align-center has-light-green-cyan-background-color has-background\"><strong>RESERVA PARTICULAR DO PATRIM\u00d4NIO NATURAL MIRA -SERRA INTEGRA O POSTO AVAN\u00c7ADO DA RESERVA DA BIOSFERA DA MATA ATL\u00c2NTICA<\/strong> <strong>E ZONA N\u00daCLEO DA RESERVA DA BIOSFERA DA MATA ATL\u00c2NTICA (Mab-UNESCO)<\/strong><\/p>\n\n\n\n<p class=\"has-text-align-center\"><strong>A coordenadora-presidente da ONG MIRA-SERRA assume como Diretora de Rela\u00e7\u00f5es Institucionais da&nbsp;<a rel=\"noreferrer noopener\" href=\"http:\/\/www.rppnweb.com\/site_rppn\/index.php\/confederacao-e-associacoes\/87-conteudo-do-site\/206-presidentes-da-cnrppn\" target=\"_blank\">CONFEDERA\u00c7\u00c3O NACIONAL DE RPPNs<\/a>, para o bi\u00eanio 2015-2016.<\/strong><\/p>\n\n\n\n<p class=\"has-text-align-center has-pale-cyan-blue-background-color has-background\">LEIA O\u00a0PLANO DE MANEJO\u00a0DA RPPN MIRA-SERRA <br>(aten\u00e7\u00e3o: arquivo de 15,851 KB)<\/p>\n\n\n\n<figure class=\"wp-block-image is-resized\"><a href=\"http:\/\/www.miraserra.org.br\/site\/rppn.html\" target=\"_blank\" rel=\"noreferrer noopener\"><img loading=\"lazy\" decoding=\"async\" src=\"http:\/\/www.miraserra.org.br\/site\/img\/rppngoogle.jpg\" alt=\"\" width=\"579\" height=\"393\"\/><\/a><\/figure>\n\n\n\n<p><br>Localizada no Cerro Jo\u00e3o Ferreiro -Vale do rio Padilha, no munic\u00edpio de S\u00e3o Francisco de Paula (RS-BR), a RPPN MIRA-SERRA foi reconhecida pela Portaria MMA\/Ibama n\u00ba 124\/97N.<br><br>Bioma: MATA ATL\u00c2NTICA, com elementos caracter\u00edsticos da Floresta Ombr\u00f3fila Densa, Floresta Ombr\u00f3fila Mista e Floresta Estacional Semidecidual.<\/p>\n\n\n\n<p class=\"has-text-align-center\"><strong>O trabalho desenvolvido pela RPPN MIRA-SERRA e pelo Instituto MIRA-SERRA recebeu o t\u00edtulo de Posto Avan\u00e7ado da Reserva da Biosfera da Mata Atl\u00e2ntica, conferido pelo programa &#8220;Man and Biosphere&#8221; (MaB) da UNESCO. <\/strong><\/p>\n\n\n\n<p class=\"has-light-green-cyan-background-color has-background\"><strong>PLANO DE USO NA RPPN MIRA-SERRA<\/strong><br>1.Preserva\u00e7\u00e3o<br>2. Pesquisa Cient\u00edfica<br>3.Turismo Acad\u00eamico\/Cient\u00edfico.<\/p>\n\n\n\n<p class=\"has-text-align-center has-light-green-cyan-background-color has-background\"><a rel=\"noreferrer noopener\" href=\"http:\/\/www.miraserra.org.br\/site\/plano_manejo_dou.htm\" target=\"_blank\">PLANO DE MANEJO DA RPPN MIRA-SERRA \u00c9 APROVADO <\/a><br><a rel=\"noreferrer noopener\" href=\"http:\/\/www.miraserra.org.br\/site\/plano_manejo_dou.htm\" target=\"_blank\">PELO ICMBio (leia+)<\/a><\/p>\n\n\n\n<p class=\"has-text-align-center\"><strong>PLANO DE USO DE \u00c1REA ANEXA<\/strong><br>\u00c1rea registrada no IBAMA por Ato Declarat\u00f3rio Ambiental \/ ADA<br>-Ced\u00eancia para as etnias ind\u00edgenas para a manuten\u00e7\u00e3o dos rituais religiosos.<br>-Integra\u00e7\u00e3o com universidades para estudos relacionados \u00e0 cultura ind\u00edgena.<\/p>\n\n\n\n<p>Saiba mais sobre&nbsp;<a href=\"http:\/\/www.reservasnaturais.org.br\/site\/\" target=\"_blank\" rel=\"noreferrer noopener\">RPPN<\/a><\/p>\n\n\n\n<p class=\"has-pale-cyan-blue-background-color has-background\"><strong>A ASSOCIA\u00c7\u00c3O CHARRUA DE RPPNs DO RIO GRANDE DO SUL<\/strong><br>-Formada por iniciativa de alguns propriet\u00e1rios de RPPNs do Rio Grande do Sul, a Associa\u00e7\u00e3o Charrua de RPPNs foi fundada em 2006.<br>Como nova entidade, a primeira gest\u00e3o est\u00e1 se aplicando em consolidar este colegiado al\u00e9m de implantar dispositivos legais j\u00e1 utilizados em outros estados, que beneficiem a prote\u00e7\u00e3o das RPPNs.<\/p>\n\n\n\n<figure class=\"wp-block-table\"><table><tbody><tr><td><a href=\"http:\/\/www.miraserra.org.br\/site\/img\/rppn\/rppn.html\"><\/a><\/td><td><a href=\"http:\/\/www.miraserra.org.br\/site\/img\/rppn\/rppn.html\"><\/a><\/td><td><a href=\"http:\/\/www.miraserra.org.br\/site\/img\/rppn\/rppn.html\"><\/a><\/td><td><a href=\"http:\/\/www.miraserra.org.br\/site\/img\/rppn\/rppn.html\"><\/a><\/td><td>&nbsp;<\/td><\/tr><tr><td>Clique para ver maior<\/td><\/tr><\/tbody><\/table><\/figure>\n","protected":false},"excerpt":{"rendered":"<p>RESERVA PARTICULAR DO PATRIM\u00d4NIO NATURAL MIRA -SERRA INTEGRA O POSTO AVAN\u00c7ADO DA RESERVA DA BIOSFERA DA MATA ATL\u00c2NTICA E ZONA<\/p>\n","protected":false},"author":1,"featured_media":763,"comment_status":"open","ping_status":"open","sticky":false,"template":"","format":"standard","meta":{"colormag_page_container_layout":"default_layout","colormag_page_sidebar_layout":"default_layout","_themeisle_gutenberg_block_has_review":false,"footnotes":""},"categories":[264],"tags":[],"class_list":["post-751","post","type-post","status-publish","format-standard","has-post-thumbnail","hentry","category-mira-serra-e-parceiros"],"_links":{"self":[{"href":"https:\/\/miraserra.org.br\/index.php\/wp-json\/wp\/v2\/posts\/751","targetHints":{"allow":["GET"]}}],"collection":[{"href":"https:\/\/miraserra.org.br\/index.php\/wp-json\/wp\/v2\/posts"}],"about":[{"href":"https:\/\/miraserra.org.br\/index.php\/wp-json\/wp\/v2\/types\/post"}],"author":[{"embeddable":true,"href":"https:\/\/miraserra.org.br\/index.php\/wp-json\/wp\/v2\/users\/1"}],"replies":[{"embeddable":true,"href":"https:\/\/miraserra.org.br\/index.php\/wp-json\/wp\/v2\/comments?post=751"}],"version-history":[{"count":10,"href":"https:\/\/miraserra.org.br\/index.php\/wp-json\/wp\/v2\/posts\/751\/revisions"}],"predecessor-version":[{"id":3264,"href":"https:\/\/miraserra.org.br\/index.php\/wp-json\/wp\/v2\/posts\/751\/revisions\/3264"}],"wp:featuredmedia":[{"embeddable":true,"href":"https:\/\/miraserra.org.br\/index.php\/wp-json\/wp\/v2\/media\/763"}],"wp:attachment":[{"href":"https:\/\/miraserra.org.br\/index.php\/wp-json\/wp\/v2\/media?parent=751"}],"wp:term":[{"taxonomy":"category","embeddable":true,"href":"https:\/\/miraserra.org.br\/index.php\/wp-json\/wp\/v2\/categories?post=751"},{"taxonomy":"post_tag","embeddable":true,"href":"https:\/\/miraserra.org.br\/index.php\/wp-json\/wp\/v2\/tags?post=751"}],"curies":[{"name":"wp","href":"https:\/\/api.w.org\/{rel}","templated":true}]}}